{"id":42248,"date":"2026-08-01T17:55:17","date_gmt":"2026-08-01T15:55:17","guid":{"rendered":"https:\/\/www.forum-soegel.de\/information\/?p=42248"},"modified":"2026-09-03T17:56:33","modified_gmt":"2026-09-03T15:56:33","slug":"kreuzbundgruppe-soegel","status":"publish","type":"post","link":"https:\/\/www.forum-soegel.de\/information\/2026\/08\/kreuzbundgruppe-soegel\/","title":{"rendered":"Kreuzbundgruppe S\u00f6gel"},"content":{"rendered":"\n<p class=\"wp-block-paragraph\"><strong>Uwe Rabs-Arndt wieder gew\u00e4hlt, 2 neue Gruppenvorstandsmitglieder<\/strong><\/p>\n\n\n\n<p class=\"wp-block-paragraph\">S\u00f6gel &#8211; F\u00fcr weitere 3 Jahre f\u00fchrt Uwe Rabs-Arndt als Gruppenleiter die Kreuzbundgruppe S\u00f6gel. W\u00e4hrend einer Gruppenstunde best\u00e4tigten ihn die Mitglieder der Gruppe in seinem Amt. Als Stellvertretender Gruppenleiter wurde Gerd Wobben ebenfalls von den Mitgliedern wiedergew\u00e4hlt. Neu im Amt sind mit Alwin-Maximilian Rabs als Kassenwart und Dietmar Remme als Schriftf\u00fchrer gew\u00e4hlt worden. Die Wahl fand am 26.05.2026 in S\u00f6gel statt. Des Weiteren wurde Uwe Rabs-Arndt auf der Mitgliederversammlung des Kreuzbund Di\u00f6zesanverbandes Osnabr\u00fcck am 18.04.2026 zum stellvertretenden Di\u00f6zesanvorsitzenden des KB DV Osnabr\u00fcck gew\u00e4hlt. Somit ist wieder ein Kreuzbundmitglied aus S\u00f6gel bzw. der KB AG Emsland Nord im Di\u00f6zesanvorstand vertreten.<\/p>\n\n\n\n<p class=\"wp-block-paragraph\">Text: Uwe Rabs-Arndt<\/p>\n\n\n\n<p class=\"wp-block-paragraph\">Foto: Ingrid Eilers<\/p>\n\n\n\n<figure data-wp-context=\"{&quot;imageId&quot;:&quot;6a9a3a9979822&quot;}\" data-wp-interactive=\"core\/image\" data-wp-key=\"6a9a3a9979822\" class=\"wp-block-image size-large wp-lightbox-container\"><img loading=\"lazy\" decoding=\"async\" width=\"1024\" height=\"768\" data-wp-class--hide=\"state.isContentHidden\" data-wp-class--show=\"state.isContentVisible\" data-wp-init=\"callbacks.setButtonStyles\" data-wp-on--click=\"actions.showLightbox\" data-wp-on--load=\"callbacks.setButtonStyles\" data-wp-on--pointerdown=\"actions.preloadImage\" data-wp-on--pointerenter=\"actions.preloadImageWithDelay\" data-wp-on--pointerleave=\"actions.cancelPreload\" data-wp-on-window--resize=\"callbacks.setButtonStyles\" src=\"https:\/\/www.forum-soegel.de\/information\/wp-content\/uploads\/2026\/09\/Kreuzbundgruppe-So\u2560egel-1024x768.jpg\" alt=\"\" class=\"wp-image-42249\" srcset=\"https:\/\/www.forum-soegel.de\/information\/wp-content\/uploads\/2026\/09\/Kreuzbundgruppe-So\u2560egel-1024x768.jpg 1024w, https:\/\/www.forum-soegel.de\/information\/wp-content\/uploads\/2026\/09\/Kreuzbundgruppe-So\u2560egel-300x225.jpg 300w, https:\/\/www.forum-soegel.de\/information\/wp-content\/uploads\/2026\/09\/Kreuzbundgruppe-So\u2560egel-768x576.jpg 768w, https:\/\/www.forum-soegel.de\/information\/wp-content\/uploads\/2026\/09\/Kreuzbundgruppe-So\u2560egel.jpg 1269w\" sizes=\"auto, (max-width: 1024px) 100vw, 1024px\" \/><button\n\t\t\tclass=\"lightbox-trigger\"\n\t\t\ttype=\"button\"\n\t\t\taria-haspopup=\"dialog\"\n\t\t\tdata-wp-bind--aria-label=\"state.thisImage.triggerButtonAriaLabel\"\n\t\t\tdata-wp-init=\"callbacks.initTriggerButton\"\n\t\t\tdata-wp-on--click=\"actions.showLightbox\"\n\t\t\tdata-wp-style--right=\"state.thisImage.buttonRight\"\n\t\t\tdata-wp-style--top=\"state.thisImage.buttonTop\"\n\t\t>\n\t\t\t<svg xmlns=\"http:\/\/www.w3.org\/2000\/svg\" width=\"12\" height=\"12\" fill=\"none\" viewBox=\"0 0 12 12\">\n\t\t\t\t<path fill=\"#fff\" d=\"M2 0a2 2 0 0 0-2 2v2h1.5V2a.5.5 0 0 1 .5-.5h2V0H2Zm2 10.5H2a.5.5 0 0 1-.5-.5V8H0v2a2 2 0 0 0 2 2h2v-1.5ZM8 12v-1.5h2a.5.5 0 0 0 .5-.5V8H12v2a2 2 0 0 1-2 2H8Zm2-12a2 2 0 0 1 2 2v2h-1.5V2a.5.5 0 0 0-.5-.5H8V0h2Z\" \/>\n\t\t\t<\/svg>\n\t\t<\/button><\/figure>\n\n\n\n<p class=\"wp-block-paragraph\">v.l.: Gerd Wobben, Uwe Rabs-Arndt,<\/p>\n\n\n\n<p class=\"wp-block-paragraph\">Alwin-Maximilian Rabs, Dietmar Remme<\/p>\n","protected":false},"excerpt":{"rendered":"Uwe Rabs-Arndt wieder gew\u00e4hlt, 2 neue Gruppenvorstandsmitglieder S\u00f6gel &#8211; F\u00fcr weitere 3 Jahre f\u00fchrt Uwe Rabs-Arndt als Gruppenleiter die Kreuzbundgruppe S\u00f6gel. W\u00e4hrend einer Gruppenstunde best\u00e4tigten ihn die Mitglieder der Gruppe in seinem Amt. Als Stellvertretender Gruppenleiter wurde Gerd Wobben ebenfalls von den Mitgliedern wiedergew\u00e4hlt. Neu im Amt sind mit Alwin-Maximilian Rabs als Kassenwart und Dietmar [&hellip;]\n","protected":false},"author":2,"featured_media":0,"comment_status":"closed","ping_status":"closed","sticky":false,"template":"","format":"standard","meta":{"ngg_post_thumbnail":0,"footnotes":""},"categories":[5],"tags":[],"class_list":["post-42248","post","type-post","status-publish","format-standard","hentry","category-was-machen-die-vereine"],"_links":{"self":[{"href":"https:\/\/www.forum-soegel.de\/information\/wp-json\/wp\/v2\/posts\/42248","targetHints":{"allow":["GET"]}}],"collection":[{"href":"https:\/\/www.forum-soegel.de\/information\/wp-json\/wp\/v2\/posts"}],"about":[{"href":"https:\/\/www.forum-soegel.de\/information\/wp-json\/wp\/v2\/types\/post"}],"author":[{"embeddable":true,"href":"https:\/\/www.forum-soegel.de\/information\/wp-json\/wp\/v2\/users\/2"}],"replies":[{"embeddable":true,"href":"https:\/\/www.forum-soegel.de\/information\/wp-json\/wp\/v2\/comments?post=42248"}],"version-history":[{"count":1,"href":"https:\/\/www.forum-soegel.de\/information\/wp-json\/wp\/v2\/posts\/42248\/revisions"}],"predecessor-version":[{"id":42250,"href":"https:\/\/www.forum-soegel.de\/information\/wp-json\/wp\/v2\/posts\/42248\/revisions\/42250"}],"wp:attachment":[{"href":"https:\/\/www.forum-soegel.de\/information\/wp-json\/wp\/v2\/media?parent=42248"}],"wp:term":[{"taxonomy":"category","embeddable":true,"href":"https:\/\/www.forum-soegel.de\/information\/wp-json\/wp\/v2\/categories?post=42248"},{"taxonomy":"post_tag","embeddable":true,"href":"https:\/\/www.forum-soegel.de\/information\/wp-json\/wp\/v2\/tags?post=42248"}],"curies":[{"name":"wp","href":"https:\/\/api.w.org\/{rel}","templated":true}]}}