{"id":42244,"date":"2026-08-01T17:52:25","date_gmt":"2026-08-01T15:52:25","guid":{"rendered":"https:\/\/www.forum-soegel.de\/information\/?p=42244"},"modified":"2026-09-03T17:55:08","modified_gmt":"2026-09-03T15:55:08","slug":"neuer-begegnungsbereich-der-palliativstation-ist-eine-bereicherung","status":"publish","type":"post","link":"https:\/\/www.forum-soegel.de\/information\/2026\/08\/neuer-begegnungsbereich-der-palliativstation-ist-eine-bereicherung\/","title":{"rendered":"Neuer Begegnungsbereich der Palliativstation ist eine Bereicherung"},"content":{"rendered":"\n<p class=\"wp-block-paragraph\"><strong>Mitgliederversammlung des S\u00f6geler Hospizvereins<\/strong><\/p>\n\n\n\n<p class=\"wp-block-paragraph\">S\u00f6gel &#8211; Der Hospizverein S\u00f6gel hat gemeinsam mit dem H\u00fcmmling Hospital einen weiteren Meilenstein in der Begleitung schwerkranker Menschen erreicht. Im Anschluss an die Mitgliederversammlung wurde der neue Begegnungsbereich mit Gartenpavillon auf der Palliativstation offiziell eingeweiht. Vorsitzender Michael Strodt betonte in seinem Jahresbericht, dass Hospizarbeit weit \u00fcber die Begleitung sterbender Menschen hinausgehe. Sie sorge durch menschliche N\u00e4he, Gespr\u00e4che und verl\u00e4ssliche Begleitung f\u00fcr neue Perspektiven in schwierigen Lebenssituationen.<\/p>\n\n\n\n<p class=\"wp-block-paragraph\">Herzst\u00fcck des vergangenen Jahres war die Erweiterung des Palliativgartens. Aus einer \u00fcberdachten Terrasse entstand ein heller, beheizbarer Begegnungsraum mit kleiner K\u00fcche und gro\u00dfz\u00fcgiger Fensterfront. Im Sommer l\u00e4sst sich der Raum vollst\u00e4ndig \u00f6ffnen und verbindet den Innenbereich mit dem neu errichteten Gartenpavillon. So k\u00f6nnen Patientinnen und Patienten \u2013 bei Bedarf sogar im Pflegebett \u2013 gemeinsam mit ihren Angeh\u00f6rigen Zeit im Garten verbringen.Strodt dankte Kassenwart Heiner Hebler, der die Planungen ma\u00dfgeblich begleitet habe. Gemeinsam mit dem H\u00fcmmling Hospital sei eine wirkungsvolle L\u00f6sung entstanden.<\/p>\n\n\n\n<p class=\"wp-block-paragraph\">Zur positiven Jahresbilanz z\u00e4hlte der Vorsitzende besonders die Hospizabende, Fortbildungen, Benefizveranstaltungen und Vortr\u00e4ge, sowie das Hospizcaf\u00e9 und das Trauercaf\u00e9 und die zahlreichen Informationsveranstaltungen u.a. in Schulen, Kirchengemeinden.Besonders erfreulich sei die Ausbildung von 13 neuen ehrenamtlichen Hospizbegleiterinnen und Hospizbegleitern. Damit engagieren sich inzwischen 55 Ehrenamtliche im Verein. Im vergangenen Jahr wurden 54 Begleitungen \u00fcbernommen, mit einer durchschnittlichen Begleitungsdauer von fast 78 Tagen.Koordinatorin Steffi Olliges warb daf\u00fcr, die Angebote des Hospizvereins noch bekannter zu machen. Viele Menschen w\u00fcssten nach wie vor nicht, welche Hilfen m\u00f6glich seien.<\/p>\n\n\n\n<p class=\"wp-block-paragraph\">Kassenwart Heiner Hebler berichtete von einem finanziell anspruchsvollen, aber erfolgreichen Gesch\u00e4ftsjahr. Mehr als 60.000 Euro investierte der Verein in den neuen Begegnungsbereich und die Ausbildung weiterer Ehrenamtlicher. Finanziert wurden dies unter anderem durch Leistungen der Krankenkassen, Stiftungsmittel und Spenden. Die Kassenpr\u00fcferinnen bescheinigten eine einwandfreie Kassenf\u00fchrung.<\/p>\n\n\n\n<p class=\"wp-block-paragraph\">Thomas Kock, stellvertretender Gesch\u00e4ftsf\u00fchrer des H\u00fcmmling Hospitals, bezeichnete den neuen Begegnungsbereich als gro\u00dfe Bereicherung. Zugleich verwies er auf die personelle Verst\u00e4rkung der ambulanten Palliativversorgung durch einen zus\u00e4tzlichen Arzt und dankte dem Hospizverein f\u00fcr die vertrauensvolle Zusammenarbeit.<\/p>\n\n\n\n<p class=\"wp-block-paragraph\">Text\/Fotos: Lambert Brand<\/p>\n\n\n\n<figure data-wp-context=\"{&quot;imageId&quot;:&quot;6a9a39c3dba8b&quot;}\" data-wp-interactive=\"core\/image\" data-wp-key=\"6a9a39c3dba8b\" class=\"wp-block-image size-large wp-lightbox-container\"><img loading=\"lazy\" decoding=\"async\" width=\"1024\" height=\"768\" data-wp-class--hide=\"state.isContentHidden\" data-wp-class--show=\"state.isContentVisible\" data-wp-init=\"callbacks.setButtonStyles\" data-wp-on--click=\"actions.showLightbox\" data-wp-on--load=\"callbacks.setButtonStyles\" data-wp-on--pointerdown=\"actions.preloadImage\" data-wp-on--pointerenter=\"actions.preloadImageWithDelay\" data-wp-on--pointerleave=\"actions.cancelPreload\" data-wp-on-window--resize=\"callbacks.setButtonStyles\" src=\"https:\/\/www.forum-soegel.de\/information\/wp-content\/uploads\/2026\/09\/MV-Hospiz-4-1024x768.jpeg\" alt=\"\" class=\"wp-image-42245\" srcset=\"https:\/\/www.forum-soegel.de\/information\/wp-content\/uploads\/2026\/09\/MV-Hospiz-4-1024x768.jpeg 1024w, https:\/\/www.forum-soegel.de\/information\/wp-content\/uploads\/2026\/09\/MV-Hospiz-4-300x225.jpeg 300w, https:\/\/www.forum-soegel.de\/information\/wp-content\/uploads\/2026\/09\/MV-Hospiz-4-768x576.jpeg 768w, https:\/\/www.forum-soegel.de\/information\/wp-content\/uploads\/2026\/09\/MV-Hospiz-4.jpeg 1280w\" sizes=\"auto, (max-width: 1024px) 100vw, 1024px\" \/><button\n\t\t\tclass=\"lightbox-trigger\"\n\t\t\ttype=\"button\"\n\t\t\taria-haspopup=\"dialog\"\n\t\t\tdata-wp-bind--aria-label=\"state.thisImage.triggerButtonAriaLabel\"\n\t\t\tdata-wp-init=\"callbacks.initTriggerButton\"\n\t\t\tdata-wp-on--click=\"actions.showLightbox\"\n\t\t\tdata-wp-style--right=\"state.thisImage.buttonRight\"\n\t\t\tdata-wp-style--top=\"state.thisImage.buttonTop\"\n\t\t>\n\t\t\t<svg xmlns=\"http:\/\/www.w3.org\/2000\/svg\" width=\"12\" height=\"12\" fill=\"none\" viewBox=\"0 0 12 12\">\n\t\t\t\t<path fill=\"#fff\" d=\"M2 0a2 2 0 0 0-2 2v2h1.5V2a.5.5 0 0 1 .5-.5h2V0H2Zm2 10.5H2a.5.5 0 0 1-.5-.5V8H0v2a2 2 0 0 0 2 2h2v-1.5ZM8 12v-1.5h2a.5.5 0 0 0 .5-.5V8H12v2a2 2 0 0 1-2 2H8Zm2-12a2 2 0 0 1 2 2v2h-1.5V2a.5.5 0 0 0-.5-.5H8V0h2Z\" \/>\n\t\t\t<\/svg>\n\t\t<\/button><\/figure>\n\n\n\n<p class=\"wp-block-paragraph\">Der neue Begegnungspavillon<\/p>\n\n\n\n<figure data-wp-context=\"{&quot;imageId&quot;:&quot;6a9a39c3dc44f&quot;}\" data-wp-interactive=\"core\/image\" data-wp-key=\"6a9a39c3dc44f\" class=\"wp-block-image size-large wp-lightbox-container\"><img loading=\"lazy\" decoding=\"async\" width=\"1024\" height=\"708\" data-wp-class--hide=\"state.isContentHidden\" data-wp-class--show=\"state.isContentVisible\" data-wp-init=\"callbacks.setButtonStyles\" data-wp-on--click=\"actions.showLightbox\" data-wp-on--load=\"callbacks.setButtonStyles\" data-wp-on--pointerdown=\"actions.preloadImage\" data-wp-on--pointerenter=\"actions.preloadImageWithDelay\" data-wp-on--pointerleave=\"actions.cancelPreload\" data-wp-on-window--resize=\"callbacks.setButtonStyles\" src=\"https:\/\/www.forum-soegel.de\/information\/wp-content\/uploads\/2026\/09\/MV-Hospiz-2-1024x708.jpeg\" alt=\"\" class=\"wp-image-42246\" srcset=\"https:\/\/www.forum-soegel.de\/information\/wp-content\/uploads\/2026\/09\/MV-Hospiz-2-1024x708.jpeg 1024w, https:\/\/www.forum-soegel.de\/information\/wp-content\/uploads\/2026\/09\/MV-Hospiz-2-300x207.jpeg 300w, https:\/\/www.forum-soegel.de\/information\/wp-content\/uploads\/2026\/09\/MV-Hospiz-2-768x531.jpeg 768w, https:\/\/www.forum-soegel.de\/information\/wp-content\/uploads\/2026\/09\/MV-Hospiz-2.jpeg 1280w\" sizes=\"auto, (max-width: 1024px) 100vw, 1024px\" \/><button\n\t\t\tclass=\"lightbox-trigger\"\n\t\t\ttype=\"button\"\n\t\t\taria-haspopup=\"dialog\"\n\t\t\tdata-wp-bind--aria-label=\"state.thisImage.triggerButtonAriaLabel\"\n\t\t\tdata-wp-init=\"callbacks.initTriggerButton\"\n\t\t\tdata-wp-on--click=\"actions.showLightbox\"\n\t\t\tdata-wp-style--right=\"state.thisImage.buttonRight\"\n\t\t\tdata-wp-style--top=\"state.thisImage.buttonTop\"\n\t\t>\n\t\t\t<svg xmlns=\"http:\/\/www.w3.org\/2000\/svg\" width=\"12\" height=\"12\" fill=\"none\" viewBox=\"0 0 12 12\">\n\t\t\t\t<path fill=\"#fff\" d=\"M2 0a2 2 0 0 0-2 2v2h1.5V2a.5.5 0 0 1 .5-.5h2V0H2Zm2 10.5H2a.5.5 0 0 1-.5-.5V8H0v2a2 2 0 0 0 2 2h2v-1.5ZM8 12v-1.5h2a.5.5 0 0 0 .5-.5V8H12v2a2 2 0 0 1-2 2H8Zm2-12a2 2 0 0 1 2 2v2h-1.5V2a.5.5 0 0 0-.5-.5H8V0h2Z\" \/>\n\t\t\t<\/svg>\n\t\t<\/button><\/figure>\n\n\n\n<p class=\"wp-block-paragraph\">h.v.l.: Michael Strodt, Steffi Olliges, Thomas Kock, Ulrike Chastinet, Ilona Konken, Julian Walters, Maria M\u00fcther, Renate Voss Raes<\/p>\n\n\n\n<p class=\"wp-block-paragraph\">v.l..: Monika Mikosch, Maria Kleimann, Heiner Hebler, Hermann-Josef Bergmann und Emmi Wichmann<\/p>\n","protected":false},"excerpt":{"rendered":"Mitgliederversammlung des S\u00f6geler Hospizvereins S\u00f6gel &#8211; Der Hospizverein S\u00f6gel hat gemeinsam mit dem H\u00fcmmling Hospital einen weiteren Meilenstein in der Begleitung schwerkranker Menschen erreicht. Im Anschluss an die Mitgliederversammlung wurde der neue Begegnungsbereich mit Gartenpavillon auf der Palliativstation offiziell eingeweiht. Vorsitzender Michael Strodt betonte in seinem Jahresbericht, dass Hospizarbeit weit \u00fcber die Begleitung sterbender Menschen [&hellip;]\n","protected":false},"author":2,"featured_media":0,"comment_status":"closed","ping_status":"closed","sticky":false,"template":"","format":"standard","meta":{"ngg_post_thumbnail":0,"footnotes":""},"categories":[5],"tags":[],"class_list":["post-42244","post","type-post","status-publish","format-standard","hentry","category-was-machen-die-vereine"],"_links":{"self":[{"href":"https:\/\/www.forum-soegel.de\/information\/wp-json\/wp\/v2\/posts\/42244","targetHints":{"allow":["GET"]}}],"collection":[{"href":"https:\/\/www.forum-soegel.de\/information\/wp-json\/wp\/v2\/posts"}],"about":[{"href":"https:\/\/www.forum-soegel.de\/information\/wp-json\/wp\/v2\/types\/post"}],"author":[{"embeddable":true,"href":"https:\/\/www.forum-soegel.de\/information\/wp-json\/wp\/v2\/users\/2"}],"replies":[{"embeddable":true,"href":"https:\/\/www.forum-soegel.de\/information\/wp-json\/wp\/v2\/comments?post=42244"}],"version-history":[{"count":1,"href":"https:\/\/www.forum-soegel.de\/information\/wp-json\/wp\/v2\/posts\/42244\/revisions"}],"predecessor-version":[{"id":42247,"href":"https:\/\/www.forum-soegel.de\/information\/wp-json\/wp\/v2\/posts\/42244\/revisions\/42247"}],"wp:attachment":[{"href":"https:\/\/www.forum-soegel.de\/information\/wp-json\/wp\/v2\/media?parent=42244"}],"wp:term":[{"taxonomy":"category","embeddable":true,"href":"https:\/\/www.forum-soegel.de\/information\/wp-json\/wp\/v2\/categories?post=42244"},{"taxonomy":"post_tag","embeddable":true,"href":"https:\/\/www.forum-soegel.de\/information\/wp-json\/wp\/v2\/tags?post=42244"}],"curies":[{"name":"wp","href":"https:\/\/api.w.org\/{rel}","templated":true}]}}