{"id":42241,"date":"2026-08-01T17:50:55","date_gmt":"2026-08-01T15:50:55","guid":{"rendered":"https:\/\/www.forum-soegel.de\/information\/?p=42241"},"modified":"2026-09-03T17:52:00","modified_gmt":"2026-09-03T15:52:00","slug":"frauenkundgebung","status":"publish","type":"post","link":"https:\/\/www.forum-soegel.de\/information\/2026\/08\/frauenkundgebung\/","title":{"rendered":"Frauenkundgebung"},"content":{"rendered":"\n<p class=\"wp-block-paragraph\">Ber\u00dfen &#8211; Ein besonderes Highlight war die diesj\u00e4hrige Frauenkundgebung der Kfd Di\u00f6zesen Verbandes Osnabr\u00fcck auf der Waldb\u00fchne Ahmsen. Bei bestem Wetter sind rund 1.700 Frauen aus dem Emsland, Osnabr\u00fcck, Vechta, Cloppenburg, Oldenburg und sogar dem angrenzenden M\u00fcnsterland angereist. Die Referentinnen Irene Vogt und Petra Schnieber begr\u00fc\u00dften uns mit einem kleinen Vortrag. Nach einer Pause und ein paar kleinen Snacks und Kaltgetr\u00e4nken, die wir auch w\u00e4hrend der Auff\u00fchrung genie\u00dfen durften, begann dann auch die Musicalkom\u00f6die \u201eSchlager l\u00fcgen nicht\u201c. In dem mitrei\u00dfenden St\u00fcck wurden wir auch direkt in die bunte Welt der 70er Jahre katapultiert. Von \u201eFiesta Mexicana\u201c bis \u201eEr geh\u00f6rt zu mir\u201c wurden die Schlager in die Geschichte der Familie Spengler in den 70ern eingebunden. Ein unvergesslicher Sommertag voller Nostalgie. Es wurde geklatscht und lautstark mitgesungen. Der langanhaltende Applaus m\u00fcndete schlie\u00dflich in stehenden Ovationen.<\/p>\n\n\n\n<p class=\"wp-block-paragraph\">Zur n\u00e4chsten Tagesfahrt am 28.08.2026 laden wir bereits jetzt herzlich ein.<\/p>\n\n\n\n<p class=\"wp-block-paragraph\">Text: C. Kannass<\/p>\n\n\n\n<p class=\"wp-block-paragraph\">Fotos: Kfd<\/p>\n\n\n\n<figure data-wp-context=\"{&quot;galleryId&quot;:&quot;6a9a3907d2229&quot;}\" data-wp-interactive=\"core\/gallery\" class=\"wp-block-gallery has-nested-images columns-default is-cropped wp-block-gallery-1 is-layout-flex wp-block-gallery-is-layout-flex\">\n<figure data-wp-context=\"{&quot;imageId&quot;:&quot;6a9a3907d3326&quot;}\" data-wp-interactive=\"core\/image\" data-wp-key=\"6a9a3907d3326\" class=\"wp-block-image size-large wp-lightbox-container\"><img loading=\"lazy\" decoding=\"async\" width=\"1024\" height=\"1024\" data-wp-class--hide=\"state.isContentHidden\" data-wp-class--show=\"state.isContentVisible\" data-wp-init=\"callbacks.setButtonStyles\" data-wp-on--click=\"actions.showLightbox\" data-wp-on--load=\"callbacks.setButtonStyles\" data-wp-on--pointerdown=\"actions.preloadImage\" data-wp-on--pointerenter=\"actions.preloadImageWithDelay\" data-wp-on--pointerleave=\"actions.cancelPreload\" data-wp-on-window--resize=\"callbacks.setButtonStyles\" data-id=\"42242\" src=\"https:\/\/www.forum-soegel.de\/information\/wp-content\/uploads\/2026\/09\/Frauenkundgebung-2-1024x1024.jpg\" alt=\"\" class=\"wp-image-42242\" srcset=\"https:\/\/www.forum-soegel.de\/information\/wp-content\/uploads\/2026\/09\/Frauenkundgebung-2-1024x1024.jpg 1024w, https:\/\/www.forum-soegel.de\/information\/wp-content\/uploads\/2026\/09\/Frauenkundgebung-2-150x150.jpg 150w, https:\/\/www.forum-soegel.de\/information\/wp-content\/uploads\/2026\/09\/Frauenkundgebung-2-300x300.jpg 300w, https:\/\/www.forum-soegel.de\/information\/wp-content\/uploads\/2026\/09\/Frauenkundgebung-2-768x768.jpg 768w, https:\/\/www.forum-soegel.de\/information\/wp-content\/uploads\/2026\/09\/Frauenkundgebung-2-1536x1536.jpg 1536w, https:\/\/www.forum-soegel.de\/information\/wp-content\/uploads\/2026\/09\/Frauenkundgebung-2.jpg 2048w\" sizes=\"auto, (max-width: 1024px) 100vw, 1024px\" \/><button\n\t\t\tclass=\"lightbox-trigger\"\n\t\t\ttype=\"button\"\n\t\t\taria-haspopup=\"dialog\"\n\t\t\tdata-wp-bind--aria-label=\"state.thisImage.triggerButtonAriaLabel\"\n\t\t\tdata-wp-init=\"callbacks.initTriggerButton\"\n\t\t\tdata-wp-on--click=\"actions.showLightbox\"\n\t\t\tdata-wp-style--right=\"state.thisImage.buttonRight\"\n\t\t\tdata-wp-style--top=\"state.thisImage.buttonTop\"\n\t\t>\n\t\t\t<svg xmlns=\"http:\/\/www.w3.org\/2000\/svg\" width=\"12\" height=\"12\" fill=\"none\" viewBox=\"0 0 12 12\">\n\t\t\t\t<path fill=\"#fff\" d=\"M2 0a2 2 0 0 0-2 2v2h1.5V2a.5.5 0 0 1 .5-.5h2V0H2Zm2 10.5H2a.5.5 0 0 1-.5-.5V8H0v2a2 2 0 0 0 2 2h2v-1.5ZM8 12v-1.5h2a.5.5 0 0 0 .5-.5V8H12v2a2 2 0 0 1-2 2H8Zm2-12a2 2 0 0 1 2 2v2h-1.5V2a.5.5 0 0 0-.5-.5H8V0h2Z\" \/>\n\t\t\t<\/svg>\n\t\t<\/button><\/figure>\n<\/figure>\n","protected":false},"excerpt":{"rendered":"Ber\u00dfen &#8211; Ein besonderes Highlight war die diesj\u00e4hrige Frauenkundgebung der Kfd Di\u00f6zesen Verbandes Osnabr\u00fcck auf der Waldb\u00fchne Ahmsen. Bei bestem Wetter sind rund 1.700 Frauen aus dem Emsland, Osnabr\u00fcck, Vechta, Cloppenburg, Oldenburg und sogar dem angrenzenden M\u00fcnsterland angereist. Die Referentinnen Irene Vogt und Petra Schnieber begr\u00fc\u00dften uns mit einem kleinen Vortrag. Nach einer Pause und [&hellip;]\n","protected":false},"author":2,"featured_media":0,"comment_status":"closed","ping_status":"closed","sticky":false,"template":"","format":"standard","meta":{"ngg_post_thumbnail":0,"footnotes":""},"categories":[5],"tags":[],"class_list":["post-42241","post","type-post","status-publish","format-standard","hentry","category-was-machen-die-vereine"],"_links":{"self":[{"href":"https:\/\/www.forum-soegel.de\/information\/wp-json\/wp\/v2\/posts\/42241","targetHints":{"allow":["GET"]}}],"collection":[{"href":"https:\/\/www.forum-soegel.de\/information\/wp-json\/wp\/v2\/posts"}],"about":[{"href":"https:\/\/www.forum-soegel.de\/information\/wp-json\/wp\/v2\/types\/post"}],"author":[{"embeddable":true,"href":"https:\/\/www.forum-soegel.de\/information\/wp-json\/wp\/v2\/users\/2"}],"replies":[{"embeddable":true,"href":"https:\/\/www.forum-soegel.de\/information\/wp-json\/wp\/v2\/comments?post=42241"}],"version-history":[{"count":1,"href":"https:\/\/www.forum-soegel.de\/information\/wp-json\/wp\/v2\/posts\/42241\/revisions"}],"predecessor-version":[{"id":42243,"href":"https:\/\/www.forum-soegel.de\/information\/wp-json\/wp\/v2\/posts\/42241\/revisions\/42243"}],"wp:attachment":[{"href":"https:\/\/www.forum-soegel.de\/information\/wp-json\/wp\/v2\/media?parent=42241"}],"wp:term":[{"taxonomy":"category","embeddable":true,"href":"https:\/\/www.forum-soegel.de\/information\/wp-json\/wp\/v2\/categories?post=42241"},{"taxonomy":"post_tag","embeddable":true,"href":"https:\/\/www.forum-soegel.de\/information\/wp-json\/wp\/v2\/tags?post=42241"}],"curies":[{"name":"wp","href":"https:\/\/api.w.org\/{rel}","templated":true}]}}