{"id":42234,"date":"2026-08-01T17:45:58","date_gmt":"2026-08-01T15:45:58","guid":{"rendered":"https:\/\/www.forum-soegel.de\/information\/?p=42234"},"modified":"2026-09-03T17:49:38","modified_gmt":"2026-09-03T15:49:38","slug":"verschmelzung-mit-raiffeisen-zentrallager-emlichheim","status":"publish","type":"post","link":"https:\/\/www.forum-soegel.de\/information\/2026\/08\/verschmelzung-mit-raiffeisen-zentrallager-emlichheim\/","title":{"rendered":"Verschmelzung mit Raiffeisen-Zentrallager Emlichheim"},"content":{"rendered":"\n<p class=\"wp-block-paragraph\"><strong>Eindeutiges Mitglieder-Votum der Raiffeisenbank Ems-Vechte eG<\/strong><\/p>\n\n\n\n<p class=\"wp-block-paragraph\">Klein Ber\u00dfen &#8211; Auf der Generalversammlung der Raiffeisenbank Ems-Vechte eG im Saal Ridder in Wilsum wurde die Verschmelzung mit der Raiffeisen-Zentrallager Emlichheim e.G. (RZL) beschlossen. Mit eindeutiger Mehrheit stimmten die Mitglieder f\u00fcr die Fusion. Durch den Abend f\u00fchrte Aufsichtsratsvorsitzende Irmgard Rolfes-Hinson.<\/p>\n\n\n\n<p class=\"wp-block-paragraph\">Der Marktvorstand Albert Weersmann berichtete: \u201eNach 53 Jahren schlie\u00dft sich gewisserma\u00dfen ein Kreis. Die meisten Gr\u00fcndungsgenossenschaften von damals sind heute erfolgreicher Teil unserer Raiffeisen-Ems Vechte-Familie\u201c, so Weersmann. Dabei stellte er die damit verbundenen Chancen und Synergien f\u00fcr die Mitglieder in der Region dar. Er dankte den ehemaligen und heutigen Verantwortlichen sowie allen Mitarbeitenden.<\/p>\n\n\n\n<p class=\"wp-block-paragraph\">Als neues Vorstandsmitglied stellte sich Bank-Vertriebsvorstand Andreas B\u00fcter vor. Dabei wies er mit der Gr\u00fcndung der heutigen Raiffeisenbank Ems-Vechte eG durch Landwirte auf die Wurzeln der Genossenschaft hin und verkn\u00fcpfte dies mit seinen eigenen Wurzeln, da er auf einem landwirtschaftlichen Betrieb aufgewachsen ist. Bei der Pr\u00e4sentation der Gesch\u00e4ftszahlen konnte er auf eine erneut gestiegene Bilanzsumme von 843,3 Mio. Euro verweisen.<\/p>\n\n\n\n<p class=\"wp-block-paragraph\">Vorstandsmitglied Andreas Terfehr stellte die F\u00f6rderbilanz der Raiffeisenbank Ems-Vechte eG vor. Unter anderem durch Spenden, Gewerbesteuern, L\u00f6hne und Geh\u00e4lter und Investitionen ist in der Region eine Wertsch\u00f6pfung von \u00fcber 49 Mio. Euro geschaffen worden. Au\u00dferdem hat die Raiffeisenbank Ems-Vechte eG ca. 2,1 Mio. Euro in Form von Dividende und Warenr\u00fcckverg\u00fctung an die Mitglieder ausgesch\u00fcttet. Mit 925 Mitarbeitenden ist die Raiffeisenbank Ems-Vechte eG einer der gr\u00f6\u00dferen Arbeitgeber der Region, berichtete Andreas Terfehr.<\/p>\n\n\n\n<p class=\"wp-block-paragraph\">Vorstandsmitglied Albert Weersmann bilanzierte eine f\u00fcr 2025 und 2026. \u201eIn unserem Kerngesch\u00e4ft, dem Mischfutterbereich, verzeichnen wir weiterhin ein \u00fcberdurchschnittliches Wachstum und bauen, wie in den \u00fcbrigen Agrarsparten, unsere Marktanteile kontinuierlich aus. Der Energiesektor profitiert dabei weiterhin besonders stark von der hohen Nachfrage der niederl\u00e4ndischen Kunden\u201c, berichtete Weersmann.<\/p>\n\n\n\n<p class=\"wp-block-paragraph\">Auf die Investitionen ging Vorstandsmitglied Holger Terhalle ein. So ist 2025 in Klein Ber\u00dfen ein neuer Agrarstandort inklusive Lagerhalle und D\u00fcngemittel-Mischanlage entstanden und es erfolgte die Umstellung der Futtermittelproduktion auf Bio. In Wesuwe-Siedlung ist mit den Arbeiten f\u00fcr den neuen Agrarstandort begonnen worden.&nbsp;<\/p>\n\n\n\n<p class=\"wp-block-paragraph\">In den Aufsichtsrat wurden Hans-Wilhelm Heitmann, Karl-Heinz Heyers, Bernhard N\u00fcsse, Josef Schulte-Ei\u00dfing und Jan Wesselink einstimmig wieder gew\u00e4hlt. Die Aufsichtsratsvorsitzende hielt die Laudatio auf den ausgeschiedenen Aufsichtsrat Bernhard N\u00fcsse. Dabei referierte sie \u00fcber dessen genossenschaftliche Biografie und hob Pers\u00f6nliches hervor: \u201eDeine flotten Spr\u00fcche haben in so mancher Sitzung die Stimmung aufgelockert \u2013 wir werden dich vermissen.\u201c<\/p>\n\n\n\n<p class=\"wp-block-paragraph\">In den Warenbeirat wurden Heinrich Behnen, Heino Eggengoor, Jan Genzink, Heinz Hinrichs und Jochen Wolberink einstimmig wieder gew\u00e4hlt.&nbsp;<\/p>\n\n\n\n<p class=\"wp-block-paragraph\">Text\/Fotos: Kim Karotki<\/p>\n\n\n\n<figure class=\"wp-block-image size-large\"><img loading=\"lazy\" decoding=\"async\" width=\"1024\" height=\"683\" src=\"https:\/\/www.forum-soegel.de\/information\/wp-content\/uploads\/2026\/09\/Eindeutiges-Mitglieder-Votum-2-1024x683.jpg\" alt=\"\" class=\"wp-image-42236\" srcset=\"https:\/\/www.forum-soegel.de\/information\/wp-content\/uploads\/2026\/09\/Eindeutiges-Mitglieder-Votum-2-1024x683.jpg 1024w, https:\/\/www.forum-soegel.de\/information\/wp-content\/uploads\/2026\/09\/Eindeutiges-Mitglieder-Votum-2-300x200.jpg 300w, https:\/\/www.forum-soegel.de\/information\/wp-content\/uploads\/2026\/09\/Eindeutiges-Mitglieder-Votum-2-768x512.jpg 768w, https:\/\/www.forum-soegel.de\/information\/wp-content\/uploads\/2026\/09\/Eindeutiges-Mitglieder-Votum-2-1536x1024.jpg 1536w, https:\/\/www.forum-soegel.de\/information\/wp-content\/uploads\/2026\/09\/Eindeutiges-Mitglieder-Votum-2-2048x1365.jpg 2048w\" sizes=\"auto, (max-width: 1024px) 100vw, 1024px\" \/><\/figure>\n\n\n\n<figure class=\"wp-block-image size-large\"><img loading=\"lazy\" decoding=\"async\" width=\"1024\" height=\"683\" src=\"https:\/\/www.forum-soegel.de\/information\/wp-content\/uploads\/2026\/09\/Eindeutiges-Mitglieder-Votum-1-1024x683.jpg\" alt=\"\" class=\"wp-image-42235\" srcset=\"https:\/\/www.forum-soegel.de\/information\/wp-content\/uploads\/2026\/09\/Eindeutiges-Mitglieder-Votum-1-1024x683.jpg 1024w, https:\/\/www.forum-soegel.de\/information\/wp-content\/uploads\/2026\/09\/Eindeutiges-Mitglieder-Votum-1-300x200.jpg 300w, https:\/\/www.forum-soegel.de\/information\/wp-content\/uploads\/2026\/09\/Eindeutiges-Mitglieder-Votum-1-768x512.jpg 768w, https:\/\/www.forum-soegel.de\/information\/wp-content\/uploads\/2026\/09\/Eindeutiges-Mitglieder-Votum-1-1536x1024.jpg 1536w, https:\/\/www.forum-soegel.de\/information\/wp-content\/uploads\/2026\/09\/Eindeutiges-Mitglieder-Votum-1-2048x1365.jpg 2048w\" sizes=\"auto, (max-width: 1024px) 100vw, 1024px\" \/><figcaption class=\"wp-element-caption\">Feierliche Verabschiedung \u2013 (v. l.) Holger Terhalle, Andreas B\u00fcter, stellvertretender Aufsichtsratsvorsitzender Heinrich Behnen, Bernhard N\u00fcsse, Irmgard Rolfes-Hinson, Hermann Ranters, Paul Ipe, Andreas Terfehr und Albert Weersmann<br>\u00a0<\/figcaption><\/figure>\n\n\n\n<p class=\"wp-block-paragraph\"><\/p>\n","protected":false},"excerpt":{"rendered":"Eindeutiges Mitglieder-Votum der Raiffeisenbank Ems-Vechte eG Klein Ber\u00dfen &#8211; Auf der Generalversammlung der Raiffeisenbank Ems-Vechte eG im Saal Ridder in Wilsum wurde die Verschmelzung mit der Raiffeisen-Zentrallager Emlichheim e.G. (RZL) beschlossen. Mit eindeutiger Mehrheit stimmten die Mitglieder f\u00fcr die Fusion. Durch den Abend f\u00fchrte Aufsichtsratsvorsitzende Irmgard Rolfes-Hinson. Der Marktvorstand Albert Weersmann berichtete: \u201eNach 53 Jahren [&hellip;]\n","protected":false},"author":2,"featured_media":0,"comment_status":"closed","ping_status":"closed","sticky":false,"template":"","format":"standard","meta":{"ngg_post_thumbnail":0,"footnotes":""},"categories":[4],"tags":[],"class_list":["post-42234","post","type-post","status-publish","format-standard","hentry","category-aus-der-geschaftswelt"],"_links":{"self":[{"href":"https:\/\/www.forum-soegel.de\/information\/wp-json\/wp\/v2\/posts\/42234","targetHints":{"allow":["GET"]}}],"collection":[{"href":"https:\/\/www.forum-soegel.de\/information\/wp-json\/wp\/v2\/posts"}],"about":[{"href":"https:\/\/www.forum-soegel.de\/information\/wp-json\/wp\/v2\/types\/post"}],"author":[{"embeddable":true,"href":"https:\/\/www.forum-soegel.de\/information\/wp-json\/wp\/v2\/users\/2"}],"replies":[{"embeddable":true,"href":"https:\/\/www.forum-soegel.de\/information\/wp-json\/wp\/v2\/comments?post=42234"}],"version-history":[{"count":1,"href":"https:\/\/www.forum-soegel.de\/information\/wp-json\/wp\/v2\/posts\/42234\/revisions"}],"predecessor-version":[{"id":42237,"href":"https:\/\/www.forum-soegel.de\/information\/wp-json\/wp\/v2\/posts\/42234\/revisions\/42237"}],"wp:attachment":[{"href":"https:\/\/www.forum-soegel.de\/information\/wp-json\/wp\/v2\/media?parent=42234"}],"wp:term":[{"taxonomy":"category","embeddable":true,"href":"https:\/\/www.forum-soegel.de\/information\/wp-json\/wp\/v2\/categories?post=42234"},{"taxonomy":"post_tag","embeddable":true,"href":"https:\/\/www.forum-soegel.de\/information\/wp-json\/wp\/v2\/tags?post=42234"}],"curies":[{"name":"wp","href":"https:\/\/api.w.org\/{rel}","templated":true}]}}