{"id":42231,"date":"2026-08-01T17:44:46","date_gmt":"2026-08-01T15:44:46","guid":{"rendered":"https:\/\/www.forum-soegel.de\/information\/?p=42231"},"modified":"2026-09-03T17:45:50","modified_gmt":"2026-09-03T15:45:50","slug":"kinderrechte-im-karton","status":"publish","type":"post","link":"https:\/\/www.forum-soegel.de\/information\/2026\/08\/kinderrechte-im-karton\/","title":{"rendered":"Kinderrechte im Karton"},"content":{"rendered":"\n<p class=\"wp-block-paragraph\">S\u00f6gel &#8211; In den vergangenen Monaten drehte sich bei uns in der KiTa Kunterbunt alles um die Kinderrechte. Insgesamt gibt es 54 Kinderrechte. Wir haben uns gemeinsam mit sechs Kinderrechten intensiv besch\u00e4ftigt. Jede Gruppe hat ein Kinderrecht ausgew\u00e4hlt, kreativ gestaltet und sich damit auseinandergesetzt. Dabei sind viele tolle Aktionen entstanden. H\u00e4nde wurden gegipst, Handabdr\u00fccke gestaltet, Bilder und Puzzle erstellt, die Bedeutung der Namen hervorgehoben und vieles mehr. Aktuell hat jede Gruppe ihr ausgew\u00e4hltes Kinderrecht in einem Schuhkarton kreativ dargestellt und den anderen Kindern pr\u00e4sentiert. Diese Pr\u00e4sentation ist noch in der KiTa Kunterbunt f\u00fcr alle Eltern und Besucher ausgestellt.<\/p>\n\n\n\n<p class=\"wp-block-paragraph\">Zur Vorstellung der einzelnen \u201eKinderrechte im Karton\u201c ist auch ein Film entstanden, den sich die Kinder mit Freude gemeinsam angeschaut haben. Es war beeindruckend zu sehen, mit wie viel Begeisterung, Kreativit\u00e4t und Neugier alle Kinder mitgemacht haben. Gemeinsam haben sie erfahren, dass Kinder Rechte haben. Jedes Kind ist wichtig und richtig, so wie es ist.<\/p>\n\n\n\n<p class=\"wp-block-paragraph\">Das Projekt \u201eKinderrechte\u201c ist noch nicht abgeschlossen und wird uns auch noch ins n\u00e4chste KiTajahr begleiten. Wir bedanken uns bei allen Kindern und Erziehern, die dieses Projekt mit so viel Engagement gestaltet haben.&nbsp;<\/p>\n\n\n\n<p class=\"wp-block-paragraph\">Text: Kerstin Kuper<\/p>\n\n\n\n<p class=\"wp-block-paragraph\">Foto: Michaela Steffens<\/p>\n\n\n\n<figure data-wp-context=\"{&quot;imageId&quot;:&quot;6a9a38fd4d229&quot;}\" data-wp-interactive=\"core\/image\" data-wp-key=\"6a9a38fd4d229\" class=\"wp-block-image size-large wp-lightbox-container\"><img loading=\"lazy\" decoding=\"async\" width=\"1024\" height=\"576\" data-wp-class--hide=\"state.isContentHidden\" data-wp-class--show=\"state.isContentVisible\" data-wp-init=\"callbacks.setButtonStyles\" data-wp-on--click=\"actions.showLightbox\" data-wp-on--load=\"callbacks.setButtonStyles\" data-wp-on--pointerdown=\"actions.preloadImage\" data-wp-on--pointerenter=\"actions.preloadImageWithDelay\" data-wp-on--pointerleave=\"actions.cancelPreload\" data-wp-on-window--resize=\"callbacks.setButtonStyles\" src=\"https:\/\/www.forum-soegel.de\/information\/wp-content\/uploads\/2026\/09\/Kinderrechte-im-Karton-1-1024x576.jpg\" alt=\"\" class=\"wp-image-42232\" srcset=\"https:\/\/www.forum-soegel.de\/information\/wp-content\/uploads\/2026\/09\/Kinderrechte-im-Karton-1-1024x576.jpg 1024w, https:\/\/www.forum-soegel.de\/information\/wp-content\/uploads\/2026\/09\/Kinderrechte-im-Karton-1-300x169.jpg 300w, https:\/\/www.forum-soegel.de\/information\/wp-content\/uploads\/2026\/09\/Kinderrechte-im-Karton-1-768x432.jpg 768w, https:\/\/www.forum-soegel.de\/information\/wp-content\/uploads\/2026\/09\/Kinderrechte-im-Karton-1-1536x864.jpg 1536w, https:\/\/www.forum-soegel.de\/information\/wp-content\/uploads\/2026\/09\/Kinderrechte-im-Karton-1-2048x1153.jpg 2048w\" sizes=\"auto, (max-width: 1024px) 100vw, 1024px\" \/><button\n\t\t\tclass=\"lightbox-trigger\"\n\t\t\ttype=\"button\"\n\t\t\taria-haspopup=\"dialog\"\n\t\t\tdata-wp-bind--aria-label=\"state.thisImage.triggerButtonAriaLabel\"\n\t\t\tdata-wp-init=\"callbacks.initTriggerButton\"\n\t\t\tdata-wp-on--click=\"actions.showLightbox\"\n\t\t\tdata-wp-style--right=\"state.thisImage.buttonRight\"\n\t\t\tdata-wp-style--top=\"state.thisImage.buttonTop\"\n\t\t>\n\t\t\t<svg xmlns=\"http:\/\/www.w3.org\/2000\/svg\" width=\"12\" height=\"12\" fill=\"none\" viewBox=\"0 0 12 12\">\n\t\t\t\t<path fill=\"#fff\" d=\"M2 0a2 2 0 0 0-2 2v2h1.5V2a.5.5 0 0 1 .5-.5h2V0H2Zm2 10.5H2a.5.5 0 0 1-.5-.5V8H0v2a2 2 0 0 0 2 2h2v-1.5ZM8 12v-1.5h2a.5.5 0 0 0 .5-.5V8H12v2a2 2 0 0 1-2 2H8Zm2-12a2 2 0 0 1 2 2v2h-1.5V2a.5.5 0 0 0-.5-.5H8V0h2Z\" \/>\n\t\t\t<\/svg>\n\t\t<\/button><\/figure>\n","protected":false},"excerpt":{"rendered":"S\u00f6gel &#8211; In den vergangenen Monaten drehte sich bei uns in der KiTa Kunterbunt alles um die Kinderrechte. Insgesamt gibt es 54 Kinderrechte. Wir haben uns gemeinsam mit sechs Kinderrechten intensiv besch\u00e4ftigt. Jede Gruppe hat ein Kinderrecht ausgew\u00e4hlt, kreativ gestaltet und sich damit auseinandergesetzt. Dabei sind viele tolle Aktionen entstanden. H\u00e4nde wurden gegipst, Handabdr\u00fccke gestaltet, [&hellip;]\n","protected":false},"author":2,"featured_media":0,"comment_status":"closed","ping_status":"closed","sticky":false,"template":"","format":"standard","meta":{"ngg_post_thumbnail":0,"footnotes":""},"categories":[868],"tags":[],"class_list":["post-42231","post","type-post","status-publish","format-standard","hentry","category-zwischen-himmel-und-erde"],"_links":{"self":[{"href":"https:\/\/www.forum-soegel.de\/information\/wp-json\/wp\/v2\/posts\/42231","targetHints":{"allow":["GET"]}}],"collection":[{"href":"https:\/\/www.forum-soegel.de\/information\/wp-json\/wp\/v2\/posts"}],"about":[{"href":"https:\/\/www.forum-soegel.de\/information\/wp-json\/wp\/v2\/types\/post"}],"author":[{"embeddable":true,"href":"https:\/\/www.forum-soegel.de\/information\/wp-json\/wp\/v2\/users\/2"}],"replies":[{"embeddable":true,"href":"https:\/\/www.forum-soegel.de\/information\/wp-json\/wp\/v2\/comments?post=42231"}],"version-history":[{"count":1,"href":"https:\/\/www.forum-soegel.de\/information\/wp-json\/wp\/v2\/posts\/42231\/revisions"}],"predecessor-version":[{"id":42233,"href":"https:\/\/www.forum-soegel.de\/information\/wp-json\/wp\/v2\/posts\/42231\/revisions\/42233"}],"wp:attachment":[{"href":"https:\/\/www.forum-soegel.de\/information\/wp-json\/wp\/v2\/media?parent=42231"}],"wp:term":[{"taxonomy":"category","embeddable":true,"href":"https:\/\/www.forum-soegel.de\/information\/wp-json\/wp\/v2\/categories?post=42231"},{"taxonomy":"post_tag","embeddable":true,"href":"https:\/\/www.forum-soegel.de\/information\/wp-json\/wp\/v2\/tags?post=42231"}],"curies":[{"name":"wp","href":"https:\/\/api.w.org\/{rel}","templated":true}]}}