{"id":42228,"date":"2026-08-01T17:40:27","date_gmt":"2026-08-01T15:40:27","guid":{"rendered":"https:\/\/www.forum-soegel.de\/information\/?p=42228"},"modified":"2026-09-03T17:44:37","modified_gmt":"2026-09-03T15:44:37","slug":"boule-spass-bei-der-kfd-werpeloh-am-bouleplatz","status":"publish","type":"post","link":"https:\/\/www.forum-soegel.de\/information\/2026\/08\/boule-spass-bei-der-kfd-werpeloh-am-bouleplatz\/","title":{"rendered":"Boule-Spa\u00df bei der kfd Werpeloh am Bouleplatz"},"content":{"rendered":"\n<p class=\"wp-block-paragraph\">Werpeloh &#8211; Auf dem Bouleplatz versammelten sich erneut zahlreiche Freundinnen der kfd Werpeloh, um bei sommerlichen Temperaturen einen fr\u00f6hlichen Tag mit Spiel, Austausch und leckerem Essen zu erleben. Der Ablauf war bewusst unkompliziert: Gemischte Teams, faire W\u00fcrfe, kurze Pausen zum Netzwerken und reichlich Gelegenheiten, sich kennenzulernen. So entstanden spontane Gespr\u00e4che \u00fcber gemeinsame Projekte, neue Ideen f\u00fcr das n\u00e4chste Jahr und kleine Erfolge beim Boulespielen.<\/p>\n\n\n\n<p class=\"wp-block-paragraph\">Die G\u00e4ste lobten die entspannte Atmosph\u00e4re, das grillierte Schmankerl Angebot und die k\u00fchlen Getr\u00e4nke \u2013 perfekte Begleiterinnen f\u00fcrs sommerliche Event.<\/p>\n\n\n\n<p class=\"wp-block-paragraph\">Ein Highlight des Tages war der Abschlusshalten-Schuss, bei dem die Stimmung in Jubel ausbrach. \u201eEs geht uns darum, Gemeinschaft zu st\u00e4rken und dabei auch Neues auszuprobieren\u201d, fasst eine Organisatorin zusammen. \u201eDer Bouleplatz bietet daf\u00fcr den idealen Rahmen \u2013 nahbar, fr\u00f6hlich und offen f\u00fcr alle.\u201d<\/p>\n\n\n\n<p class=\"wp-block-paragraph\">Text\/Foto: Sonja Kruithoff<\/p>\n\n\n\n<figure data-wp-context=\"{&quot;imageId&quot;:&quot;6a9a41f21c77a&quot;}\" data-wp-interactive=\"core\/image\" data-wp-key=\"6a9a41f21c77a\" class=\"wp-block-image size-large wp-lightbox-container\"><img loading=\"lazy\" decoding=\"async\" width=\"768\" height=\"1024\" data-wp-class--hide=\"state.isContentHidden\" data-wp-class--show=\"state.isContentVisible\" data-wp-init=\"callbacks.setButtonStyles\" data-wp-on--click=\"actions.showLightbox\" data-wp-on--load=\"callbacks.setButtonStyles\" data-wp-on--pointerdown=\"actions.preloadImage\" data-wp-on--pointerenter=\"actions.preloadImageWithDelay\" data-wp-on--pointerleave=\"actions.cancelPreload\" data-wp-on-window--resize=\"callbacks.setButtonStyles\" src=\"https:\/\/www.forum-soegel.de\/information\/wp-content\/uploads\/2026\/09\/Boule-Spa\u251c\u0192-bei-der-kfd-Werpeloh-am-Bouleplatz_1-768x1024-1.jpg\" alt=\"\" class=\"wp-image-42229\" srcset=\"https:\/\/www.forum-soegel.de\/information\/wp-content\/uploads\/2026\/09\/Boule-Spa\u251c\u0192-bei-der-kfd-Werpeloh-am-Bouleplatz_1-768x1024-1.jpg 768w, https:\/\/www.forum-soegel.de\/information\/wp-content\/uploads\/2026\/09\/Boule-Spa\u251c\u0192-bei-der-kfd-Werpeloh-am-Bouleplatz_1-225x300.jpg 225w, https:\/\/www.forum-soegel.de\/information\/wp-content\/uploads\/2026\/09\/Boule-Spa\u251c\u0192-bei-der-kfd-Werpeloh-am-Bouleplatz_1-1152x1536.jpg 1152w, https:\/\/www.forum-soegel.de\/information\/wp-content\/uploads\/2026\/09\/Boule-Spa\u251c\u0192-bei-der-kfd-Werpeloh-am-Bouleplatz_1-1536x2048.jpg 1536w, https:\/\/www.forum-soegel.de\/information\/wp-content\/uploads\/2026\/09\/Boule-Spa\u251c\u0192-bei-der-kfd-Werpeloh-am-Bouleplatz_1-scaled.jpg 1920w\" sizes=\"auto, (max-width: 768px) 100vw, 768px\" \/><button\n\t\t\tclass=\"lightbox-trigger\"\n\t\t\ttype=\"button\"\n\t\t\taria-haspopup=\"dialog\"\n\t\t\tdata-wp-bind--aria-label=\"state.thisImage.triggerButtonAriaLabel\"\n\t\t\tdata-wp-init=\"callbacks.initTriggerButton\"\n\t\t\tdata-wp-on--click=\"actions.showLightbox\"\n\t\t\tdata-wp-style--right=\"state.thisImage.buttonRight\"\n\t\t\tdata-wp-style--top=\"state.thisImage.buttonTop\"\n\t\t>\n\t\t\t<svg xmlns=\"http:\/\/www.w3.org\/2000\/svg\" width=\"12\" height=\"12\" fill=\"none\" viewBox=\"0 0 12 12\">\n\t\t\t\t<path fill=\"#fff\" d=\"M2 0a2 2 0 0 0-2 2v2h1.5V2a.5.5 0 0 1 .5-.5h2V0H2Zm2 10.5H2a.5.5 0 0 1-.5-.5V8H0v2a2 2 0 0 0 2 2h2v-1.5ZM8 12v-1.5h2a.5.5 0 0 0 .5-.5V8H12v2a2 2 0 0 1-2 2H8Zm2-12a2 2 0 0 1 2 2v2h-1.5V2a.5.5 0 0 0-.5-.5H8V0h2Z\" \/>\n\t\t\t<\/svg>\n\t\t<\/button><\/figure>\n\n\n\n<p class=\"wp-block-paragraph\">v.l.:Nicola Francke, Andrea Funke, Maria Kock, Anni Lohmann, Annemarie H\u00fcntelmann, Melanie L\u00fcbbers, Anke Geers, Petra M\u00fcnster, Ramona Hackmann, Sonja Kruithoff, Yvonne Winkler, Monika Lammers, Maria Wesseln, Monika Kr\u00f6ger, Monika Hegemann, Maria Lucks, Marianne Horstmann, Ann-Christin D\u00fcthmann, Irmgard Tallen, Christa Jansen, Ulla Scheer, Petra Nieters, Sarah Breer, Helga Lucks, Agnes Kuper, Astrid H\u00fcntelmann; Brigitte Wigbers<\/p>\n","protected":false},"excerpt":{"rendered":"Werpeloh &#8211; Auf dem Bouleplatz versammelten sich erneut zahlreiche Freundinnen der kfd Werpeloh, um bei sommerlichen Temperaturen einen fr\u00f6hlichen Tag mit Spiel, Austausch und leckerem Essen zu erleben. Der Ablauf war bewusst unkompliziert: Gemischte Teams, faire W\u00fcrfe, kurze Pausen zum Netzwerken und reichlich Gelegenheiten, sich kennenzulernen. So entstanden spontane Gespr\u00e4che \u00fcber gemeinsame Projekte, neue Ideen [&hellip;]\n","protected":false},"author":2,"featured_media":0,"comment_status":"closed","ping_status":"closed","sticky":false,"template":"","format":"standard","meta":{"ngg_post_thumbnail":0,"footnotes":""},"categories":[868],"tags":[],"class_list":["post-42228","post","type-post","status-publish","format-standard","hentry","category-zwischen-himmel-und-erde"],"_links":{"self":[{"href":"https:\/\/www.forum-soegel.de\/information\/wp-json\/wp\/v2\/posts\/42228","targetHints":{"allow":["GET"]}}],"collection":[{"href":"https:\/\/www.forum-soegel.de\/information\/wp-json\/wp\/v2\/posts"}],"about":[{"href":"https:\/\/www.forum-soegel.de\/information\/wp-json\/wp\/v2\/types\/post"}],"author":[{"embeddable":true,"href":"https:\/\/www.forum-soegel.de\/information\/wp-json\/wp\/v2\/users\/2"}],"replies":[{"embeddable":true,"href":"https:\/\/www.forum-soegel.de\/information\/wp-json\/wp\/v2\/comments?post=42228"}],"version-history":[{"count":1,"href":"https:\/\/www.forum-soegel.de\/information\/wp-json\/wp\/v2\/posts\/42228\/revisions"}],"predecessor-version":[{"id":42230,"href":"https:\/\/www.forum-soegel.de\/information\/wp-json\/wp\/v2\/posts\/42228\/revisions\/42230"}],"wp:attachment":[{"href":"https:\/\/www.forum-soegel.de\/information\/wp-json\/wp\/v2\/media?parent=42228"}],"wp:term":[{"taxonomy":"category","embeddable":true,"href":"https:\/\/www.forum-soegel.de\/information\/wp-json\/wp\/v2\/categories?post=42228"},{"taxonomy":"post_tag","embeddable":true,"href":"https:\/\/www.forum-soegel.de\/information\/wp-json\/wp\/v2\/tags?post=42228"}],"curies":[{"name":"wp","href":"https:\/\/api.w.org\/{rel}","templated":true}]}}