{"id":42201,"date":"2026-08-01T17:35:45","date_gmt":"2026-08-01T15:35:45","guid":{"rendered":"https:\/\/www.forum-soegel.de\/information\/?p=42201"},"modified":"2026-09-03T17:37:18","modified_gmt":"2026-09-03T15:37:18","slug":"abschlussfest-im-kindergarten","status":"publish","type":"post","link":"https:\/\/www.forum-soegel.de\/information\/2026\/08\/abschlussfest-im-kindergarten\/","title":{"rendered":"Abschlussfest im Kindergarten"},"content":{"rendered":"\n<p class=\"wp-block-paragraph\">Klein Ber\u00dfen &#8211; Es war wieder soweit \u2013 wir durften unsere Vorschulkinder verabschieden. Mit einer spannenden Schatzsuche im Kindergarten begann dieser besondere Tag. Anschlie\u00dfend wurden die Kinder von ihren Familien abgeholt und gemeinsam feierten wir einen wundersch\u00f6nen Gottesdienst unter dem Motto \u201eKinder unterm Regenbogen\u201c.<\/p>\n\n\n\n<p class=\"wp-block-paragraph\">Danach ging es zur\u00fcck in den Kindergarten, wo ein kleines Grillbuffet auf alle wartete. Jede Familie hatte etwas zum Buffet beigesteuert. In gem\u00fctlicher Atmosph\u00e4re verbrachten wir gemeinsam einen sch\u00f6nen Abend. Nach dem Essen schrieben die Eltern W\u00fcnsche f\u00fcr ihre Kinder auf kleine Zettel. Diese wurden an Ballons befestigt und gemeinsam in den Himmel steigen gelassen. Den feierlichen Abschluss bildeten die \u00dcbergabe der Portfolios mit den Geschenken und ein gemeinsames Abschiedslied der Vorschulkinder. Dies war f\u00fcr alle ein sehr emotionaler Moment. Am Ende des Abends wurden die Kinder mit Lied und Spruch aus dem Kindergarten \u201egeworfen\u201c.<\/p>\n\n\n\n<p class=\"wp-block-paragraph\">Die Verabschiedung unserer Vorschulkinder ist jedes Jahr mit einem lachenden und einem weinenden Auge verbunden. Einerseits f\u00e4llt es schwer, Kinder und Familien nach vielen gemeinsamen Jahren gehen zu lassen. Andererseits erf\u00fcllt es uns mit gro\u00dfem Stolz zu sehen, wie sehr die Kinder in dieser Zeit gewachsen sind und sich zu mutigen, selbstbewussten und einzigartigen Pers\u00f6nlichkeiten entwickelt haben.<\/p>\n\n\n\n<p class=\"wp-block-paragraph\">Wir w\u00fcnschen allen Schulkindern einen erfolgreichen Start in die Schule, viele sch\u00f6ne Erlebnisse, tolle Freundschaften und alles Gute f\u00fcr ihren weiteren Lebensweg!<\/p>\n\n\n\n<p class=\"wp-block-paragraph\">Text\/Fotos: KiTa Regenbogenland<\/p>\n\n\n\n<figure data-wp-context=\"{&quot;galleryId&quot;:&quot;6a9a41ed1c096&quot;}\" data-wp-interactive=\"core\/gallery\" class=\"wp-block-gallery has-nested-images columns-default is-cropped wp-block-gallery-1 is-layout-flex wp-block-gallery-is-layout-flex\">\n<figure data-wp-context=\"{&quot;imageId&quot;:&quot;6a9a41ed1d653&quot;}\" data-wp-interactive=\"core\/image\" data-wp-key=\"6a9a41ed1d653\" class=\"wp-block-image size-large wp-lightbox-container\"><img loading=\"lazy\" decoding=\"async\" width=\"768\" height=\"1024\" data-wp-class--hide=\"state.isContentHidden\" data-wp-class--show=\"state.isContentVisible\" data-wp-init=\"callbacks.setButtonStyles\" data-wp-on--click=\"actions.showLightbox\" data-wp-on--load=\"callbacks.setButtonStyles\" data-wp-on--pointerdown=\"actions.preloadImage\" data-wp-on--pointerenter=\"actions.preloadImageWithDelay\" data-wp-on--pointerleave=\"actions.cancelPreload\" data-wp-on-window--resize=\"callbacks.setButtonStyles\" data-id=\"42203\" src=\"https:\/\/www.forum-soegel.de\/information\/wp-content\/uploads\/2026\/09\/Abschlussfest-im-Kindergarten-4-768x1024-1.jpg\" alt=\"\" class=\"wp-image-42203\" srcset=\"https:\/\/www.forum-soegel.de\/information\/wp-content\/uploads\/2026\/09\/Abschlussfest-im-Kindergarten-4-768x1024-1.jpg 768w, https:\/\/www.forum-soegel.de\/information\/wp-content\/uploads\/2026\/09\/Abschlussfest-im-Kindergarten-4-225x300.jpg 225w, https:\/\/www.forum-soegel.de\/information\/wp-content\/uploads\/2026\/09\/Abschlussfest-im-Kindergarten-4-1152x1536.jpg 1152w, https:\/\/www.forum-soegel.de\/information\/wp-content\/uploads\/2026\/09\/Abschlussfest-im-Kindergarten-4.jpg 1200w\" sizes=\"auto, (max-width: 768px) 100vw, 768px\" \/><button\n\t\t\tclass=\"lightbox-trigger\"\n\t\t\ttype=\"button\"\n\t\t\taria-haspopup=\"dialog\"\n\t\t\tdata-wp-bind--aria-label=\"state.thisImage.triggerButtonAriaLabel\"\n\t\t\tdata-wp-init=\"callbacks.initTriggerButton\"\n\t\t\tdata-wp-on--click=\"actions.showLightbox\"\n\t\t\tdata-wp-style--right=\"state.thisImage.buttonRight\"\n\t\t\tdata-wp-style--top=\"state.thisImage.buttonTop\"\n\t\t>\n\t\t\t<svg xmlns=\"http:\/\/www.w3.org\/2000\/svg\" width=\"12\" height=\"12\" fill=\"none\" viewBox=\"0 0 12 12\">\n\t\t\t\t<path fill=\"#fff\" d=\"M2 0a2 2 0 0 0-2 2v2h1.5V2a.5.5 0 0 1 .5-.5h2V0H2Zm2 10.5H2a.5.5 0 0 1-.5-.5V8H0v2a2 2 0 0 0 2 2h2v-1.5ZM8 12v-1.5h2a.5.5 0 0 0 .5-.5V8H12v2a2 2 0 0 1-2 2H8Zm2-12a2 2 0 0 1 2 2v2h-1.5V2a.5.5 0 0 0-.5-.5H8V0h2Z\" \/>\n\t\t\t<\/svg>\n\t\t<\/button><\/figure>\n\n\n\n<figure data-wp-context=\"{&quot;imageId&quot;:&quot;6a9a41ed1e121&quot;}\" data-wp-interactive=\"core\/image\" data-wp-key=\"6a9a41ed1e121\" class=\"wp-block-image size-large wp-lightbox-container\"><img loading=\"lazy\" decoding=\"async\" width=\"771\" height=\"1024\" data-wp-class--hide=\"state.isContentHidden\" data-wp-class--show=\"state.isContentVisible\" data-wp-init=\"callbacks.setButtonStyles\" data-wp-on--click=\"actions.showLightbox\" data-wp-on--load=\"callbacks.setButtonStyles\" data-wp-on--pointerdown=\"actions.preloadImage\" data-wp-on--pointerenter=\"actions.preloadImageWithDelay\" data-wp-on--pointerleave=\"actions.cancelPreload\" data-wp-on-window--resize=\"callbacks.setButtonStyles\" data-id=\"42202\" src=\"https:\/\/www.forum-soegel.de\/information\/wp-content\/uploads\/2026\/09\/Abschlussfest-im-Kindergarten-1-771x1024.jpg\" alt=\"\" class=\"wp-image-42202\" srcset=\"https:\/\/www.forum-soegel.de\/information\/wp-content\/uploads\/2026\/09\/Abschlussfest-im-Kindergarten-1-771x1024.jpg 771w, https:\/\/www.forum-soegel.de\/information\/wp-content\/uploads\/2026\/09\/Abschlussfest-im-Kindergarten-1-226x300.jpg 226w, https:\/\/www.forum-soegel.de\/information\/wp-content\/uploads\/2026\/09\/Abschlussfest-im-Kindergarten-1-768x1020.jpg 768w, https:\/\/www.forum-soegel.de\/information\/wp-content\/uploads\/2026\/09\/Abschlussfest-im-Kindergarten-1-1157x1536.jpg 1157w, https:\/\/www.forum-soegel.de\/information\/wp-content\/uploads\/2026\/09\/Abschlussfest-im-Kindergarten-1.jpg 1536w\" sizes=\"auto, (max-width: 771px) 100vw, 771px\" \/><button\n\t\t\tclass=\"lightbox-trigger\"\n\t\t\ttype=\"button\"\n\t\t\taria-haspopup=\"dialog\"\n\t\t\tdata-wp-bind--aria-label=\"state.thisImage.triggerButtonAriaLabel\"\n\t\t\tdata-wp-init=\"callbacks.initTriggerButton\"\n\t\t\tdata-wp-on--click=\"actions.showLightbox\"\n\t\t\tdata-wp-style--right=\"state.thisImage.buttonRight\"\n\t\t\tdata-wp-style--top=\"state.thisImage.buttonTop\"\n\t\t>\n\t\t\t<svg xmlns=\"http:\/\/www.w3.org\/2000\/svg\" width=\"12\" height=\"12\" fill=\"none\" viewBox=\"0 0 12 12\">\n\t\t\t\t<path fill=\"#fff\" d=\"M2 0a2 2 0 0 0-2 2v2h1.5V2a.5.5 0 0 1 .5-.5h2V0H2Zm2 10.5H2a.5.5 0 0 1-.5-.5V8H0v2a2 2 0 0 0 2 2h2v-1.5ZM8 12v-1.5h2a.5.5 0 0 0 .5-.5V8H12v2a2 2 0 0 1-2 2H8Zm2-12a2 2 0 0 1 2 2v2h-1.5V2a.5.5 0 0 0-.5-.5H8V0h2Z\" \/>\n\t\t\t<\/svg>\n\t\t<\/button><\/figure>\n\n\n\n<figure data-wp-context=\"{&quot;imageId&quot;:&quot;6a9a41ed1ea50&quot;}\" data-wp-interactive=\"core\/image\" data-wp-key=\"6a9a41ed1ea50\" class=\"wp-block-image size-large wp-lightbox-container\"><img loading=\"lazy\" decoding=\"async\" width=\"768\" height=\"1024\" data-wp-class--hide=\"state.isContentHidden\" data-wp-class--show=\"state.isContentVisible\" data-wp-init=\"callbacks.setButtonStyles\" data-wp-on--click=\"actions.showLightbox\" data-wp-on--load=\"callbacks.setButtonStyles\" data-wp-on--pointerdown=\"actions.preloadImage\" data-wp-on--pointerenter=\"actions.preloadImageWithDelay\" data-wp-on--pointerleave=\"actions.cancelPreload\" data-wp-on-window--resize=\"callbacks.setButtonStyles\" data-id=\"42205\" src=\"https:\/\/www.forum-soegel.de\/information\/wp-content\/uploads\/2026\/09\/Abschlussfest-im-Kindergarten-2-768x1024-1.jpg\" alt=\"\" class=\"wp-image-42205\" srcset=\"https:\/\/www.forum-soegel.de\/information\/wp-content\/uploads\/2026\/09\/Abschlussfest-im-Kindergarten-2-768x1024-1.jpg 768w, https:\/\/www.forum-soegel.de\/information\/wp-content\/uploads\/2026\/09\/Abschlussfest-im-Kindergarten-2-225x300.jpg 225w, https:\/\/www.forum-soegel.de\/information\/wp-content\/uploads\/2026\/09\/Abschlussfest-im-Kindergarten-2-1152x1536.jpg 1152w, https:\/\/www.forum-soegel.de\/information\/wp-content\/uploads\/2026\/09\/Abschlussfest-im-Kindergarten-2.jpg 1200w\" sizes=\"auto, (max-width: 768px) 100vw, 768px\" \/><button\n\t\t\tclass=\"lightbox-trigger\"\n\t\t\ttype=\"button\"\n\t\t\taria-haspopup=\"dialog\"\n\t\t\tdata-wp-bind--aria-label=\"state.thisImage.triggerButtonAriaLabel\"\n\t\t\tdata-wp-init=\"callbacks.initTriggerButton\"\n\t\t\tdata-wp-on--click=\"actions.showLightbox\"\n\t\t\tdata-wp-style--right=\"state.thisImage.buttonRight\"\n\t\t\tdata-wp-style--top=\"state.thisImage.buttonTop\"\n\t\t>\n\t\t\t<svg xmlns=\"http:\/\/www.w3.org\/2000\/svg\" width=\"12\" height=\"12\" fill=\"none\" viewBox=\"0 0 12 12\">\n\t\t\t\t<path fill=\"#fff\" d=\"M2 0a2 2 0 0 0-2 2v2h1.5V2a.5.5 0 0 1 .5-.5h2V0H2Zm2 10.5H2a.5.5 0 0 1-.5-.5V8H0v2a2 2 0 0 0 2 2h2v-1.5ZM8 12v-1.5h2a.5.5 0 0 0 .5-.5V8H12v2a2 2 0 0 1-2 2H8Zm2-12a2 2 0 0 1 2 2v2h-1.5V2a.5.5 0 0 0-.5-.5H8V0h2Z\" \/>\n\t\t\t<\/svg>\n\t\t<\/button><\/figure>\n\n\n\n<figure data-wp-context=\"{&quot;imageId&quot;:&quot;6a9a41ed1f454&quot;}\" data-wp-interactive=\"core\/image\" data-wp-key=\"6a9a41ed1f454\" class=\"wp-block-image size-large wp-lightbox-container\"><img loading=\"lazy\" decoding=\"async\" width=\"1024\" height=\"853\" data-wp-class--hide=\"state.isContentHidden\" data-wp-class--show=\"state.isContentVisible\" data-wp-init=\"callbacks.setButtonStyles\" data-wp-on--click=\"actions.showLightbox\" data-wp-on--load=\"callbacks.setButtonStyles\" data-wp-on--pointerdown=\"actions.preloadImage\" data-wp-on--pointerenter=\"actions.preloadImageWithDelay\" data-wp-on--pointerleave=\"actions.cancelPreload\" data-wp-on-window--resize=\"callbacks.setButtonStyles\" data-id=\"42204\" src=\"https:\/\/www.forum-soegel.de\/information\/wp-content\/uploads\/2026\/09\/Abschlussfest-im-Kindergarten-3-1024x853.jpg\" alt=\"\" class=\"wp-image-42204\" srcset=\"https:\/\/www.forum-soegel.de\/information\/wp-content\/uploads\/2026\/09\/Abschlussfest-im-Kindergarten-3-1024x853.jpg 1024w, https:\/\/www.forum-soegel.de\/information\/wp-content\/uploads\/2026\/09\/Abschlussfest-im-Kindergarten-3-300x250.jpg 300w, https:\/\/www.forum-soegel.de\/information\/wp-content\/uploads\/2026\/09\/Abschlussfest-im-Kindergarten-3-767x639.jpg 767w, https:\/\/www.forum-soegel.de\/information\/wp-content\/uploads\/2026\/09\/Abschlussfest-im-Kindergarten-3-1536x1280.jpg 1536w, https:\/\/www.forum-soegel.de\/information\/wp-content\/uploads\/2026\/09\/Abschlussfest-im-Kindergarten-3.jpg 1600w\" sizes=\"auto, (max-width: 1024px) 100vw, 1024px\" \/><button\n\t\t\tclass=\"lightbox-trigger\"\n\t\t\ttype=\"button\"\n\t\t\taria-haspopup=\"dialog\"\n\t\t\tdata-wp-bind--aria-label=\"state.thisImage.triggerButtonAriaLabel\"\n\t\t\tdata-wp-init=\"callbacks.initTriggerButton\"\n\t\t\tdata-wp-on--click=\"actions.showLightbox\"\n\t\t\tdata-wp-style--right=\"state.thisImage.buttonRight\"\n\t\t\tdata-wp-style--top=\"state.thisImage.buttonTop\"\n\t\t>\n\t\t\t<svg xmlns=\"http:\/\/www.w3.org\/2000\/svg\" width=\"12\" height=\"12\" fill=\"none\" viewBox=\"0 0 12 12\">\n\t\t\t\t<path fill=\"#fff\" d=\"M2 0a2 2 0 0 0-2 2v2h1.5V2a.5.5 0 0 1 .5-.5h2V0H2Zm2 10.5H2a.5.5 0 0 1-.5-.5V8H0v2a2 2 0 0 0 2 2h2v-1.5ZM8 12v-1.5h2a.5.5 0 0 0 .5-.5V8H12v2a2 2 0 0 1-2 2H8Zm2-12a2 2 0 0 1 2 2v2h-1.5V2a.5.5 0 0 0-.5-.5H8V0h2Z\" \/>\n\t\t\t<\/svg>\n\t\t<\/button><\/figure>\n<\/figure>\n","protected":false},"excerpt":{"rendered":"Klein Ber\u00dfen &#8211; Es war wieder soweit \u2013 wir durften unsere Vorschulkinder verabschieden. Mit einer spannenden Schatzsuche im Kindergarten begann dieser besondere Tag. Anschlie\u00dfend wurden die Kinder von ihren Familien abgeholt und gemeinsam feierten wir einen wundersch\u00f6nen Gottesdienst unter dem Motto \u201eKinder unterm Regenbogen\u201c. Danach ging es zur\u00fcck in den Kindergarten, wo ein kleines Grillbuffet [&hellip;]\n","protected":false},"author":2,"featured_media":0,"comment_status":"closed","ping_status":"closed","sticky":false,"template":"","format":"standard","meta":{"ngg_post_thumbnail":0,"footnotes":""},"categories":[868],"tags":[],"class_list":["post-42201","post","type-post","status-publish","format-standard","hentry","category-zwischen-himmel-und-erde"],"_links":{"self":[{"href":"https:\/\/www.forum-soegel.de\/information\/wp-json\/wp\/v2\/posts\/42201","targetHints":{"allow":["GET"]}}],"collection":[{"href":"https:\/\/www.forum-soegel.de\/information\/wp-json\/wp\/v2\/posts"}],"about":[{"href":"https:\/\/www.forum-soegel.de\/information\/wp-json\/wp\/v2\/types\/post"}],"author":[{"embeddable":true,"href":"https:\/\/www.forum-soegel.de\/information\/wp-json\/wp\/v2\/users\/2"}],"replies":[{"embeddable":true,"href":"https:\/\/www.forum-soegel.de\/information\/wp-json\/wp\/v2\/comments?post=42201"}],"version-history":[{"count":1,"href":"https:\/\/www.forum-soegel.de\/information\/wp-json\/wp\/v2\/posts\/42201\/revisions"}],"predecessor-version":[{"id":42206,"href":"https:\/\/www.forum-soegel.de\/information\/wp-json\/wp\/v2\/posts\/42201\/revisions\/42206"}],"wp:attachment":[{"href":"https:\/\/www.forum-soegel.de\/information\/wp-json\/wp\/v2\/media?parent=42201"}],"wp:term":[{"taxonomy":"category","embeddable":true,"href":"https:\/\/www.forum-soegel.de\/information\/wp-json\/wp\/v2\/categories?post=42201"},{"taxonomy":"post_tag","embeddable":true,"href":"https:\/\/www.forum-soegel.de\/information\/wp-json\/wp\/v2\/tags?post=42201"}],"curies":[{"name":"wp","href":"https:\/\/api.w.org\/{rel}","templated":true}]}}