{"id":42196,"date":"2026-08-01T17:34:28","date_gmt":"2026-08-01T15:34:28","guid":{"rendered":"https:\/\/www.forum-soegel.de\/information\/?p=42196"},"modified":"2026-09-03T17:35:42","modified_gmt":"2026-09-03T15:35:42","slug":"halbtagesfahrt-der-kfd-berssen","status":"publish","type":"post","link":"https:\/\/www.forum-soegel.de\/information\/2026\/08\/halbtagesfahrt-der-kfd-berssen\/","title":{"rendered":"Halbtagesfahrt der kfd Ber\u00dfen"},"content":{"rendered":"\n<p class=\"wp-block-paragraph\">Ber\u00dfen &#8211; Das Team \u201eTagesfahrt\u201c organisierte eine Fahrradtour f\u00fcr die Mitglieder der Kfd Ber\u00dfen. Wir starteten trotz der hohen Temperaturen in Richtung Stavern und st\u00e4rkten uns im Gasthaus Gerdes mit Kaffee und frisch gebackenem Kuchen. Anschlie\u00dfend fuhren wir abseits der Hauptstra\u00dfen zur rum\u00e4nische-orthodoxen Holzkirche in S\u00f6gel. Hier bekamen wir Gelegenheit zur Besichtigung der Kirche und erhielten viele interessante Informationen zur Entstehung dieser. Auf dem R\u00fcckweg wurde noch eine kleine Pause an der Weidenkirche Bruneforth gemacht. Den Abend lie\u00dfen wir drau\u00dfen am B\u00fcrgerhaus in Klein Ber\u00dfen mit reichlich mitgebrachtem Fingerfood und gek\u00fchlten Getr\u00e4nken ausklingen. Alles in allem war es ein sehr sch\u00f6ner Nachmittag.<\/p>\n\n\n\n<p class=\"wp-block-paragraph\">Text: Marita Kannass<\/p>\n\n\n\n<p class=\"wp-block-paragraph\">Fotos: KFD<\/p>\n\n\n\n<figure data-wp-context=\"{&quot;galleryId&quot;:&quot;6a9a41ef9196c&quot;}\" data-wp-interactive=\"core\/gallery\" class=\"wp-block-gallery has-nested-images columns-default is-cropped wp-block-gallery-1 is-layout-flex wp-block-gallery-is-layout-flex\">\n<figure data-wp-context=\"{&quot;imageId&quot;:&quot;6a9a41ef946c6&quot;}\" data-wp-interactive=\"core\/image\" data-wp-key=\"6a9a41ef946c6\" class=\"wp-block-image size-large wp-lightbox-container\"><img loading=\"lazy\" decoding=\"async\" width=\"768\" height=\"1024\" data-wp-class--hide=\"state.isContentHidden\" data-wp-class--show=\"state.isContentVisible\" data-wp-init=\"callbacks.setButtonStyles\" data-wp-on--click=\"actions.showLightbox\" data-wp-on--load=\"callbacks.setButtonStyles\" data-wp-on--pointerdown=\"actions.preloadImage\" data-wp-on--pointerenter=\"actions.preloadImageWithDelay\" data-wp-on--pointerleave=\"actions.cancelPreload\" data-wp-on-window--resize=\"callbacks.setButtonStyles\" data-id=\"42198\" src=\"https:\/\/www.forum-soegel.de\/information\/wp-content\/uploads\/2026\/09\/Halbtagesfahrt-der-kfd-Ber\u251c\u0192en-6-768x1024-1.jpg\" alt=\"\" class=\"wp-image-42198\" srcset=\"https:\/\/www.forum-soegel.de\/information\/wp-content\/uploads\/2026\/09\/Halbtagesfahrt-der-kfd-Ber\u251c\u0192en-6-768x1024-1.jpg 768w, https:\/\/www.forum-soegel.de\/information\/wp-content\/uploads\/2026\/09\/Halbtagesfahrt-der-kfd-Ber\u251c\u0192en-6-225x300.jpg 225w, https:\/\/www.forum-soegel.de\/information\/wp-content\/uploads\/2026\/09\/Halbtagesfahrt-der-kfd-Ber\u251c\u0192en-6-1152x1536.jpg 1152w, https:\/\/www.forum-soegel.de\/information\/wp-content\/uploads\/2026\/09\/Halbtagesfahrt-der-kfd-Ber\u251c\u0192en-6.jpg 1536w\" sizes=\"auto, (max-width: 768px) 100vw, 768px\" \/><button\n\t\t\tclass=\"lightbox-trigger\"\n\t\t\ttype=\"button\"\n\t\t\taria-haspopup=\"dialog\"\n\t\t\tdata-wp-bind--aria-label=\"state.thisImage.triggerButtonAriaLabel\"\n\t\t\tdata-wp-init=\"callbacks.initTriggerButton\"\n\t\t\tdata-wp-on--click=\"actions.showLightbox\"\n\t\t\tdata-wp-style--right=\"state.thisImage.buttonRight\"\n\t\t\tdata-wp-style--top=\"state.thisImage.buttonTop\"\n\t\t>\n\t\t\t<svg xmlns=\"http:\/\/www.w3.org\/2000\/svg\" width=\"12\" height=\"12\" fill=\"none\" viewBox=\"0 0 12 12\">\n\t\t\t\t<path fill=\"#fff\" d=\"M2 0a2 2 0 0 0-2 2v2h1.5V2a.5.5 0 0 1 .5-.5h2V0H2Zm2 10.5H2a.5.5 0 0 1-.5-.5V8H0v2a2 2 0 0 0 2 2h2v-1.5ZM8 12v-1.5h2a.5.5 0 0 0 .5-.5V8H12v2a2 2 0 0 1-2 2H8Zm2-12a2 2 0 0 1 2 2v2h-1.5V2a.5.5 0 0 0-.5-.5H8V0h2Z\" \/>\n\t\t\t<\/svg>\n\t\t<\/button><\/figure>\n\n\n\n<figure data-wp-context=\"{&quot;imageId&quot;:&quot;6a9a41ef95b41&quot;}\" data-wp-interactive=\"core\/image\" data-wp-key=\"6a9a41ef95b41\" class=\"wp-block-image size-large wp-lightbox-container\"><img loading=\"lazy\" decoding=\"async\" width=\"768\" height=\"1024\" data-wp-class--hide=\"state.isContentHidden\" data-wp-class--show=\"state.isContentVisible\" data-wp-init=\"callbacks.setButtonStyles\" data-wp-on--click=\"actions.showLightbox\" data-wp-on--load=\"callbacks.setButtonStyles\" data-wp-on--pointerdown=\"actions.preloadImage\" data-wp-on--pointerenter=\"actions.preloadImageWithDelay\" data-wp-on--pointerleave=\"actions.cancelPreload\" data-wp-on-window--resize=\"callbacks.setButtonStyles\" data-id=\"42199\" src=\"https:\/\/www.forum-soegel.de\/information\/wp-content\/uploads\/2026\/09\/Halbtagesfahrt-der-kfd-Ber\u251c\u0192en-1-768x1024.jpg\" alt=\"\" class=\"wp-image-42199\" srcset=\"https:\/\/www.forum-soegel.de\/information\/wp-content\/uploads\/2026\/09\/Halbtagesfahrt-der-kfd-Ber\u251c\u0192en-1-768x1024-1.jpg 768w, https:\/\/www.forum-soegel.de\/information\/wp-content\/uploads\/2026\/09\/Halbtagesfahrt-der-kfd-Ber\u251c\u0192en-1-225x300.jpg 225w, https:\/\/www.forum-soegel.de\/information\/wp-content\/uploads\/2026\/09\/Halbtagesfahrt-der-kfd-Ber\u251c\u0192en-1-1152x1536.jpg 1152w, https:\/\/www.forum-soegel.de\/information\/wp-content\/uploads\/2026\/09\/Halbtagesfahrt-der-kfd-Ber\u251c\u0192en-1.jpg 1536w\" sizes=\"auto, (max-width: 768px) 100vw, 768px\" \/><button\n\t\t\tclass=\"lightbox-trigger\"\n\t\t\ttype=\"button\"\n\t\t\taria-haspopup=\"dialog\"\n\t\t\tdata-wp-bind--aria-label=\"state.thisImage.triggerButtonAriaLabel\"\n\t\t\tdata-wp-init=\"callbacks.initTriggerButton\"\n\t\t\tdata-wp-on--click=\"actions.showLightbox\"\n\t\t\tdata-wp-style--right=\"state.thisImage.buttonRight\"\n\t\t\tdata-wp-style--top=\"state.thisImage.buttonTop\"\n\t\t>\n\t\t\t<svg xmlns=\"http:\/\/www.w3.org\/2000\/svg\" width=\"12\" height=\"12\" fill=\"none\" viewBox=\"0 0 12 12\">\n\t\t\t\t<path fill=\"#fff\" d=\"M2 0a2 2 0 0 0-2 2v2h1.5V2a.5.5 0 0 1 .5-.5h2V0H2Zm2 10.5H2a.5.5 0 0 1-.5-.5V8H0v2a2 2 0 0 0 2 2h2v-1.5ZM8 12v-1.5h2a.5.5 0 0 0 .5-.5V8H12v2a2 2 0 0 1-2 2H8Zm2-12a2 2 0 0 1 2 2v2h-1.5V2a.5.5 0 0 0-.5-.5H8V0h2Z\" \/>\n\t\t\t<\/svg>\n\t\t<\/button><\/figure>\n\n\n\n<figure data-wp-context=\"{&quot;imageId&quot;:&quot;6a9a41ef96847&quot;}\" data-wp-interactive=\"core\/image\" data-wp-key=\"6a9a41ef96847\" class=\"wp-block-image size-full wp-lightbox-container\"><img loading=\"lazy\" decoding=\"async\" width=\"480\" height=\"640\" data-wp-class--hide=\"state.isContentHidden\" data-wp-class--show=\"state.isContentVisible\" data-wp-init=\"callbacks.setButtonStyles\" data-wp-on--click=\"actions.showLightbox\" data-wp-on--load=\"callbacks.setButtonStyles\" data-wp-on--pointerdown=\"actions.preloadImage\" data-wp-on--pointerenter=\"actions.preloadImageWithDelay\" data-wp-on--pointerleave=\"actions.cancelPreload\" data-wp-on-window--resize=\"callbacks.setButtonStyles\" data-id=\"42197\" src=\"https:\/\/www.forum-soegel.de\/information\/wp-content\/uploads\/2026\/09\/Halbtagesfahrt-der-kfd-Ber\u251c\u0192en-3.jpg\" alt=\"\" class=\"wp-image-42197\" srcset=\"https:\/\/www.forum-soegel.de\/information\/wp-content\/uploads\/2026\/09\/Halbtagesfahrt-der-kfd-Ber\u251c\u0192en-3.jpg 480w, https:\/\/www.forum-soegel.de\/information\/wp-content\/uploads\/2026\/09\/Halbtagesfahrt-der-kfd-Ber\u251c\u0192en-3-225x300.jpg 225w\" sizes=\"auto, (max-width: 480px) 100vw, 480px\" \/><button\n\t\t\tclass=\"lightbox-trigger\"\n\t\t\ttype=\"button\"\n\t\t\taria-haspopup=\"dialog\"\n\t\t\tdata-wp-bind--aria-label=\"state.thisImage.triggerButtonAriaLabel\"\n\t\t\tdata-wp-init=\"callbacks.initTriggerButton\"\n\t\t\tdata-wp-on--click=\"actions.showLightbox\"\n\t\t\tdata-wp-style--right=\"state.thisImage.buttonRight\"\n\t\t\tdata-wp-style--top=\"state.thisImage.buttonTop\"\n\t\t>\n\t\t\t<svg xmlns=\"http:\/\/www.w3.org\/2000\/svg\" width=\"12\" height=\"12\" fill=\"none\" viewBox=\"0 0 12 12\">\n\t\t\t\t<path fill=\"#fff\" d=\"M2 0a2 2 0 0 0-2 2v2h1.5V2a.5.5 0 0 1 .5-.5h2V0H2Zm2 10.5H2a.5.5 0 0 1-.5-.5V8H0v2a2 2 0 0 0 2 2h2v-1.5ZM8 12v-1.5h2a.5.5 0 0 0 .5-.5V8H12v2a2 2 0 0 1-2 2H8Zm2-12a2 2 0 0 1 2 2v2h-1.5V2a.5.5 0 0 0-.5-.5H8V0h2Z\" \/>\n\t\t\t<\/svg>\n\t\t<\/button><\/figure>\n<\/figure>\n","protected":false},"excerpt":{"rendered":"Ber\u00dfen &#8211; Das Team \u201eTagesfahrt\u201c organisierte eine Fahrradtour f\u00fcr die Mitglieder der Kfd Ber\u00dfen. Wir starteten trotz der hohen Temperaturen in Richtung Stavern und st\u00e4rkten uns im Gasthaus Gerdes mit Kaffee und frisch gebackenem Kuchen. Anschlie\u00dfend fuhren wir abseits der Hauptstra\u00dfen zur rum\u00e4nische-orthodoxen Holzkirche in S\u00f6gel. Hier bekamen wir Gelegenheit zur Besichtigung der Kirche und [&hellip;]\n","protected":false},"author":2,"featured_media":0,"comment_status":"closed","ping_status":"closed","sticky":false,"template":"","format":"standard","meta":{"ngg_post_thumbnail":0,"footnotes":""},"categories":[868],"tags":[],"class_list":["post-42196","post","type-post","status-publish","format-standard","hentry","category-zwischen-himmel-und-erde"],"_links":{"self":[{"href":"https:\/\/www.forum-soegel.de\/information\/wp-json\/wp\/v2\/posts\/42196","targetHints":{"allow":["GET"]}}],"collection":[{"href":"https:\/\/www.forum-soegel.de\/information\/wp-json\/wp\/v2\/posts"}],"about":[{"href":"https:\/\/www.forum-soegel.de\/information\/wp-json\/wp\/v2\/types\/post"}],"author":[{"embeddable":true,"href":"https:\/\/www.forum-soegel.de\/information\/wp-json\/wp\/v2\/users\/2"}],"replies":[{"embeddable":true,"href":"https:\/\/www.forum-soegel.de\/information\/wp-json\/wp\/v2\/comments?post=42196"}],"version-history":[{"count":1,"href":"https:\/\/www.forum-soegel.de\/information\/wp-json\/wp\/v2\/posts\/42196\/revisions"}],"predecessor-version":[{"id":42200,"href":"https:\/\/www.forum-soegel.de\/information\/wp-json\/wp\/v2\/posts\/42196\/revisions\/42200"}],"wp:attachment":[{"href":"https:\/\/www.forum-soegel.de\/information\/wp-json\/wp\/v2\/media?parent=42196"}],"wp:term":[{"taxonomy":"category","embeddable":true,"href":"https:\/\/www.forum-soegel.de\/information\/wp-json\/wp\/v2\/categories?post=42196"},{"taxonomy":"post_tag","embeddable":true,"href":"https:\/\/www.forum-soegel.de\/information\/wp-json\/wp\/v2\/tags?post=42196"}],"curies":[{"name":"wp","href":"https:\/\/api.w.org\/{rel}","templated":true}]}}