{"id":42188,"date":"2026-08-01T15:53:14","date_gmt":"2026-08-01T13:53:14","guid":{"rendered":"https:\/\/www.forum-soegel.de\/information\/?p=42188"},"modified":"2026-09-03T17:22:48","modified_gmt":"2026-09-03T15:22:48","slug":"wirtschaftsverband-soegel-e-v-laedt-zum-sg-buergermeister-kandidatenduell-ein","status":"publish","type":"post","link":"https:\/\/www.forum-soegel.de\/information\/2026\/08\/wirtschaftsverband-soegel-e-v-laedt-zum-sg-buergermeister-kandidatenduell-ein\/","title":{"rendered":"Wirtschaftsverband S\u00f6gel e.V. l\u00e4dt zum SG-B\u00fcrgermeister-Kandidatenduell ein!"},"content":{"rendered":"\n<p class=\"wp-block-paragraph\">Im Rahmen der bevorstehenden Kommunalwahl am 13.09.2026 l\u00e4dt der Wirtschaftsverband S\u00f6gel e.V. die B\u00fcrgerinnen und B\u00fcrger der Samtgemeinde S\u00f6gel zu einem \u00f6ffentlichen Kandidatenduell ein. Anno Immenga (SPD) und Jannis Kuper (CDU) stellen sich in einem offenen Schlagabtausch den Fragen des Publikums zu den Themen Wirtschaft, Infrastruktur, Soziales, Sicherheit u.v.m.<\/p>\n\n\n\n<p class=\"wp-block-paragraph\">Die Veranstaltung wird vom Wirtschaftsverband S\u00f6gel e. V. organisiert und im Autohaus Bartels am 25.08.2026 um 19:00 Uhr stattfinden. Die Moderation \u00fcbernimmt der NOZ-Redakteur Christian Belling. Die entsprechenden R\u00e4umlichkeiten f\u00fcr das Samtgemeinde-B\u00fcrgermeisterduell hat der erste Vorsitzende des Wirtschaftsverbandes S\u00f6gel e. V., Herr Carsten Bartels, zur Verf\u00fcgung gestellt. Der Wirtschaftsverband S\u00f6gel e.V. erwartet einen spannenden Austausch zwischen den Kandidaten und w\u00fcnscht sich eine rege Beteiligung der B\u00fcrgerinnen und B\u00fcrger, die auch selbst Fragen an die Kandidaten stellen k\u00f6nnen. Um einen reibungslosen Ablauf zu gew\u00e4hrleisten, bittet der Wirtschaftsverband S\u00f6gel e. V. Fragew\u00fcnsche vorab per E-Mail an folgende Adresse einzureichen: fragen@wv-soegel.de<\/p>\n\n\n\n<p class=\"wp-block-paragraph\">Eine Reservierung von Pl\u00e4tzen ist nicht m\u00f6glich, eine Versorgung mit Getr\u00e4nken hat der Wirtschaftsverband S\u00f6gel e.V. sichergestellt.<\/p>\n\n\n\n<p class=\"wp-block-paragraph\">Text: Andre Sandker<\/p>\n","protected":false},"excerpt":{"rendered":"Im Rahmen der bevorstehenden Kommunalwahl am 13.09.2026 l\u00e4dt der Wirtschaftsverband S\u00f6gel e.V. die B\u00fcrgerinnen und B\u00fcrger der Samtgemeinde S\u00f6gel zu einem \u00f6ffentlichen Kandidatenduell ein. Anno Immenga (SPD) und Jannis Kuper (CDU) stellen sich in einem offenen Schlagabtausch den Fragen des Publikums zu den Themen Wirtschaft, Infrastruktur, Soziales, Sicherheit u.v.m. Die Veranstaltung wird vom Wirtschaftsverband S\u00f6gel [&hellip;]\n","protected":false},"author":2,"featured_media":0,"comment_status":"closed","ping_status":"closed","sticky":false,"template":"","format":"standard","meta":{"ngg_post_thumbnail":0,"footnotes":""},"categories":[933],"tags":[],"class_list":["post-42188","post","type-post","status-publish","format-standard","hentry","category-kommunalwahl-2026"],"_links":{"self":[{"href":"https:\/\/www.forum-soegel.de\/information\/wp-json\/wp\/v2\/posts\/42188","targetHints":{"allow":["GET"]}}],"collection":[{"href":"https:\/\/www.forum-soegel.de\/information\/wp-json\/wp\/v2\/posts"}],"about":[{"href":"https:\/\/www.forum-soegel.de\/information\/wp-json\/wp\/v2\/types\/post"}],"author":[{"embeddable":true,"href":"https:\/\/www.forum-soegel.de\/information\/wp-json\/wp\/v2\/users\/2"}],"replies":[{"embeddable":true,"href":"https:\/\/www.forum-soegel.de\/information\/wp-json\/wp\/v2\/comments?post=42188"}],"version-history":[{"count":3,"href":"https:\/\/www.forum-soegel.de\/information\/wp-json\/wp\/v2\/posts\/42188\/revisions"}],"predecessor-version":[{"id":42191,"href":"https:\/\/www.forum-soegel.de\/information\/wp-json\/wp\/v2\/posts\/42188\/revisions\/42191"}],"wp:attachment":[{"href":"https:\/\/www.forum-soegel.de\/information\/wp-json\/wp\/v2\/media?parent=42188"}],"wp:term":[{"taxonomy":"category","embeddable":true,"href":"https:\/\/www.forum-soegel.de\/information\/wp-json\/wp\/v2\/categories?post=42188"},{"taxonomy":"post_tag","embeddable":true,"href":"https:\/\/www.forum-soegel.de\/information\/wp-json\/wp\/v2\/tags?post=42188"}],"curies":[{"name":"wp","href":"https:\/\/api.w.org\/{rel}","templated":true}]}}