{"id":42185,"date":"2026-08-01T15:51:28","date_gmt":"2026-08-01T13:51:28","guid":{"rendered":"https:\/\/www.forum-soegel.de\/information\/?p=42185"},"modified":"2026-09-03T15:52:54","modified_gmt":"2026-09-03T13:52:54","slug":"die-uwg-ortsverbaende-des-huemmling-nominieren-acht-kandidaten-zur-wahl-des-samtgemeinderates-soegel","status":"publish","type":"post","link":"https:\/\/www.forum-soegel.de\/information\/2026\/08\/die-uwg-ortsverbaende-des-huemmling-nominieren-acht-kandidaten-zur-wahl-des-samtgemeinderates-soegel\/","title":{"rendered":"Die UWG Ortsverb\u00e4nde des H\u00fcmmling nominieren acht Kandidaten zur Wahl des Samtgemeinderates S\u00f6gel"},"content":{"rendered":"\n<p class=\"wp-block-paragraph\">S\u00f6gel &#8211; Die Ortsverb\u00e4nde der Unabh\u00e4ngigen W\u00e4hlergemeinschaft (UWG) des H\u00fcmmlings werden bei der Kommunalwahl mit acht Kandidatinnen und Kandidaten f\u00fcr den Samtgemeinderat S\u00f6gel antreten. Im Rahmen der Aufstellungsversammlung in Stavern wurden einstimmig Ulrich W\u00f6ste und Michael Schuten (UWG B\u00f6rger), Alexandra G\u00e4ken, Konrad L\u00fcnswilken und Frank Jansen (UWG Spahnharrenst\u00e4tte) sowie Gerd Rode, J\u00fcrgen Wilkens und Alexander Wester (UWG Stavern) als Bewerber nominiert.<\/p>\n\n\n\n<p class=\"wp-block-paragraph\">Seit der Kommunalwahl 2021 konnten sowohl die UWG Spahnharrenst\u00e4tte als auch die UWG Stavern die Mehrheit in ihren jeweiligen Gemeinder\u00e4ten erreichen. In Spahnharrenst\u00e4tte stellt die UWG mit Konrad L\u00fcnswilken den B\u00fcrgermeister, in Stavern mit Gerd Rode. Im Gemeinderat B\u00f6rger verf\u00fcgt die UWG gemeinsam mit der SPD \u00fcber die Mehrheit. Dort wurde Ulrich W\u00f6ste zum stellvertretenden B\u00fcrgermeister gew\u00e4hlt.<\/p>\n\n\n\n<p class=\"wp-block-paragraph\">\u201eWir werden uns auch in Zukunft f\u00fcr eine starke Samtgemeinde einsetzen. Gleichzeitig ist es uns wichtig, dass die Mitgliedsgemeinden gut aufgestellt sind. Nur gemeinsam k\u00f6nnen wir unsere Region H\u00fcmmling nachhaltig weiterentwickeln\u201c, betonte der Staverner B\u00fcrgermeister Gerd Rode.<\/p>\n\n\n\n<p class=\"wp-block-paragraph\">Konrad L\u00fcnswilken, B\u00fcrgermeister der Gemeinde Spahnharrenst\u00e4tte, erg\u00e4nzte: \u201eAlle Mitgliedsgemeinden m\u00fcssen eine echte Solidargemeinschaft bilden und sich gegenseitig unterst\u00fctzen. Nur durch ein gutes Miteinander k\u00f6nnen wir die Herausforderungen der Zukunft erfolgreich bew\u00e4ltigen.\u201c<\/p>\n\n\n\n<p class=\"wp-block-paragraph\">Text\/Foto: Gerd Rode<\/p>\n\n\n\n<figure data-wp-context=\"{&quot;imageId&quot;:&quot;6a9a1fae01f6e&quot;}\" data-wp-interactive=\"core\/image\" data-wp-key=\"6a9a1fae01f6e\" class=\"wp-block-image size-large wp-lightbox-container\"><img loading=\"lazy\" decoding=\"async\" width=\"1024\" height=\"739\" data-wp-class--hide=\"state.isContentHidden\" data-wp-class--show=\"state.isContentVisible\" data-wp-init=\"callbacks.setButtonStyles\" data-wp-on--click=\"actions.showLightbox\" data-wp-on--load=\"callbacks.setButtonStyles\" data-wp-on--pointerdown=\"actions.preloadImage\" data-wp-on--pointerenter=\"actions.preloadImageWithDelay\" data-wp-on--pointerleave=\"actions.cancelPreload\" data-wp-on-window--resize=\"callbacks.setButtonStyles\" src=\"https:\/\/www.forum-soegel.de\/information\/wp-content\/uploads\/2026\/09\/UWG-SG-Kandidaten-1024x739.jpg\" alt=\"\" class=\"wp-image-42186\" srcset=\"https:\/\/www.forum-soegel.de\/information\/wp-content\/uploads\/2026\/09\/UWG-SG-Kandidaten-1024x739.jpg 1024w, https:\/\/www.forum-soegel.de\/information\/wp-content\/uploads\/2026\/09\/UWG-SG-Kandidaten-300x216.jpg 300w, https:\/\/www.forum-soegel.de\/information\/wp-content\/uploads\/2026\/09\/UWG-SG-Kandidaten-768x554.jpg 768w, https:\/\/www.forum-soegel.de\/information\/wp-content\/uploads\/2026\/09\/UWG-SG-Kandidaten.png 1476w\" sizes=\"auto, (max-width: 1024px) 100vw, 1024px\" \/><button\n\t\t\tclass=\"lightbox-trigger\"\n\t\t\ttype=\"button\"\n\t\t\taria-haspopup=\"dialog\"\n\t\t\tdata-wp-bind--aria-label=\"state.thisImage.triggerButtonAriaLabel\"\n\t\t\tdata-wp-init=\"callbacks.initTriggerButton\"\n\t\t\tdata-wp-on--click=\"actions.showLightbox\"\n\t\t\tdata-wp-style--right=\"state.thisImage.buttonRight\"\n\t\t\tdata-wp-style--top=\"state.thisImage.buttonTop\"\n\t\t>\n\t\t\t<svg xmlns=\"http:\/\/www.w3.org\/2000\/svg\" width=\"12\" height=\"12\" fill=\"none\" viewBox=\"0 0 12 12\">\n\t\t\t\t<path fill=\"#fff\" d=\"M2 0a2 2 0 0 0-2 2v2h1.5V2a.5.5 0 0 1 .5-.5h2V0H2Zm2 10.5H2a.5.5 0 0 1-.5-.5V8H0v2a2 2 0 0 0 2 2h2v-1.5ZM8 12v-1.5h2a.5.5 0 0 0 .5-.5V8H12v2a2 2 0 0 1-2 2H8Zm2-12a2 2 0 0 1 2 2v2h-1.5V2a.5.5 0 0 0-.5-.5H8V0h2Z\" \/>\n\t\t\t<\/svg>\n\t\t<\/button><figcaption class=\"wp-element-caption\">v.l.: J\u00fcrgen Wilkens, Gerd Rode, Alexander Wester (UWG Stavern) Ulrich W\u00f6ste, Michael Schuten (UWG B\u00f6rger), Frank Jansen, Alexandra G\u00e4ken, Kontrad L\u00fcnswilken (UWG Spahnharrenst\u00e4tte)<\/figcaption><\/figure>\n","protected":false},"excerpt":{"rendered":"S\u00f6gel &#8211; Die Ortsverb\u00e4nde der Unabh\u00e4ngigen W\u00e4hlergemeinschaft (UWG) des H\u00fcmmlings werden bei der Kommunalwahl mit acht Kandidatinnen und Kandidaten f\u00fcr den Samtgemeinderat S\u00f6gel antreten. Im Rahmen der Aufstellungsversammlung in Stavern wurden einstimmig Ulrich W\u00f6ste und Michael Schuten (UWG B\u00f6rger), Alexandra G\u00e4ken, Konrad L\u00fcnswilken und Frank Jansen (UWG Spahnharrenst\u00e4tte) sowie Gerd Rode, J\u00fcrgen Wilkens und Alexander [&hellip;]\n","protected":false},"author":2,"featured_media":0,"comment_status":"closed","ping_status":"closed","sticky":false,"template":"","format":"standard","meta":{"ngg_post_thumbnail":0,"footnotes":""},"categories":[933],"tags":[],"class_list":["post-42185","post","type-post","status-publish","format-standard","hentry","category-kommunalwahl-2026"],"_links":{"self":[{"href":"https:\/\/www.forum-soegel.de\/information\/wp-json\/wp\/v2\/posts\/42185","targetHints":{"allow":["GET"]}}],"collection":[{"href":"https:\/\/www.forum-soegel.de\/information\/wp-json\/wp\/v2\/posts"}],"about":[{"href":"https:\/\/www.forum-soegel.de\/information\/wp-json\/wp\/v2\/types\/post"}],"author":[{"embeddable":true,"href":"https:\/\/www.forum-soegel.de\/information\/wp-json\/wp\/v2\/users\/2"}],"replies":[{"embeddable":true,"href":"https:\/\/www.forum-soegel.de\/information\/wp-json\/wp\/v2\/comments?post=42185"}],"version-history":[{"count":1,"href":"https:\/\/www.forum-soegel.de\/information\/wp-json\/wp\/v2\/posts\/42185\/revisions"}],"predecessor-version":[{"id":42187,"href":"https:\/\/www.forum-soegel.de\/information\/wp-json\/wp\/v2\/posts\/42185\/revisions\/42187"}],"wp:attachment":[{"href":"https:\/\/www.forum-soegel.de\/information\/wp-json\/wp\/v2\/media?parent=42185"}],"wp:term":[{"taxonomy":"category","embeddable":true,"href":"https:\/\/www.forum-soegel.de\/information\/wp-json\/wp\/v2\/categories?post=42185"},{"taxonomy":"post_tag","embeddable":true,"href":"https:\/\/www.forum-soegel.de\/information\/wp-json\/wp\/v2\/tags?post=42185"}],"curies":[{"name":"wp","href":"https:\/\/api.w.org\/{rel}","templated":true}]}}