{"id":42182,"date":"2026-08-01T15:49:47","date_gmt":"2026-08-01T13:49:47","guid":{"rendered":"https:\/\/www.forum-soegel.de\/information\/?p=42182"},"modified":"2026-09-03T15:51:26","modified_gmt":"2026-09-03T13:51:26","slug":"uwg-spahnharrenstaette-tritt-mit-11-kandidatinnen-und-kandidaten-zur-kommunalwahl-an","status":"publish","type":"post","link":"https:\/\/www.forum-soegel.de\/information\/2026\/08\/uwg-spahnharrenstaette-tritt-mit-11-kandidatinnen-und-kandidaten-zur-kommunalwahl-an\/","title":{"rendered":"UWG Spahnharrenst\u00e4tte tritt mit 11 Kandidatinnen und Kandidaten zur Kommunalwahl an"},"content":{"rendered":"\n<p class=\"wp-block-paragraph\">Spahnharrenst\u00e4tte &#8211; Mit einem engagierten, zukunftsorientierten und vielf\u00e4ltigen Team tritt die Unabh\u00e4ngige W\u00e4hlergemeinschaft bei der Kommunalwahl am 13.09.2026 in Spahnharrenst\u00e4tte an.<\/p>\n\n\n\n<p class=\"wp-block-paragraph\">\u201eUnsere Kandidaten kommen aus unterschiedlichen Lebensbereichen und bringen ihre Erfahrung z.B. aus der Vereinsarbeit, der Wirtschaft, Bildung und Familie ein\u201c, so die Fraktionsvorsitzende Mechthild Glander.<\/p>\n\n\n\n<p class=\"wp-block-paragraph\">\u201eGemeinsam stehen wir f\u00fcr verschiedenste Kernthemen ein, u.a. f\u00fcr einen lebendigen Ortskern, eine familienfreundliche Kommune und die Verantwortung f\u00fcr eine weiterhin solide Haushaltsf\u00fchrung mit den entsprechenden Investitionen zum Wohle aller B\u00fcrgerinnen und B\u00fcrger\u201c, so Konrad L\u00fcnswilken.<\/p>\n\n\n\n<p class=\"wp-block-paragraph\">Die Kandidaten der W\u00e4hlergemeinschaft f\u00fcr die Gemeinderatswahl in Spahnharrenst\u00e4tte sind: Alexandra G\u00e4ken, Christoph Rosen, Niklas Heyen, Frank Jansen, Mechthild Glander, Jan Wilhelm Steenken, Mareike Kellner, David Oldopp, Konrad L\u00fcnswilken, Stefan T\u00f6bben und Marion Grunewald.<\/p>\n\n\n\n<p class=\"wp-block-paragraph\">F\u00fcr den Samtgemeinderat S\u00f6gel treten Alexandra G\u00e4ken, Konrad L\u00fcnswilken und Frank Jansen aus den Reihen der Unabh\u00e4ngigen W\u00e4hlergemeinschaft Spahnharrenst\u00e4tte an.&nbsp;&nbsp;<\/p>\n\n\n\n<p class=\"wp-block-paragraph\">Text: M. Glander<\/p>\n\n\n\n<p class=\"wp-block-paragraph\">Foto: UWG Spahnharrenst\u00e4tte<\/p>\n\n\n\n<figure data-wp-context=\"{&quot;imageId&quot;:&quot;6a9a1f8915c86&quot;}\" data-wp-interactive=\"core\/image\" data-wp-key=\"6a9a1f8915c86\" class=\"wp-block-image size-large wp-lightbox-container\"><img loading=\"lazy\" decoding=\"async\" width=\"1024\" height=\"769\" data-wp-class--hide=\"state.isContentHidden\" data-wp-class--show=\"state.isContentVisible\" data-wp-init=\"callbacks.setButtonStyles\" data-wp-on--click=\"actions.showLightbox\" data-wp-on--load=\"callbacks.setButtonStyles\" data-wp-on--pointerdown=\"actions.preloadImage\" data-wp-on--pointerenter=\"actions.preloadImageWithDelay\" data-wp-on--pointerleave=\"actions.cancelPreload\" data-wp-on-window--resize=\"callbacks.setButtonStyles\" src=\"https:\/\/www.forum-soegel.de\/information\/wp-content\/uploads\/2026\/09\/UWG-Kandidaten-Gemeinderat-Spahnharrensta\u2560ette-1024x769.jpg\" alt=\"\" class=\"wp-image-42183\" srcset=\"https:\/\/www.forum-soegel.de\/information\/wp-content\/uploads\/2026\/09\/UWG-Kandidaten-Gemeinderat-Spahnharrensta\u2560ette-1024x769.jpg 1024w, https:\/\/www.forum-soegel.de\/information\/wp-content\/uploads\/2026\/09\/UWG-Kandidaten-Gemeinderat-Spahnharrensta\u2560ette-300x225.jpg 300w, https:\/\/www.forum-soegel.de\/information\/wp-content\/uploads\/2026\/09\/UWG-Kandidaten-Gemeinderat-Spahnharrensta\u2560ette-767x576.jpg 767w, https:\/\/www.forum-soegel.de\/information\/wp-content\/uploads\/2026\/09\/UWG-Kandidaten-Gemeinderat-Spahnharrensta\u2560ette.jpg 1362w\" sizes=\"auto, (max-width: 1024px) 100vw, 1024px\" \/><button\n\t\t\tclass=\"lightbox-trigger\"\n\t\t\ttype=\"button\"\n\t\t\taria-haspopup=\"dialog\"\n\t\t\tdata-wp-bind--aria-label=\"state.thisImage.triggerButtonAriaLabel\"\n\t\t\tdata-wp-init=\"callbacks.initTriggerButton\"\n\t\t\tdata-wp-on--click=\"actions.showLightbox\"\n\t\t\tdata-wp-style--right=\"state.thisImage.buttonRight\"\n\t\t\tdata-wp-style--top=\"state.thisImage.buttonTop\"\n\t\t>\n\t\t\t<svg xmlns=\"http:\/\/www.w3.org\/2000\/svg\" width=\"12\" height=\"12\" fill=\"none\" viewBox=\"0 0 12 12\">\n\t\t\t\t<path fill=\"#fff\" d=\"M2 0a2 2 0 0 0-2 2v2h1.5V2a.5.5 0 0 1 .5-.5h2V0H2Zm2 10.5H2a.5.5 0 0 1-.5-.5V8H0v2a2 2 0 0 0 2 2h2v-1.5ZM8 12v-1.5h2a.5.5 0 0 0 .5-.5V8H12v2a2 2 0 0 1-2 2H8Zm2-12a2 2 0 0 1 2 2v2h-1.5V2a.5.5 0 0 0-.5-.5H8V0h2Z\" \/>\n\t\t\t<\/svg>\n\t\t<\/button><\/figure>\n","protected":false},"excerpt":{"rendered":"Spahnharrenst\u00e4tte &#8211; Mit einem engagierten, zukunftsorientierten und vielf\u00e4ltigen Team tritt die Unabh\u00e4ngige W\u00e4hlergemeinschaft bei der Kommunalwahl am 13.09.2026 in Spahnharrenst\u00e4tte an. \u201eUnsere Kandidaten kommen aus unterschiedlichen Lebensbereichen und bringen ihre Erfahrung z.B. aus der Vereinsarbeit, der Wirtschaft, Bildung und Familie ein\u201c, so die Fraktionsvorsitzende Mechthild Glander. \u201eGemeinsam stehen wir f\u00fcr verschiedenste Kernthemen ein, u.a. f\u00fcr [&hellip;]\n","protected":false},"author":2,"featured_media":0,"comment_status":"closed","ping_status":"closed","sticky":false,"template":"","format":"standard","meta":{"ngg_post_thumbnail":0,"footnotes":""},"categories":[933],"tags":[],"class_list":["post-42182","post","type-post","status-publish","format-standard","hentry","category-kommunalwahl-2026"],"_links":{"self":[{"href":"https:\/\/www.forum-soegel.de\/information\/wp-json\/wp\/v2\/posts\/42182","targetHints":{"allow":["GET"]}}],"collection":[{"href":"https:\/\/www.forum-soegel.de\/information\/wp-json\/wp\/v2\/posts"}],"about":[{"href":"https:\/\/www.forum-soegel.de\/information\/wp-json\/wp\/v2\/types\/post"}],"author":[{"embeddable":true,"href":"https:\/\/www.forum-soegel.de\/information\/wp-json\/wp\/v2\/users\/2"}],"replies":[{"embeddable":true,"href":"https:\/\/www.forum-soegel.de\/information\/wp-json\/wp\/v2\/comments?post=42182"}],"version-history":[{"count":1,"href":"https:\/\/www.forum-soegel.de\/information\/wp-json\/wp\/v2\/posts\/42182\/revisions"}],"predecessor-version":[{"id":42184,"href":"https:\/\/www.forum-soegel.de\/information\/wp-json\/wp\/v2\/posts\/42182\/revisions\/42184"}],"wp:attachment":[{"href":"https:\/\/www.forum-soegel.de\/information\/wp-json\/wp\/v2\/media?parent=42182"}],"wp:term":[{"taxonomy":"category","embeddable":true,"href":"https:\/\/www.forum-soegel.de\/information\/wp-json\/wp\/v2\/categories?post=42182"},{"taxonomy":"post_tag","embeddable":true,"href":"https:\/\/www.forum-soegel.de\/information\/wp-json\/wp\/v2\/tags?post=42182"}],"curies":[{"name":"wp","href":"https:\/\/api.w.org\/{rel}","templated":true}]}}