{"id":42176,"date":"2026-08-01T15:45:41","date_gmt":"2026-08-01T13:45:41","guid":{"rendered":"https:\/\/www.forum-soegel.de\/information\/?p=42176"},"modified":"2026-09-03T15:49:45","modified_gmt":"2026-09-03T13:49:45","slug":"breites-leistungsspektrum-beim-kfz-meisterbetrieb-martin-hinderks","status":"publish","type":"post","link":"https:\/\/www.forum-soegel.de\/information\/2026\/08\/breites-leistungsspektrum-beim-kfz-meisterbetrieb-martin-hinderks\/","title":{"rendered":"Breites Leistungsspektrum beim Kfz-Meisterbetrieb Martin Hinderks"},"content":{"rendered":"\n<p class=\"wp-block-paragraph\">S\u00f6gel &#8211; Einen interessanten Einblick in die Arbeit eines modernen Kfz-Meisterbetriebes erhielten die Kandidatinnen und Kandidaten der SPD S\u00f6gel f\u00fcr die kommende Kommunalwahl auch bei ihrem Besuch im Kfz-Meisterbetrieb AutoPro von Martin Hinderks in S\u00f6gel. Der inhabergef\u00fchrte Betrieb an der General-Clay-Stra\u00dfe bietet ein breites Leistungsspektrum rund um Wartung, Reparatur und Fahrzeugservice.<\/p>\n\n\n\n<p class=\"wp-block-paragraph\">W\u00e4hrend des Rundgangs zeigte Martin Hinderks den G\u00e4sten die vielf\u00e4ltigen Aufgaben, die heute in einer modernen Kfz-Werkstatt anfallen. Neben klassischen Reparaturen geh\u00f6ren der Umgang mit hochentwickelter Fahrzeugtechnik, computergest\u00fctzte Diagnosen sowie die Betreuung unterschiedlichster Fahrzeugtypen l\u00e4ngst zum Werkstattalltag.<\/p>\n\n\n\n<p class=\"wp-block-paragraph\">Ein zentrales Thema des Austausches war der zunehmende Fachkr\u00e4ftemangel. Aktuell sucht der Betrieb dringend Verst\u00e4rkung f\u00fcr das Werkstattteam. Der Unternehmer betonte, dass der Mangel an Fachkr\u00e4ften f\u00fcr viele mittelst\u00e4ndische Handwerksbetriebe zu einer gro\u00dfen Herausforderung geworden sei.<\/p>\n\n\n\n<p class=\"wp-block-paragraph\">Der B\u00fcrgermeisterkandidat f\u00fcr die Samtgemeinde, Anno Immenga, unterstrich: \u201eBetriebe wie der von Martin Hinderks schaffen Arbeitspl\u00e4tze, bilden aus und sorgen f\u00fcr eine wohnortnahe Versorgung mit wichtigen Dienstleistungen\u201c. Der Besuch habe einmal mehr gezeigt, wie wichtig der direkte Dialog zwischen Politik und \u00f6rtlicher Wirtschaft sei, um die Herausforderungen der Zukunft gemeinsam anzugehen.<\/p>\n\n\n\n<p class=\"wp-block-paragraph\">Text: Ralf Schr\u00f6der<\/p>\n\n\n\n<p class=\"wp-block-paragraph\">Fotos: Sivia Wagener<\/p>\n\n\n\n<figure data-wp-context=\"{&quot;imageId&quot;:&quot;6a9a1f8f8de81&quot;}\" data-wp-interactive=\"core\/image\" data-wp-key=\"6a9a1f8f8de81\" class=\"wp-block-image size-large wp-lightbox-container\"><img loading=\"lazy\" decoding=\"async\" width=\"768\" height=\"1024\" data-wp-class--hide=\"state.isContentHidden\" data-wp-class--show=\"state.isContentVisible\" data-wp-init=\"callbacks.setButtonStyles\" data-wp-on--click=\"actions.showLightbox\" data-wp-on--load=\"callbacks.setButtonStyles\" data-wp-on--pointerdown=\"actions.preloadImage\" data-wp-on--pointerenter=\"actions.preloadImageWithDelay\" data-wp-on--pointerleave=\"actions.cancelPreload\" data-wp-on-window--resize=\"callbacks.setButtonStyles\" src=\"https:\/\/www.forum-soegel.de\/information\/wp-content\/uploads\/2026\/09\/SPD-Kommunalwahlkandidaten-besuchen-Kfz-Meisterbetrieb_3-768x1024-1.jpeg\" alt=\"\" class=\"wp-image-42177\" srcset=\"https:\/\/www.forum-soegel.de\/information\/wp-content\/uploads\/2026\/09\/SPD-Kommunalwahlkandidaten-besuchen-Kfz-Meisterbetrieb_3-768x1024-1.jpeg 768w, https:\/\/www.forum-soegel.de\/information\/wp-content\/uploads\/2026\/09\/SPD-Kommunalwahlkandidaten-besuchen-Kfz-Meisterbetrieb_3-225x300.jpeg 225w, https:\/\/www.forum-soegel.de\/information\/wp-content\/uploads\/2026\/09\/SPD-Kommunalwahlkandidaten-besuchen-Kfz-Meisterbetrieb_3-1152x1536.jpeg 1152w, https:\/\/www.forum-soegel.de\/information\/wp-content\/uploads\/2026\/09\/SPD-Kommunalwahlkandidaten-besuchen-Kfz-Meisterbetrieb_3.jpeg 1200w\" sizes=\"auto, (max-width: 768px) 100vw, 768px\" \/><button\n\t\t\tclass=\"lightbox-trigger\"\n\t\t\ttype=\"button\"\n\t\t\taria-haspopup=\"dialog\"\n\t\t\tdata-wp-bind--aria-label=\"state.thisImage.triggerButtonAriaLabel\"\n\t\t\tdata-wp-init=\"callbacks.initTriggerButton\"\n\t\t\tdata-wp-on--click=\"actions.showLightbox\"\n\t\t\tdata-wp-style--right=\"state.thisImage.buttonRight\"\n\t\t\tdata-wp-style--top=\"state.thisImage.buttonTop\"\n\t\t>\n\t\t\t<svg xmlns=\"http:\/\/www.w3.org\/2000\/svg\" width=\"12\" height=\"12\" fill=\"none\" viewBox=\"0 0 12 12\">\n\t\t\t\t<path fill=\"#fff\" d=\"M2 0a2 2 0 0 0-2 2v2h1.5V2a.5.5 0 0 1 .5-.5h2V0H2Zm2 10.5H2a.5.5 0 0 1-.5-.5V8H0v2a2 2 0 0 0 2 2h2v-1.5ZM8 12v-1.5h2a.5.5 0 0 0 .5-.5V8H12v2a2 2 0 0 1-2 2H8Zm2-12a2 2 0 0 1 2 2v2h-1.5V2a.5.5 0 0 0-.5-.5H8V0h2Z\" \/>\n\t\t\t<\/svg>\n\t\t<\/button><\/figure>\n\n\n\n<p class=\"wp-block-paragraph\">Martin Hinderks (lks.) Anno Immenga und Thomas Kla\u00df<\/p>\n\n\n\n<figure data-wp-context=\"{&quot;imageId&quot;:&quot;6a9a1f8f8ed70&quot;}\" data-wp-interactive=\"core\/image\" data-wp-key=\"6a9a1f8f8ed70\" class=\"wp-block-image size-large wp-lightbox-container\"><img loading=\"lazy\" decoding=\"async\" width=\"768\" height=\"1024\" data-wp-class--hide=\"state.isContentHidden\" data-wp-class--show=\"state.isContentVisible\" data-wp-init=\"callbacks.setButtonStyles\" data-wp-on--click=\"actions.showLightbox\" data-wp-on--load=\"callbacks.setButtonStyles\" data-wp-on--pointerdown=\"actions.preloadImage\" data-wp-on--pointerenter=\"actions.preloadImageWithDelay\" data-wp-on--pointerleave=\"actions.cancelPreload\" data-wp-on-window--resize=\"callbacks.setButtonStyles\" src=\"https:\/\/www.forum-soegel.de\/information\/wp-content\/uploads\/2026\/09\/SPD-Kommunalwahlkandidaten-besuchen-Kfz-Meisterbetrieb_2-768x1024-1.jpeg\" alt=\"\" class=\"wp-image-42178\" srcset=\"https:\/\/www.forum-soegel.de\/information\/wp-content\/uploads\/2026\/09\/SPD-Kommunalwahlkandidaten-besuchen-Kfz-Meisterbetrieb_2-768x1024-1.jpeg 768w, https:\/\/www.forum-soegel.de\/information\/wp-content\/uploads\/2026\/09\/SPD-Kommunalwahlkandidaten-besuchen-Kfz-Meisterbetrieb_2-225x300.jpeg 225w, https:\/\/www.forum-soegel.de\/information\/wp-content\/uploads\/2026\/09\/SPD-Kommunalwahlkandidaten-besuchen-Kfz-Meisterbetrieb_2-1152x1536.jpeg 1152w, https:\/\/www.forum-soegel.de\/information\/wp-content\/uploads\/2026\/09\/SPD-Kommunalwahlkandidaten-besuchen-Kfz-Meisterbetrieb_2.jpeg 1200w\" sizes=\"auto, (max-width: 768px) 100vw, 768px\" \/><button\n\t\t\tclass=\"lightbox-trigger\"\n\t\t\ttype=\"button\"\n\t\t\taria-haspopup=\"dialog\"\n\t\t\tdata-wp-bind--aria-label=\"state.thisImage.triggerButtonAriaLabel\"\n\t\t\tdata-wp-init=\"callbacks.initTriggerButton\"\n\t\t\tdata-wp-on--click=\"actions.showLightbox\"\n\t\t\tdata-wp-style--right=\"state.thisImage.buttonRight\"\n\t\t\tdata-wp-style--top=\"state.thisImage.buttonTop\"\n\t\t>\n\t\t\t<svg xmlns=\"http:\/\/www.w3.org\/2000\/svg\" width=\"12\" height=\"12\" fill=\"none\" viewBox=\"0 0 12 12\">\n\t\t\t\t<path fill=\"#fff\" d=\"M2 0a2 2 0 0 0-2 2v2h1.5V2a.5.5 0 0 1 .5-.5h2V0H2Zm2 10.5H2a.5.5 0 0 1-.5-.5V8H0v2a2 2 0 0 0 2 2h2v-1.5ZM8 12v-1.5h2a.5.5 0 0 0 .5-.5V8H12v2a2 2 0 0 1-2 2H8Zm2-12a2 2 0 0 1 2 2v2h-1.5V2a.5.5 0 0 0-.5-.5H8V0h2Z\" \/>\n\t\t\t<\/svg>\n\t\t<\/button><\/figure>\n\n\n\n<p class=\"wp-block-paragraph\">Janne Hevike (l.) und Leon Soppa<\/p>\n\n\n\n<figure data-wp-context=\"{&quot;galleryId&quot;:&quot;6a9a1f8f8f0d3&quot;}\" data-wp-interactive=\"core\/gallery\" class=\"wp-block-gallery has-nested-images columns-default is-cropped wp-block-gallery-1 is-layout-flex wp-block-gallery-is-layout-flex\">\n<figure data-wp-context=\"{&quot;imageId&quot;:&quot;6a9a1f8f8fa3d&quot;}\" data-wp-interactive=\"core\/image\" data-wp-key=\"6a9a1f8f8fa3d\" class=\"wp-block-image size-large wp-lightbox-container\"><img loading=\"lazy\" decoding=\"async\" width=\"768\" height=\"1024\" data-wp-class--hide=\"state.isContentHidden\" data-wp-class--show=\"state.isContentVisible\" data-wp-init=\"callbacks.setButtonStyles\" data-wp-on--click=\"actions.showLightbox\" data-wp-on--load=\"callbacks.setButtonStyles\" data-wp-on--pointerdown=\"actions.preloadImage\" data-wp-on--pointerenter=\"actions.preloadImageWithDelay\" data-wp-on--pointerleave=\"actions.cancelPreload\" data-wp-on-window--resize=\"callbacks.setButtonStyles\" data-id=\"42180\" src=\"https:\/\/www.forum-soegel.de\/information\/wp-content\/uploads\/2026\/09\/SPD-Kommunalwahlkandidaten-besuchen-Kfz-Meisterbetrieb_4-768x1024-1.jpeg\" alt=\"\" class=\"wp-image-42180\" srcset=\"https:\/\/www.forum-soegel.de\/information\/wp-content\/uploads\/2026\/09\/SPD-Kommunalwahlkandidaten-besuchen-Kfz-Meisterbetrieb_4-768x1024-1.jpeg 768w, https:\/\/www.forum-soegel.de\/information\/wp-content\/uploads\/2026\/09\/SPD-Kommunalwahlkandidaten-besuchen-Kfz-Meisterbetrieb_4-225x300.jpeg 225w, https:\/\/www.forum-soegel.de\/information\/wp-content\/uploads\/2026\/09\/SPD-Kommunalwahlkandidaten-besuchen-Kfz-Meisterbetrieb_4-1152x1536.jpeg 1152w, https:\/\/www.forum-soegel.de\/information\/wp-content\/uploads\/2026\/09\/SPD-Kommunalwahlkandidaten-besuchen-Kfz-Meisterbetrieb_4.jpeg 1200w\" sizes=\"auto, (max-width: 768px) 100vw, 768px\" \/><button\n\t\t\tclass=\"lightbox-trigger\"\n\t\t\ttype=\"button\"\n\t\t\taria-haspopup=\"dialog\"\n\t\t\tdata-wp-bind--aria-label=\"state.thisImage.triggerButtonAriaLabel\"\n\t\t\tdata-wp-init=\"callbacks.initTriggerButton\"\n\t\t\tdata-wp-on--click=\"actions.showLightbox\"\n\t\t\tdata-wp-style--right=\"state.thisImage.buttonRight\"\n\t\t\tdata-wp-style--top=\"state.thisImage.buttonTop\"\n\t\t>\n\t\t\t<svg xmlns=\"http:\/\/www.w3.org\/2000\/svg\" width=\"12\" height=\"12\" fill=\"none\" viewBox=\"0 0 12 12\">\n\t\t\t\t<path fill=\"#fff\" d=\"M2 0a2 2 0 0 0-2 2v2h1.5V2a.5.5 0 0 1 .5-.5h2V0H2Zm2 10.5H2a.5.5 0 0 1-.5-.5V8H0v2a2 2 0 0 0 2 2h2v-1.5ZM8 12v-1.5h2a.5.5 0 0 0 .5-.5V8H12v2a2 2 0 0 1-2 2H8Zm2-12a2 2 0 0 1 2 2v2h-1.5V2a.5.5 0 0 0-.5-.5H8V0h2Z\" \/>\n\t\t\t<\/svg>\n\t\t<\/button><\/figure>\n\n\n\n<figure data-wp-context=\"{&quot;imageId&quot;:&quot;6a9a1f8f90553&quot;}\" data-wp-interactive=\"core\/image\" data-wp-key=\"6a9a1f8f90553\" class=\"wp-block-image size-large wp-lightbox-container\"><img loading=\"lazy\" decoding=\"async\" width=\"768\" height=\"1024\" data-wp-class--hide=\"state.isContentHidden\" data-wp-class--show=\"state.isContentVisible\" data-wp-init=\"callbacks.setButtonStyles\" data-wp-on--click=\"actions.showLightbox\" data-wp-on--load=\"callbacks.setButtonStyles\" data-wp-on--pointerdown=\"actions.preloadImage\" data-wp-on--pointerenter=\"actions.preloadImageWithDelay\" data-wp-on--pointerleave=\"actions.cancelPreload\" data-wp-on-window--resize=\"callbacks.setButtonStyles\" data-id=\"42179\" src=\"https:\/\/www.forum-soegel.de\/information\/wp-content\/uploads\/2026\/09\/SPD-Kommunalwahlkandidaten-besuchen-Kfz-Meisterbetrieb_1-768x1024.jpeg\" alt=\"\" class=\"wp-image-42179\" srcset=\"https:\/\/www.forum-soegel.de\/information\/wp-content\/uploads\/2026\/09\/SPD-Kommunalwahlkandidaten-besuchen-Kfz-Meisterbetrieb_1-768x1024-1.jpeg 768w, https:\/\/www.forum-soegel.de\/information\/wp-content\/uploads\/2026\/09\/SPD-Kommunalwahlkandidaten-besuchen-Kfz-Meisterbetrieb_1-225x300.jpeg 225w, https:\/\/www.forum-soegel.de\/information\/wp-content\/uploads\/2026\/09\/SPD-Kommunalwahlkandidaten-besuchen-Kfz-Meisterbetrieb_1-1152x1536.jpeg 1152w, https:\/\/www.forum-soegel.de\/information\/wp-content\/uploads\/2026\/09\/SPD-Kommunalwahlkandidaten-besuchen-Kfz-Meisterbetrieb_1.jpeg 1200w\" sizes=\"auto, (max-width: 768px) 100vw, 768px\" \/><button\n\t\t\tclass=\"lightbox-trigger\"\n\t\t\ttype=\"button\"\n\t\t\taria-haspopup=\"dialog\"\n\t\t\tdata-wp-bind--aria-label=\"state.thisImage.triggerButtonAriaLabel\"\n\t\t\tdata-wp-init=\"callbacks.initTriggerButton\"\n\t\t\tdata-wp-on--click=\"actions.showLightbox\"\n\t\t\tdata-wp-style--right=\"state.thisImage.buttonRight\"\n\t\t\tdata-wp-style--top=\"state.thisImage.buttonTop\"\n\t\t>\n\t\t\t<svg xmlns=\"http:\/\/www.w3.org\/2000\/svg\" width=\"12\" height=\"12\" fill=\"none\" viewBox=\"0 0 12 12\">\n\t\t\t\t<path fill=\"#fff\" d=\"M2 0a2 2 0 0 0-2 2v2h1.5V2a.5.5 0 0 1 .5-.5h2V0H2Zm2 10.5H2a.5.5 0 0 1-.5-.5V8H0v2a2 2 0 0 0 2 2h2v-1.5ZM8 12v-1.5h2a.5.5 0 0 0 .5-.5V8H12v2a2 2 0 0 1-2 2H8Zm2-12a2 2 0 0 1 2 2v2h-1.5V2a.5.5 0 0 0-.5-.5H8V0h2Z\" \/>\n\t\t\t<\/svg>\n\t\t<\/button><\/figure>\n<\/figure>\n","protected":false},"excerpt":{"rendered":"S\u00f6gel &#8211; Einen interessanten Einblick in die Arbeit eines modernen Kfz-Meisterbetriebes erhielten die Kandidatinnen und Kandidaten der SPD S\u00f6gel f\u00fcr die kommende Kommunalwahl auch bei ihrem Besuch im Kfz-Meisterbetrieb AutoPro von Martin Hinderks in S\u00f6gel. Der inhabergef\u00fchrte Betrieb an der General-Clay-Stra\u00dfe bietet ein breites Leistungsspektrum rund um Wartung, Reparatur und Fahrzeugservice. W\u00e4hrend des Rundgangs zeigte [&hellip;]\n","protected":false},"author":2,"featured_media":0,"comment_status":"closed","ping_status":"closed","sticky":false,"template":"","format":"standard","meta":{"ngg_post_thumbnail":0,"footnotes":""},"categories":[933],"tags":[],"class_list":["post-42176","post","type-post","status-publish","format-standard","hentry","category-kommunalwahl-2026"],"_links":{"self":[{"href":"https:\/\/www.forum-soegel.de\/information\/wp-json\/wp\/v2\/posts\/42176","targetHints":{"allow":["GET"]}}],"collection":[{"href":"https:\/\/www.forum-soegel.de\/information\/wp-json\/wp\/v2\/posts"}],"about":[{"href":"https:\/\/www.forum-soegel.de\/information\/wp-json\/wp\/v2\/types\/post"}],"author":[{"embeddable":true,"href":"https:\/\/www.forum-soegel.de\/information\/wp-json\/wp\/v2\/users\/2"}],"replies":[{"embeddable":true,"href":"https:\/\/www.forum-soegel.de\/information\/wp-json\/wp\/v2\/comments?post=42176"}],"version-history":[{"count":1,"href":"https:\/\/www.forum-soegel.de\/information\/wp-json\/wp\/v2\/posts\/42176\/revisions"}],"predecessor-version":[{"id":42181,"href":"https:\/\/www.forum-soegel.de\/information\/wp-json\/wp\/v2\/posts\/42176\/revisions\/42181"}],"wp:attachment":[{"href":"https:\/\/www.forum-soegel.de\/information\/wp-json\/wp\/v2\/media?parent=42176"}],"wp:term":[{"taxonomy":"category","embeddable":true,"href":"https:\/\/www.forum-soegel.de\/information\/wp-json\/wp\/v2\/categories?post=42176"},{"taxonomy":"post_tag","embeddable":true,"href":"https:\/\/www.forum-soegel.de\/information\/wp-json\/wp\/v2\/tags?post=42176"}],"curies":[{"name":"wp","href":"https:\/\/api.w.org\/{rel}","templated":true}]}}