{"id":42173,"date":"2026-08-01T15:42:22","date_gmt":"2026-08-01T13:42:22","guid":{"rendered":"https:\/\/www.forum-soegel.de\/information\/?p=42173"},"modified":"2026-09-03T15:45:03","modified_gmt":"2026-09-03T13:45:03","slug":"spd-kommunalwahlkandidaten-auf-erkundungstour","status":"publish","type":"post","link":"https:\/\/www.forum-soegel.de\/information\/2026\/08\/spd-kommunalwahlkandidaten-auf-erkundungstour\/","title":{"rendered":"SPD-Kommunalwahlkandidaten auf Erkundungstour"},"content":{"rendered":"\n<p class=\"wp-block-paragraph\"><strong>Die Fortwengel Holding Partner der Landwirtschaft und der Energiewende<\/strong><\/p>\n\n\n\n<p class=\"wp-block-paragraph\">S\u00f6gel &#8211; Die Landratskandidatin Greta Au\u00dfel und der Kandidat f\u00fcr das Amt des Samtgemeindeb\u00fcrgermeisters der Samtgemeinde S\u00f6gel, Anno Immenga, haben die Fortwengel Holding in S\u00f6gel besucht. Empfangen wurden sie von Gesch\u00e4ftsf\u00fchrer Bernd Fortwengel und dem Gesch\u00e4ftsf\u00fchrer f\u00fcr den Bereich Windenergie, Carsten Meiners. Im Mittelpunkt des Besuchs standen die Vorstellung des Unternehmens sowie ein intensiver Austausch \u00fcber aktuelle und zuk\u00fcnftige Projekte.<\/p>\n\n\n\n<p class=\"wp-block-paragraph\">Die Fortwengel Holding ist in den Bereichen nachhaltiger Pflanzenbau, Veredelungswirtschaft, Biogasproduktion sowie Wind- und Photovoltaikenergie t\u00e4tig und z\u00e4hlt zu den wichtigen Akteuren im Bereich der erneuerbaren Energien im n\u00f6rdlichen Emsland. W\u00e4hrend des Gespr\u00e4chs stellten Bernd Fortwengel und Carsten Meiners insbesondere die geplanten Projekte in Her\u00dfum in der Gemeinde L\u00e4hden vor.<\/p>\n\n\n\n<p class=\"wp-block-paragraph\">Anno Immenga zeigte sich beeindruckt von der Innovationskraft des Unternehmens: \u201eWir sind stolz und gl\u00fccklich, ein so innovatives Unternehmen in der Samtgemeinde S\u00f6gel zu haben.\u201c Auch Greta Au\u00dfel betonte die Bedeutung der erneuerbaren Energien f\u00fcr die Zukunft des Landkreises: \u201eDer Ausbau der regenerativen Energien bedeutet f\u00fcr das Emsland eine weitere positive Entwicklung. Wichtig ist mir dabei, dass die B\u00fcrger*innen selbst von der Energiewende profitieren. Beteiligungsformen wie B\u00fcrgerwindparks leisten da einen ganz wichtigen Beitrag zur Akzeptanz.\u201c<\/p>\n\n\n\n<p class=\"wp-block-paragraph\">Der Besuch machte deutlich, wie wichtig der Dialog zwischen Politik und Wirtschaft ist. Beide Kandidaten bedankten sich bei Bernd Fortwengel und Carsten Meiners f\u00fcr den offenen Austausch und die Einblicke in die Arbeit der Fortwengel Holding.<\/p>\n\n\n\n<p class=\"wp-block-paragraph\">Text\/Foto: Frank Schulmann<\/p>\n\n\n\n<figure data-wp-context=\"{&quot;imageId&quot;:&quot;6a9a1f8f901f5&quot;}\" data-wp-interactive=\"core\/image\" data-wp-key=\"6a9a1f8f901f5\" class=\"wp-block-image size-large wp-lightbox-container\"><img loading=\"lazy\" decoding=\"async\" width=\"768\" height=\"1024\" data-wp-class--hide=\"state.isContentHidden\" data-wp-class--show=\"state.isContentVisible\" data-wp-init=\"callbacks.setButtonStyles\" data-wp-on--click=\"actions.showLightbox\" data-wp-on--load=\"callbacks.setButtonStyles\" data-wp-on--pointerdown=\"actions.preloadImage\" data-wp-on--pointerenter=\"actions.preloadImageWithDelay\" data-wp-on--pointerleave=\"actions.cancelPreload\" data-wp-on-window--resize=\"callbacks.setButtonStyles\" src=\"https:\/\/www.forum-soegel.de\/information\/wp-content\/uploads\/2026\/09\/SPD-Fortwengel-Besuch-768x1024-1.jpg\" alt=\"\" class=\"wp-image-42174\" srcset=\"https:\/\/www.forum-soegel.de\/information\/wp-content\/uploads\/2026\/09\/SPD-Fortwengel-Besuch-768x1024-1.jpg 768w, https:\/\/www.forum-soegel.de\/information\/wp-content\/uploads\/2026\/09\/SPD-Fortwengel-Besuch-225x300.jpg 225w, https:\/\/www.forum-soegel.de\/information\/wp-content\/uploads\/2026\/09\/SPD-Fortwengel-Besuch-1152x1536.jpg 1152w, https:\/\/www.forum-soegel.de\/information\/wp-content\/uploads\/2026\/09\/SPD-Fortwengel-Besuch-1536x2048.jpg 1536w, https:\/\/www.forum-soegel.de\/information\/wp-content\/uploads\/2026\/09\/SPD-Fortwengel-Besuch-scaled.jpg 1920w\" sizes=\"auto, (max-width: 768px) 100vw, 768px\" \/><button\n\t\t\tclass=\"lightbox-trigger\"\n\t\t\ttype=\"button\"\n\t\t\taria-haspopup=\"dialog\"\n\t\t\tdata-wp-bind--aria-label=\"state.thisImage.triggerButtonAriaLabel\"\n\t\t\tdata-wp-init=\"callbacks.initTriggerButton\"\n\t\t\tdata-wp-on--click=\"actions.showLightbox\"\n\t\t\tdata-wp-style--right=\"state.thisImage.buttonRight\"\n\t\t\tdata-wp-style--top=\"state.thisImage.buttonTop\"\n\t\t>\n\t\t\t<svg xmlns=\"http:\/\/www.w3.org\/2000\/svg\" width=\"12\" height=\"12\" fill=\"none\" viewBox=\"0 0 12 12\">\n\t\t\t\t<path fill=\"#fff\" d=\"M2 0a2 2 0 0 0-2 2v2h1.5V2a.5.5 0 0 1 .5-.5h2V0H2Zm2 10.5H2a.5.5 0 0 1-.5-.5V8H0v2a2 2 0 0 0 2 2h2v-1.5ZM8 12v-1.5h2a.5.5 0 0 0 .5-.5V8H12v2a2 2 0 0 1-2 2H8Zm2-12a2 2 0 0 1 2 2v2h-1.5V2a.5.5 0 0 0-.5-.5H8V0h2Z\" \/>\n\t\t\t<\/svg>\n\t\t<\/button><figcaption class=\"wp-element-caption\">v. l. Anno Immenga, Greta Au\u00dfel, Bernd Fortwengel und Carsten Meiners<\/figcaption><\/figure>\n","protected":false},"excerpt":{"rendered":"Die Fortwengel Holding Partner der Landwirtschaft und der Energiewende S\u00f6gel &#8211; Die Landratskandidatin Greta Au\u00dfel und der Kandidat f\u00fcr das Amt des Samtgemeindeb\u00fcrgermeisters der Samtgemeinde S\u00f6gel, Anno Immenga, haben die Fortwengel Holding in S\u00f6gel besucht. Empfangen wurden sie von Gesch\u00e4ftsf\u00fchrer Bernd Fortwengel und dem Gesch\u00e4ftsf\u00fchrer f\u00fcr den Bereich Windenergie, Carsten Meiners. Im Mittelpunkt des Besuchs [&hellip;]\n","protected":false},"author":2,"featured_media":0,"comment_status":"closed","ping_status":"closed","sticky":false,"template":"","format":"standard","meta":{"ngg_post_thumbnail":0,"footnotes":""},"categories":[933],"tags":[],"class_list":["post-42173","post","type-post","status-publish","format-standard","hentry","category-kommunalwahl-2026"],"_links":{"self":[{"href":"https:\/\/www.forum-soegel.de\/information\/wp-json\/wp\/v2\/posts\/42173","targetHints":{"allow":["GET"]}}],"collection":[{"href":"https:\/\/www.forum-soegel.de\/information\/wp-json\/wp\/v2\/posts"}],"about":[{"href":"https:\/\/www.forum-soegel.de\/information\/wp-json\/wp\/v2\/types\/post"}],"author":[{"embeddable":true,"href":"https:\/\/www.forum-soegel.de\/information\/wp-json\/wp\/v2\/users\/2"}],"replies":[{"embeddable":true,"href":"https:\/\/www.forum-soegel.de\/information\/wp-json\/wp\/v2\/comments?post=42173"}],"version-history":[{"count":1,"href":"https:\/\/www.forum-soegel.de\/information\/wp-json\/wp\/v2\/posts\/42173\/revisions"}],"predecessor-version":[{"id":42175,"href":"https:\/\/www.forum-soegel.de\/information\/wp-json\/wp\/v2\/posts\/42173\/revisions\/42175"}],"wp:attachment":[{"href":"https:\/\/www.forum-soegel.de\/information\/wp-json\/wp\/v2\/media?parent=42173"}],"wp:term":[{"taxonomy":"category","embeddable":true,"href":"https:\/\/www.forum-soegel.de\/information\/wp-json\/wp\/v2\/categories?post=42173"},{"taxonomy":"post_tag","embeddable":true,"href":"https:\/\/www.forum-soegel.de\/information\/wp-json\/wp\/v2\/tags?post=42173"}],"curies":[{"name":"wp","href":"https:\/\/api.w.org\/{rel}","templated":true}]}}