{"id":42171,"date":"2026-08-01T15:41:10","date_gmt":"2026-08-01T13:41:10","guid":{"rendered":"https:\/\/www.forum-soegel.de\/information\/?p=42171"},"modified":"2026-09-03T15:41:59","modified_gmt":"2026-09-03T13:41:59","slug":"cdu-samtgemeindeverband-soegel-stellt-kandidatenliste-fuer-die-kommunalwahl-2026-auf","status":"publish","type":"post","link":"https:\/\/www.forum-soegel.de\/information\/2026\/08\/cdu-samtgemeindeverband-soegel-stellt-kandidatenliste-fuer-die-kommunalwahl-2026-auf\/","title":{"rendered":"CDU-Samtgemeindeverband S\u00f6gel stellt Kandidatenliste f\u00fcr die Kommunalwahl 2026 auf"},"content":{"rendered":"\n<p class=\"wp-block-paragraph\">S\u00f6gel &#8211; Der CDU-Samtgemeindeverband S\u00f6gel hat seine Kandidatinnen und Kandidaten f\u00fcr die Wahl des Samtgemeinderates im Rahmen der Kommunalwahl 2026 aufgestellt. Die Liste vereint erfahrene Kommunalpolitikerinnen und Kommunalpolitiker mit neuen engagierten Bewerberinnen und Bewerbern aus allen Mitgliedsgemeinden der Samtgemeinde.<\/p>\n\n\n\n<p class=\"wp-block-paragraph\">Angef\u00fchrt wird die CDU-Liste von Jannis Kuper, der als Spitzenkandidat in den Wahlkampf geht. Gemeinsam mit einem breit aufgestellten Team m\u00f6chte die CDU die erfolgreiche Entwicklung der Samtgemeinde S\u00f6gel fortsetzen und sich weiterhin f\u00fcr starke Gemeinden, eine moderne Infrastruktur, gute Bildungsangebote, eine leistungsf\u00e4hige Feuerwehr sowie attraktive Lebensbedingungen im l\u00e4ndlichen Raum einsetzen.<\/p>\n\n\n\n<p class=\"wp-block-paragraph\">\u201eUnsere Liste bildet die gesamte Samtgemeinde ab. Sie verbindet Erfahrung, Fachkompetenz und neue Impulse. Wir freuen uns darauf, den B\u00fcrgerinnen und B\u00fcrgern ein starkes personelles Angebot f\u00fcr die Kommunalwahl 2026 zu machen\u201c, betont der Vorsitzende des CDU-Samtgemeindeverbandes Andreas Jansen.<\/p>\n\n\n\n<p class=\"wp-block-paragraph\">Auch f\u00fcr die Wahl zum Kreistag des Landkreises Emsland ist der CDU-Samtgemeindeverband mit erfahrenen Kandidaten vertreten. Dr. Thomas Voss bewirbt sich f\u00fcr den Wahlbereich der Gemeinde S\u00f6gel. Markus Freese kandidiert f\u00fcr die Gemeinden B\u00f6rger, Werpeloh und Spahnharrenst\u00e4tte. Reinhard Kurlemann tritt f\u00fcr die Gemeinden Klein Ber\u00dfen, Gro\u00df Ber\u00dfen, Stavern und H\u00fcven an. Mit ihrer kommunalpolitischen Erfahrung wollen sie die Interessen der Samtgemeinde S\u00f6gel auch auf Kreisebene engagiert vertreten.<\/p>\n\n\n\n<p class=\"wp-block-paragraph\">Die Kandidatinnen und Kandidaten der CDU f\u00fcr den Samtgemeinderat sind:<\/p>\n\n\n\n<p class=\"wp-block-paragraph\">\u20021.&nbsp;&nbsp;&nbsp;&nbsp;&nbsp;&nbsp;&nbsp; Jannis Kuper (Spitzenkandidat)<\/p>\n\n\n\n<p class=\"wp-block-paragraph\">\u20022.&nbsp;&nbsp;&nbsp;&nbsp;&nbsp;&nbsp;&nbsp; Matthias Niers (Stavern)<\/p>\n\n\n\n<p class=\"wp-block-paragraph\">\u20023.&nbsp;&nbsp;&nbsp;&nbsp;&nbsp;&nbsp;&nbsp; Helmut Rawe (Stavern)<\/p>\n\n\n\n<p class=\"wp-block-paragraph\">\u20024.&nbsp;&nbsp;&nbsp;&nbsp;&nbsp;&nbsp;&nbsp; Markus Kohnen (S\u00f6gel)<\/p>\n\n\n\n<p class=\"wp-block-paragraph\">\u20025.&nbsp;&nbsp;&nbsp;&nbsp;&nbsp;&nbsp;&nbsp; Andr\u00e9 Sandker (S\u00f6gel)<\/p>\n\n\n\n<p class=\"wp-block-paragraph\">\u20026.&nbsp;&nbsp;&nbsp;&nbsp;&nbsp;&nbsp;&nbsp; Kerstin Segbers (S\u00f6gel)<\/p>\n\n\n\n<p class=\"wp-block-paragraph\">\u20027.&nbsp;&nbsp;&nbsp;&nbsp;&nbsp;&nbsp;&nbsp; Dr. Thomas Voss (S\u00f6gel)<\/p>\n\n\n\n<p class=\"wp-block-paragraph\">\u20028.&nbsp;&nbsp;&nbsp;&nbsp;&nbsp;&nbsp;&nbsp; David Hevicke (S\u00f6gel)<\/p>\n\n\n\n<p class=\"wp-block-paragraph\">\u20029.&nbsp;&nbsp;&nbsp;&nbsp;&nbsp;&nbsp;&nbsp; Matthias Schaper (S\u00f6gel)<\/p>\n\n\n\n<p class=\"wp-block-paragraph\">10.&nbsp;&nbsp;&nbsp;&nbsp;&nbsp;&nbsp;&nbsp; Ralf Nieters (Klein Ber\u00dfen)<\/p>\n\n\n\n<p class=\"wp-block-paragraph\">11.&nbsp;&nbsp;&nbsp;&nbsp;&nbsp;&nbsp;&nbsp; Sven Grote (Klein Ber\u00dfen)<\/p>\n\n\n\n<p class=\"wp-block-paragraph\">12.&nbsp;&nbsp;&nbsp;&nbsp;&nbsp;&nbsp;&nbsp; Christine Osterhues (Klein Ber\u00dfen)<\/p>\n\n\n\n<p class=\"wp-block-paragraph\">13.&nbsp;&nbsp;&nbsp;&nbsp;&nbsp;&nbsp;&nbsp; Thomas Rump (Klein Ber\u00dfen)<\/p>\n\n\n\n<p class=\"wp-block-paragraph\">14.&nbsp;&nbsp;&nbsp;&nbsp;&nbsp;&nbsp;&nbsp; Markus Freese (Spahnharrenst\u00e4tte)<\/p>\n\n\n\n<p class=\"wp-block-paragraph\">15.&nbsp;&nbsp;&nbsp;&nbsp;&nbsp;&nbsp;&nbsp; Wilfried Meyer (Spahnharrenst\u00e4tte)<\/p>\n\n\n\n<p class=\"wp-block-paragraph\">16.&nbsp;&nbsp;&nbsp;&nbsp;&nbsp;&nbsp;&nbsp; Wilma Wigbers (Spahnharrenst\u00e4tte)<\/p>\n\n\n\n<p class=\"wp-block-paragraph\">17.&nbsp;&nbsp;&nbsp;&nbsp;&nbsp;&nbsp;&nbsp; Stephanie Behnen (Gro\u00df Ber\u00dfen)<\/p>\n\n\n\n<p class=\"wp-block-paragraph\">18.&nbsp;&nbsp;&nbsp;&nbsp;&nbsp;&nbsp;&nbsp; Reinhard Kurlemann (Gro\u00df Ber\u00dfen)<\/p>\n\n\n\n<p class=\"wp-block-paragraph\">19.&nbsp;&nbsp;&nbsp;&nbsp;&nbsp;&nbsp;&nbsp; Swetlana Ertus (B\u00f6rger)<\/p>\n\n\n\n<p class=\"wp-block-paragraph\">20.&nbsp;&nbsp;&nbsp;&nbsp;&nbsp;&nbsp;&nbsp; Andreas Jansen (B\u00f6rger)<\/p>\n\n\n\n<p class=\"wp-block-paragraph\">21.&nbsp;&nbsp;&nbsp;&nbsp;&nbsp;&nbsp;&nbsp; Hermann Ubbenjans (B\u00f6rger)<\/p>\n\n\n\n<p class=\"wp-block-paragraph\">22.&nbsp;&nbsp;&nbsp;&nbsp;&nbsp;&nbsp;&nbsp; Hermann Kuper (Werpeloh)<\/p>\n\n\n\n<p class=\"wp-block-paragraph\">23.&nbsp;&nbsp;&nbsp;&nbsp;&nbsp;&nbsp;&nbsp; Arnd Sievers (Werpeloh)<\/p>\n\n\n\n<p class=\"wp-block-paragraph\">24.&nbsp;&nbsp;&nbsp;&nbsp;&nbsp;&nbsp;&nbsp; Aloys Ull (H\u00fcven)<\/p>\n\n\n\n<p class=\"wp-block-paragraph\">25.&nbsp;&nbsp;&nbsp;&nbsp;&nbsp;&nbsp;&nbsp; Thomas Wester (H\u00fcven)<\/p>\n\n\n\n<p class=\"wp-block-paragraph\">Text: Andreas Jansen<\/p>\n","protected":false},"excerpt":{"rendered":"S\u00f6gel &#8211; Der CDU-Samtgemeindeverband S\u00f6gel hat seine Kandidatinnen und Kandidaten f\u00fcr die Wahl des Samtgemeinderates im Rahmen der Kommunalwahl 2026 aufgestellt. Die Liste vereint erfahrene Kommunalpolitikerinnen und Kommunalpolitiker mit neuen engagierten Bewerberinnen und Bewerbern aus allen Mitgliedsgemeinden der Samtgemeinde. Angef\u00fchrt wird die CDU-Liste von Jannis Kuper, der als Spitzenkandidat in den Wahlkampf geht. Gemeinsam mit [&hellip;]\n","protected":false},"author":2,"featured_media":0,"comment_status":"closed","ping_status":"closed","sticky":false,"template":"","format":"standard","meta":{"ngg_post_thumbnail":0,"footnotes":""},"categories":[933],"tags":[],"class_list":["post-42171","post","type-post","status-publish","format-standard","hentry","category-kommunalwahl-2026"],"_links":{"self":[{"href":"https:\/\/www.forum-soegel.de\/information\/wp-json\/wp\/v2\/posts\/42171","targetHints":{"allow":["GET"]}}],"collection":[{"href":"https:\/\/www.forum-soegel.de\/information\/wp-json\/wp\/v2\/posts"}],"about":[{"href":"https:\/\/www.forum-soegel.de\/information\/wp-json\/wp\/v2\/types\/post"}],"author":[{"embeddable":true,"href":"https:\/\/www.forum-soegel.de\/information\/wp-json\/wp\/v2\/users\/2"}],"replies":[{"embeddable":true,"href":"https:\/\/www.forum-soegel.de\/information\/wp-json\/wp\/v2\/comments?post=42171"}],"version-history":[{"count":1,"href":"https:\/\/www.forum-soegel.de\/information\/wp-json\/wp\/v2\/posts\/42171\/revisions"}],"predecessor-version":[{"id":42172,"href":"https:\/\/www.forum-soegel.de\/information\/wp-json\/wp\/v2\/posts\/42171\/revisions\/42172"}],"wp:attachment":[{"href":"https:\/\/www.forum-soegel.de\/information\/wp-json\/wp\/v2\/media?parent=42171"}],"wp:term":[{"taxonomy":"category","embeddable":true,"href":"https:\/\/www.forum-soegel.de\/information\/wp-json\/wp\/v2\/categories?post=42171"},{"taxonomy":"post_tag","embeddable":true,"href":"https:\/\/www.forum-soegel.de\/information\/wp-json\/wp\/v2\/tags?post=42171"}],"curies":[{"name":"wp","href":"https:\/\/api.w.org\/{rel}","templated":true}]}}