{"id":42167,"date":"2026-08-01T15:38:50","date_gmt":"2026-08-01T13:38:50","guid":{"rendered":"https:\/\/www.forum-soegel.de\/information\/?p=42167"},"modified":"2026-09-03T15:40:59","modified_gmt":"2026-09-03T13:40:59","slug":"cdu-delegation-besucht-st-josef-stift-ggmbh-wi-kuemmert-us-in-boerger","status":"publish","type":"post","link":"https:\/\/www.forum-soegel.de\/information\/2026\/08\/cdu-delegation-besucht-st-josef-stift-ggmbh-wi-kuemmert-us-in-boerger\/","title":{"rendered":"CDU-Delegation besucht St. Josef Stift gGmbH \u201ewi k\u00fcmmert us\u201c in B\u00f6rger"},"content":{"rendered":"\n<p class=\"wp-block-paragraph\">B\u00f6rger \u2013Mitglieder der CDU B\u00f6rger besuchten gemeinsam mit der Parlamentarischen Staatssekret\u00e4rin im Bundesministerium f\u00fcr Wirtschaft und Energie, Gitta Connemann, das St. Josef Stift in B\u00f6rger. Begr\u00fc\u00dft wurden die G\u00e4ste von Gesch\u00e4ftsf\u00fchrer Heiner M\u00fcller.<\/p>\n\n\n\n<p class=\"wp-block-paragraph\">An dem Besuch nahmen der Vorsitzende der CDU B\u00f6rger, Andreas Jansen sowie die Mitglieder des Vorstandes Swetlana Ertus, Stefan Wilkens, Hermann Ubbenjans, der Kandidat f\u00fcr das Amt des Samtgemeindeb\u00fcrgermeisters, Jannis Kuper, sowie Markus Freese, der gemeinsame Kandidat der Gemeinden B\u00f6rger, Werpeloh und Spahnharrenst\u00e4tte f\u00fcr den Kreistag, teil.<\/p>\n\n\n\n<p class=\"wp-block-paragraph\">Im Mittelpunkt des Austauschs stand die vielf\u00e4ltige Arbeit der gemeinn\u00fctzigen St. Josef Stift gGmbH, die sich als wichtiger sozialer und gesundheitlicher Dienstleister in der Region etabliert hat. Das Leistungsspektrum umfasst die ambulante Pflege und Tagespflege, betreutes Wohnen, ein Gesundheitszentrum, Alltagsunterst\u00fctzung, Sozialberatung.<\/p>\n\n\n\n<p class=\"wp-block-paragraph\">Gesch\u00e4ftsf\u00fchrer Heiner M\u00fcller stellte den G\u00e4sten die umfassende energetische Sanierung und Modernisierung des St. Josef Stiftes vor. Damit soll die Energieeffizienz deutlich verbessert werden. Die Besucher zeigten sich beeindruckt von der Bedeutung des St. Josef Stiftes f\u00fcr die Region und w\u00fcrdigten das Engagement der Mitarbeitenden.<\/p>\n\n\n\n<p class=\"wp-block-paragraph\">Andreas Jansen betonte: \u201eHier wird t\u00e4glich sichtbar, wie soziale Verantwortung, Gesundheitsversorgung und Gemeinschaft erfolgreich zusammenwirken.\u201c<\/p>\n\n\n\n<p class=\"wp-block-paragraph\">Jannis Kuper und Markus Freese sehen in der geplanten Modernisierung ein starkes Signal daf\u00fcr, dass Zukunft aktiv gestaltet werden m\u00fcsse, um soziale Verantwortung und kommunales Engagement erfolgreich zusammenzuf\u00fchren.<\/p>\n\n\n\n<p class=\"wp-block-paragraph\">Gitta Connemann hob hervor, dass gerade Projekte wie z.B. die geplante energetische Sanierung zeigten, wie Klimaschutz, Wirtschaftlichkeit und gesellschaftlicher Nutzen miteinander verbunden werden k\u00f6nnen.<\/p>\n\n\n\n<p class=\"wp-block-paragraph\">Der Besuch machte deutlich: Zukunft entsteht nicht durch Abwarten, sondern durch entschlossenes Handeln f\u00fcr die Lebensqualit\u00e4t in B\u00f6rger und der gesamten Region.<\/p>\n\n\n\n<p class=\"wp-block-paragraph\">Text\/Fotos: Andreas Jansen<\/p>\n\n\n\n<figure data-wp-context=\"{&quot;galleryId&quot;:&quot;6a9a1f890d4a5&quot;}\" data-wp-interactive=\"core\/gallery\" class=\"wp-block-gallery has-nested-images columns-default is-cropped wp-block-gallery-1 is-layout-flex wp-block-gallery-is-layout-flex\">\n<figure data-wp-context=\"{&quot;imageId&quot;:&quot;6a9a1f890ef20&quot;}\" data-wp-interactive=\"core\/image\" data-wp-key=\"6a9a1f890ef20\" class=\"wp-block-image size-large wp-lightbox-container\"><img loading=\"lazy\" decoding=\"async\" width=\"1024\" height=\"768\" data-wp-class--hide=\"state.isContentHidden\" data-wp-class--show=\"state.isContentVisible\" data-wp-init=\"callbacks.setButtonStyles\" data-wp-on--click=\"actions.showLightbox\" data-wp-on--load=\"callbacks.setButtonStyles\" data-wp-on--pointerdown=\"actions.preloadImage\" data-wp-on--pointerenter=\"actions.preloadImageWithDelay\" data-wp-on--pointerleave=\"actions.cancelPreload\" data-wp-on-window--resize=\"callbacks.setButtonStyles\" data-id=\"42168\" src=\"https:\/\/www.forum-soegel.de\/information\/wp-content\/uploads\/2026\/09\/CDU-Josefstift-2-1024x768.jpg\" alt=\"\" class=\"wp-image-42168\" srcset=\"https:\/\/www.forum-soegel.de\/information\/wp-content\/uploads\/2026\/09\/CDU-Josefstift-2-1024x768.jpg 1024w, https:\/\/www.forum-soegel.de\/information\/wp-content\/uploads\/2026\/09\/CDU-Josefstift-2-300x225.jpg 300w, https:\/\/www.forum-soegel.de\/information\/wp-content\/uploads\/2026\/09\/CDU-Josefstift-2-768x576.jpg 768w, https:\/\/www.forum-soegel.de\/information\/wp-content\/uploads\/2026\/09\/CDU-Josefstift-2-1536x1152.jpg 1536w, https:\/\/www.forum-soegel.de\/information\/wp-content\/uploads\/2026\/09\/CDU-Josefstift-2-2048x1536.jpg 2048w\" sizes=\"auto, (max-width: 1024px) 100vw, 1024px\" \/><button\n\t\t\tclass=\"lightbox-trigger\"\n\t\t\ttype=\"button\"\n\t\t\taria-haspopup=\"dialog\"\n\t\t\tdata-wp-bind--aria-label=\"state.thisImage.triggerButtonAriaLabel\"\n\t\t\tdata-wp-init=\"callbacks.initTriggerButton\"\n\t\t\tdata-wp-on--click=\"actions.showLightbox\"\n\t\t\tdata-wp-style--right=\"state.thisImage.buttonRight\"\n\t\t\tdata-wp-style--top=\"state.thisImage.buttonTop\"\n\t\t>\n\t\t\t<svg xmlns=\"http:\/\/www.w3.org\/2000\/svg\" width=\"12\" height=\"12\" fill=\"none\" viewBox=\"0 0 12 12\">\n\t\t\t\t<path fill=\"#fff\" d=\"M2 0a2 2 0 0 0-2 2v2h1.5V2a.5.5 0 0 1 .5-.5h2V0H2Zm2 10.5H2a.5.5 0 0 1-.5-.5V8H0v2a2 2 0 0 0 2 2h2v-1.5ZM8 12v-1.5h2a.5.5 0 0 0 .5-.5V8H12v2a2 2 0 0 1-2 2H8Zm2-12a2 2 0 0 1 2 2v2h-1.5V2a.5.5 0 0 0-.5-.5H8V0h2Z\" \/>\n\t\t\t<\/svg>\n\t\t<\/button><\/figure>\n\n\n\n<figure data-wp-context=\"{&quot;imageId&quot;:&quot;6a9a1f890fb45&quot;}\" data-wp-interactive=\"core\/image\" data-wp-key=\"6a9a1f890fb45\" class=\"wp-block-image size-large wp-lightbox-container\"><img loading=\"lazy\" decoding=\"async\" width=\"1024\" height=\"768\" data-wp-class--hide=\"state.isContentHidden\" data-wp-class--show=\"state.isContentVisible\" data-wp-init=\"callbacks.setButtonStyles\" data-wp-on--click=\"actions.showLightbox\" data-wp-on--load=\"callbacks.setButtonStyles\" data-wp-on--pointerdown=\"actions.preloadImage\" data-wp-on--pointerenter=\"actions.preloadImageWithDelay\" data-wp-on--pointerleave=\"actions.cancelPreload\" data-wp-on-window--resize=\"callbacks.setButtonStyles\" data-id=\"42169\" src=\"https:\/\/www.forum-soegel.de\/information\/wp-content\/uploads\/2026\/09\/CDU-Josefstift-1-1024x768.jpg\" alt=\"\" class=\"wp-image-42169\" srcset=\"https:\/\/www.forum-soegel.de\/information\/wp-content\/uploads\/2026\/09\/CDU-Josefstift-1-1024x768.jpg 1024w, https:\/\/www.forum-soegel.de\/information\/wp-content\/uploads\/2026\/09\/CDU-Josefstift-1-300x225.jpg 300w, https:\/\/www.forum-soegel.de\/information\/wp-content\/uploads\/2026\/09\/CDU-Josefstift-1-768x576.jpg 768w, https:\/\/www.forum-soegel.de\/information\/wp-content\/uploads\/2026\/09\/CDU-Josefstift-1-1536x1152.jpg 1536w, https:\/\/www.forum-soegel.de\/information\/wp-content\/uploads\/2026\/09\/CDU-Josefstift-1-2048x1536.jpg 2048w\" sizes=\"auto, (max-width: 1024px) 100vw, 1024px\" \/><button\n\t\t\tclass=\"lightbox-trigger\"\n\t\t\ttype=\"button\"\n\t\t\taria-haspopup=\"dialog\"\n\t\t\tdata-wp-bind--aria-label=\"state.thisImage.triggerButtonAriaLabel\"\n\t\t\tdata-wp-init=\"callbacks.initTriggerButton\"\n\t\t\tdata-wp-on--click=\"actions.showLightbox\"\n\t\t\tdata-wp-style--right=\"state.thisImage.buttonRight\"\n\t\t\tdata-wp-style--top=\"state.thisImage.buttonTop\"\n\t\t>\n\t\t\t<svg xmlns=\"http:\/\/www.w3.org\/2000\/svg\" width=\"12\" height=\"12\" fill=\"none\" viewBox=\"0 0 12 12\">\n\t\t\t\t<path fill=\"#fff\" d=\"M2 0a2 2 0 0 0-2 2v2h1.5V2a.5.5 0 0 1 .5-.5h2V0H2Zm2 10.5H2a.5.5 0 0 1-.5-.5V8H0v2a2 2 0 0 0 2 2h2v-1.5ZM8 12v-1.5h2a.5.5 0 0 0 .5-.5V8H12v2a2 2 0 0 1-2 2H8Zm2-12a2 2 0 0 1 2 2v2h-1.5V2a.5.5 0 0 0-.5-.5H8V0h2Z\" \/>\n\t\t\t<\/svg>\n\t\t<\/button><\/figure>\n<\/figure>\n","protected":false},"excerpt":{"rendered":"B\u00f6rger \u2013Mitglieder der CDU B\u00f6rger besuchten gemeinsam mit der Parlamentarischen Staatssekret\u00e4rin im Bundesministerium f\u00fcr Wirtschaft und Energie, Gitta Connemann, das St. Josef Stift in B\u00f6rger. Begr\u00fc\u00dft wurden die G\u00e4ste von Gesch\u00e4ftsf\u00fchrer Heiner M\u00fcller. An dem Besuch nahmen der Vorsitzende der CDU B\u00f6rger, Andreas Jansen sowie die Mitglieder des Vorstandes Swetlana Ertus, Stefan Wilkens, Hermann Ubbenjans, [&hellip;]\n","protected":false},"author":2,"featured_media":0,"comment_status":"closed","ping_status":"closed","sticky":false,"template":"","format":"standard","meta":{"ngg_post_thumbnail":0,"footnotes":""},"categories":[933],"tags":[],"class_list":["post-42167","post","type-post","status-publish","format-standard","hentry","category-kommunalwahl-2026"],"_links":{"self":[{"href":"https:\/\/www.forum-soegel.de\/information\/wp-json\/wp\/v2\/posts\/42167","targetHints":{"allow":["GET"]}}],"collection":[{"href":"https:\/\/www.forum-soegel.de\/information\/wp-json\/wp\/v2\/posts"}],"about":[{"href":"https:\/\/www.forum-soegel.de\/information\/wp-json\/wp\/v2\/types\/post"}],"author":[{"embeddable":true,"href":"https:\/\/www.forum-soegel.de\/information\/wp-json\/wp\/v2\/users\/2"}],"replies":[{"embeddable":true,"href":"https:\/\/www.forum-soegel.de\/information\/wp-json\/wp\/v2\/comments?post=42167"}],"version-history":[{"count":1,"href":"https:\/\/www.forum-soegel.de\/information\/wp-json\/wp\/v2\/posts\/42167\/revisions"}],"predecessor-version":[{"id":42170,"href":"https:\/\/www.forum-soegel.de\/information\/wp-json\/wp\/v2\/posts\/42167\/revisions\/42170"}],"wp:attachment":[{"href":"https:\/\/www.forum-soegel.de\/information\/wp-json\/wp\/v2\/media?parent=42167"}],"wp:term":[{"taxonomy":"category","embeddable":true,"href":"https:\/\/www.forum-soegel.de\/information\/wp-json\/wp\/v2\/categories?post=42167"},{"taxonomy":"post_tag","embeddable":true,"href":"https:\/\/www.forum-soegel.de\/information\/wp-json\/wp\/v2\/tags?post=42167"}],"curies":[{"name":"wp","href":"https:\/\/api.w.org\/{rel}","templated":true}]}}