{"id":42163,"date":"2026-08-01T15:34:52","date_gmt":"2026-08-01T13:34:52","guid":{"rendered":"https:\/\/www.forum-soegel.de\/information\/?p=42163"},"modified":"2026-09-03T15:37:05","modified_gmt":"2026-09-03T13:37:05","slug":"schuetzenfest-im-haus-simeon","status":"publish","type":"post","link":"https:\/\/www.forum-soegel.de\/information\/2026\/08\/schuetzenfest-im-haus-simeon\/","title":{"rendered":"Sch\u00fctzenfest im Haus Simeon"},"content":{"rendered":"\n<p class=\"wp-block-paragraph\">S\u00f6gel &#8211; Wieder wurde im Haus Simeon Sch\u00fctzenfest gefeiert. Um 16.00 Uhr begann das traditionelle Anstechen des Bierfasses durch den amtierenden K\u00f6nig des Vorjahres, Johann B\u00fcrschen. Beim Ausschie\u00dfen der neuen Regenten schossen die teilnehmenden Bewohner mit Holzgewehren und Gummib\u00e4ndern auf eine Zielscheibe. Angela Kruth setzte sich mit der h\u00f6chsten Punktzahl als neue Sch\u00fctzenk\u00f6nigin durch. Den K\u00f6nigstitel sicherte sich Hubert Schiering.<\/p>\n\n\n\n<p class=\"wp-block-paragraph\">F\u00fcr eine besondere \u00dcberraschung sorgten die amtierende Sch\u00fctzenk\u00f6nigin aus S\u00f6gel, Heike Hilmes, und Sch\u00fctzenk\u00f6nig Norbert Hilmes. Sie \u00fcberreichten der neuen K\u00f6nigin die Krone sowie einen Blumenstrau\u00df, gratulierten dem K\u00f6nigspaar herzlich und w\u00fcnschten dem K\u00f6nigspaar alles Gute f\u00fcr ihre Regentschaft. F\u00fcr die musikalische Unterhaltung sorgten die Trecksackspeeler. Am Sonntagmorgen erfreuten sich die Bewohner am traditionellen Platzkonzert der S\u00f6geler Kolpingkapelle. Zum gelungenen Abschluss des Festwochenendes genossen die Bewohner den Besuch des gro\u00dfen Sch\u00fctzenfestes am Sonntagnachmittag bei Kaffee und Kuchen im Festzelt.<\/p>\n\n\n\n<p class=\"wp-block-paragraph\">Text: Gisela Arling<\/p>\n\n\n\n<p class=\"wp-block-paragraph\">Fotos: Monika Lammers<\/p>\n\n\n\n<figure data-wp-context=\"{&quot;imageId&quot;:&quot;6a9a4b94c508f&quot;}\" data-wp-interactive=\"core\/image\" data-wp-key=\"6a9a4b94c508f\" class=\"wp-block-image size-large wp-lightbox-container\"><img loading=\"lazy\" decoding=\"async\" width=\"1024\" height=\"577\" data-wp-class--hide=\"state.isContentHidden\" data-wp-class--show=\"state.isContentVisible\" data-wp-init=\"callbacks.setButtonStyles\" data-wp-on--click=\"actions.showLightbox\" data-wp-on--load=\"callbacks.setButtonStyles\" data-wp-on--pointerdown=\"actions.preloadImage\" data-wp-on--pointerenter=\"actions.preloadImageWithDelay\" data-wp-on--pointerleave=\"actions.cancelPreload\" data-wp-on-window--resize=\"callbacks.setButtonStyles\" src=\"https:\/\/www.forum-soegel.de\/information\/wp-content\/uploads\/2026\/09\/Schu\u2560etzenfest-Hus-Simeon-01-1024x577.jpeg\" alt=\"\" class=\"wp-image-42164\" srcset=\"https:\/\/www.forum-soegel.de\/information\/wp-content\/uploads\/2026\/09\/Schu\u2560etzenfest-Hus-Simeon-01-1024x577.jpeg 1024w, https:\/\/www.forum-soegel.de\/information\/wp-content\/uploads\/2026\/09\/Schu\u2560etzenfest-Hus-Simeon-01-300x169.jpeg 300w, https:\/\/www.forum-soegel.de\/information\/wp-content\/uploads\/2026\/09\/Schu\u2560etzenfest-Hus-Simeon-01-767x432.jpeg 767w, https:\/\/www.forum-soegel.de\/information\/wp-content\/uploads\/2026\/09\/Schu\u2560etzenfest-Hus-Simeon-01-1536x865.jpeg 1536w, https:\/\/www.forum-soegel.de\/information\/wp-content\/uploads\/2026\/09\/Schu\u2560etzenfest-Hus-Simeon-01.jpeg 2048w\" sizes=\"auto, (max-width: 1024px) 100vw, 1024px\" \/><button\n\t\t\tclass=\"lightbox-trigger\"\n\t\t\ttype=\"button\"\n\t\t\taria-haspopup=\"dialog\"\n\t\t\tdata-wp-bind--aria-label=\"state.thisImage.triggerButtonAriaLabel\"\n\t\t\tdata-wp-init=\"callbacks.initTriggerButton\"\n\t\t\tdata-wp-on--click=\"actions.showLightbox\"\n\t\t\tdata-wp-style--right=\"state.thisImage.buttonRight\"\n\t\t\tdata-wp-style--top=\"state.thisImage.buttonTop\"\n\t\t>\n\t\t\t<svg xmlns=\"http:\/\/www.w3.org\/2000\/svg\" width=\"12\" height=\"12\" fill=\"none\" viewBox=\"0 0 12 12\">\n\t\t\t\t<path fill=\"#fff\" d=\"M2 0a2 2 0 0 0-2 2v2h1.5V2a.5.5 0 0 1 .5-.5h2V0H2Zm2 10.5H2a.5.5 0 0 1-.5-.5V8H0v2a2 2 0 0 0 2 2h2v-1.5ZM8 12v-1.5h2a.5.5 0 0 0 .5-.5V8H12v2a2 2 0 0 1-2 2H8Zm2-12a2 2 0 0 1 2 2v2h-1.5V2a.5.5 0 0 0-.5-.5H8V0h2Z\" \/>\n\t\t\t<\/svg>\n\t\t<\/button><\/figure>\n\n\n\n<p class=\"wp-block-paragraph\">Norbert Hilmes, Heike Hilmes<\/p>\n\n\n\n<p class=\"wp-block-paragraph\">Hubert Schiering und Angela Kruth<\/p>\n\n\n\n<figure data-wp-context=\"{&quot;imageId&quot;:&quot;6a9a4b94c5df4&quot;}\" data-wp-interactive=\"core\/image\" data-wp-key=\"6a9a4b94c5df4\" class=\"wp-block-image size-large wp-lightbox-container\"><img loading=\"lazy\" decoding=\"async\" width=\"1024\" height=\"768\" data-wp-class--hide=\"state.isContentHidden\" data-wp-class--show=\"state.isContentVisible\" data-wp-init=\"callbacks.setButtonStyles\" data-wp-on--click=\"actions.showLightbox\" data-wp-on--load=\"callbacks.setButtonStyles\" data-wp-on--pointerdown=\"actions.preloadImage\" data-wp-on--pointerenter=\"actions.preloadImageWithDelay\" data-wp-on--pointerleave=\"actions.cancelPreload\" data-wp-on-window--resize=\"callbacks.setButtonStyles\" src=\"https:\/\/www.forum-soegel.de\/information\/wp-content\/uploads\/2026\/09\/Schu\u2560etzenfest-im-Haus-Simeon-02-1024x768.jpeg\" alt=\"\" class=\"wp-image-42165\" srcset=\"https:\/\/www.forum-soegel.de\/information\/wp-content\/uploads\/2026\/09\/Schu\u2560etzenfest-im-Haus-Simeon-02-1024x768.jpeg 1024w, https:\/\/www.forum-soegel.de\/information\/wp-content\/uploads\/2026\/09\/Schu\u2560etzenfest-im-Haus-Simeon-02-300x225.jpeg 300w, https:\/\/www.forum-soegel.de\/information\/wp-content\/uploads\/2026\/09\/Schu\u2560etzenfest-im-Haus-Simeon-02-768x576.jpeg 768w, https:\/\/www.forum-soegel.de\/information\/wp-content\/uploads\/2026\/09\/Schu\u2560etzenfest-im-Haus-Simeon-02-1536x1152.jpeg 1536w, https:\/\/www.forum-soegel.de\/information\/wp-content\/uploads\/2026\/09\/Schu\u2560etzenfest-im-Haus-Simeon-02.jpeg 2048w\" sizes=\"auto, (max-width: 1024px) 100vw, 1024px\" \/><button\n\t\t\tclass=\"lightbox-trigger\"\n\t\t\ttype=\"button\"\n\t\t\taria-haspopup=\"dialog\"\n\t\t\tdata-wp-bind--aria-label=\"state.thisImage.triggerButtonAriaLabel\"\n\t\t\tdata-wp-init=\"callbacks.initTriggerButton\"\n\t\t\tdata-wp-on--click=\"actions.showLightbox\"\n\t\t\tdata-wp-style--right=\"state.thisImage.buttonRight\"\n\t\t\tdata-wp-style--top=\"state.thisImage.buttonTop\"\n\t\t>\n\t\t\t<svg xmlns=\"http:\/\/www.w3.org\/2000\/svg\" width=\"12\" height=\"12\" fill=\"none\" viewBox=\"0 0 12 12\">\n\t\t\t\t<path fill=\"#fff\" d=\"M2 0a2 2 0 0 0-2 2v2h1.5V2a.5.5 0 0 1 .5-.5h2V0H2Zm2 10.5H2a.5.5 0 0 1-.5-.5V8H0v2a2 2 0 0 0 2 2h2v-1.5ZM8 12v-1.5h2a.5.5 0 0 0 .5-.5V8H12v2a2 2 0 0 1-2 2H8Zm2-12a2 2 0 0 1 2 2v2h-1.5V2a.5.5 0 0 0-.5-.5H8V0h2Z\" \/>\n\t\t\t<\/svg>\n\t\t<\/button><\/figure>\n\n\n\n<p class=\"wp-block-paragraph\">Stimmung im gro\u00dfen Sch\u00fctzenfestzelt<\/p>\n","protected":false},"excerpt":{"rendered":"S\u00f6gel &#8211; Wieder wurde im Haus Simeon Sch\u00fctzenfest gefeiert. Um 16.00 Uhr begann das traditionelle Anstechen des Bierfasses durch den amtierenden K\u00f6nig des Vorjahres, Johann B\u00fcrschen. Beim Ausschie\u00dfen der neuen Regenten schossen die teilnehmenden Bewohner mit Holzgewehren und Gummib\u00e4ndern auf eine Zielscheibe. Angela Kruth setzte sich mit der h\u00f6chsten Punktzahl als neue Sch\u00fctzenk\u00f6nigin durch. Den [&hellip;]\n","protected":false},"author":2,"featured_media":0,"comment_status":"closed","ping_status":"closed","sticky":false,"template":"","format":"standard","meta":{"ngg_post_thumbnail":0,"footnotes":""},"categories":[3],"tags":[],"class_list":["post-42163","post","type-post","status-publish","format-standard","hentry","category-aktuelles-aus-der-region"],"_links":{"self":[{"href":"https:\/\/www.forum-soegel.de\/information\/wp-json\/wp\/v2\/posts\/42163","targetHints":{"allow":["GET"]}}],"collection":[{"href":"https:\/\/www.forum-soegel.de\/information\/wp-json\/wp\/v2\/posts"}],"about":[{"href":"https:\/\/www.forum-soegel.de\/information\/wp-json\/wp\/v2\/types\/post"}],"author":[{"embeddable":true,"href":"https:\/\/www.forum-soegel.de\/information\/wp-json\/wp\/v2\/users\/2"}],"replies":[{"embeddable":true,"href":"https:\/\/www.forum-soegel.de\/information\/wp-json\/wp\/v2\/comments?post=42163"}],"version-history":[{"count":1,"href":"https:\/\/www.forum-soegel.de\/information\/wp-json\/wp\/v2\/posts\/42163\/revisions"}],"predecessor-version":[{"id":42166,"href":"https:\/\/www.forum-soegel.de\/information\/wp-json\/wp\/v2\/posts\/42163\/revisions\/42166"}],"wp:attachment":[{"href":"https:\/\/www.forum-soegel.de\/information\/wp-json\/wp\/v2\/media?parent=42163"}],"wp:term":[{"taxonomy":"category","embeddable":true,"href":"https:\/\/www.forum-soegel.de\/information\/wp-json\/wp\/v2\/categories?post=42163"},{"taxonomy":"post_tag","embeddable":true,"href":"https:\/\/www.forum-soegel.de\/information\/wp-json\/wp\/v2\/tags?post=42163"}],"curies":[{"name":"wp","href":"https:\/\/api.w.org\/{rel}","templated":true}]}}