{"id":42159,"date":"2026-08-01T15:32:24","date_gmt":"2026-08-01T13:32:24","guid":{"rendered":"https:\/\/www.forum-soegel.de\/information\/?p=42159"},"modified":"2026-09-03T15:34:48","modified_gmt":"2026-09-03T13:34:48","slug":"gelungenes-schuetzenfest-2026-in-soegel","status":"publish","type":"post","link":"https:\/\/www.forum-soegel.de\/information\/2026\/08\/gelungenes-schuetzenfest-2026-in-soegel\/","title":{"rendered":"Gelungenes Sch\u00fctzenfest 2026 in S\u00f6gel"},"content":{"rendered":"\n<p class=\"wp-block-paragraph\">S\u00f6gel &#8211; Drei Tage lang feierten zahlreiche Besucherinnen und Besucher gemeinsam mit dem Sch\u00fctzenverein ein rundum gelungenes Fest, das von guter Stimmung, gelebter Tradition und vielen H\u00f6hepunkten gepr\u00e4gt war.<\/p>\n\n\n\n<p class=\"wp-block-paragraph\">Den Auftakt bildete am Samstag das Kaiserschie\u00dfen. Hier sicherte sich Heinz Robbers die Kaiserw\u00fcrde. Am Abend wurde beim K\u00f6nigsball im festlich geschm\u00fcckten Festzelt bis in die Nacht gefeiert.<\/p>\n\n\n\n<p class=\"wp-block-paragraph\">Der Sonntag begann mit dem traditionellen Festumzug durch die Gemeinde. Zahlreiche Zuschauer s\u00e4umten die Stra\u00dfen und begr\u00fc\u00dften die festlich geschm\u00fcckten Kutschen. Das amtierende K\u00f6nigspaar Heike und Norbert Hilmes pr\u00e4sentierte sich gemeinsam mit seinem Throngefolge. Ebenfalls am Umzug nahmen die Kindermajest\u00e4ten Louisa Husmann und Finn Gro\u00dfmann mit ihrem Kinderthron, der neue Kaiser sowie die Jubelpaare Bernhard Rakers, Nils Welling, Bernhard Quappen, Karl Steinbild und Barny Hinrichs teil.<\/p>\n\n\n\n<p class=\"wp-block-paragraph\">Am Nachmittag stand das Kinderk\u00f6nigsschie\u00dfen im Mittelpunkt. Nach einem spannenden Wettbewerb konnten Benedikt Hinson und Liz Kleine als neue Kindermajest\u00e4ten proklamiert werden.<\/p>\n\n\n\n<p class=\"wp-block-paragraph\">Der Montag begann traditionell mit dem Fr\u00fchschoppen, bei dem Mitglieder, G\u00e4ste und Freunde des Vereins in geselliger Runde zusammenkamen. Anschlie\u00dfend richtete sich die Aufmerksamkeit auf das K\u00f6nigsschie\u00dfen. Nach einem spannenden Wettkampf gelang es Luis Hinrichs, den entscheidenden Schuss abzugeben und die K\u00f6nigsw\u00fcrde zu erringen. Gemeinsam mit Benita Schild bilden sie nun das K\u00f6nigspaar f\u00fcr das Sch\u00fctzenjahr 2026\/2027.<\/p>\n\n\n\n<p class=\"wp-block-paragraph\">Text\/Fotos: Christian Klostermann<\/p>\n\n\n\n<figure data-wp-context=\"{&quot;galleryId&quot;:&quot;6a9a4b80c2aa2&quot;}\" data-wp-interactive=\"core\/gallery\" class=\"wp-block-gallery has-nested-images columns-default is-cropped wp-block-gallery-1 is-layout-flex wp-block-gallery-is-layout-flex\">\n<figure data-wp-context=\"{&quot;imageId&quot;:&quot;6a9a4b80c3f81&quot;}\" data-wp-interactive=\"core\/image\" data-wp-key=\"6a9a4b80c3f81\" class=\"wp-block-image size-large wp-lightbox-container\"><img loading=\"lazy\" decoding=\"async\" width=\"1024\" height=\"576\" data-wp-class--hide=\"state.isContentHidden\" data-wp-class--show=\"state.isContentVisible\" data-wp-init=\"callbacks.setButtonStyles\" data-wp-on--click=\"actions.showLightbox\" data-wp-on--load=\"callbacks.setButtonStyles\" data-wp-on--pointerdown=\"actions.preloadImage\" data-wp-on--pointerenter=\"actions.preloadImageWithDelay\" data-wp-on--pointerleave=\"actions.cancelPreload\" data-wp-on-window--resize=\"callbacks.setButtonStyles\" data-id=\"42161\" src=\"https:\/\/www.forum-soegel.de\/information\/wp-content\/uploads\/2026\/09\/Schu\u2560etzenverein-So\u2560egel-1-1024x576.jpg\" alt=\"\" class=\"wp-image-42161\" srcset=\"https:\/\/www.forum-soegel.de\/information\/wp-content\/uploads\/2026\/09\/Schu\u2560etzenverein-So\u2560egel-1-1024x576.jpg 1024w, https:\/\/www.forum-soegel.de\/information\/wp-content\/uploads\/2026\/09\/Schu\u2560etzenverein-So\u2560egel-1-300x169.jpg 300w, https:\/\/www.forum-soegel.de\/information\/wp-content\/uploads\/2026\/09\/Schu\u2560etzenverein-So\u2560egel-1-768x432.jpg 768w, https:\/\/www.forum-soegel.de\/information\/wp-content\/uploads\/2026\/09\/Schu\u2560etzenverein-So\u2560egel-1-1536x864.jpg 1536w, https:\/\/www.forum-soegel.de\/information\/wp-content\/uploads\/2026\/09\/Schu\u2560etzenverein-So\u2560egel-1-2048x1152-1.jpg 2048w\" sizes=\"auto, (max-width: 1024px) 100vw, 1024px\" \/><button\n\t\t\tclass=\"lightbox-trigger\"\n\t\t\ttype=\"button\"\n\t\t\taria-haspopup=\"dialog\"\n\t\t\tdata-wp-bind--aria-label=\"state.thisImage.triggerButtonAriaLabel\"\n\t\t\tdata-wp-init=\"callbacks.initTriggerButton\"\n\t\t\tdata-wp-on--click=\"actions.showLightbox\"\n\t\t\tdata-wp-style--right=\"state.thisImage.buttonRight\"\n\t\t\tdata-wp-style--top=\"state.thisImage.buttonTop\"\n\t\t>\n\t\t\t<svg xmlns=\"http:\/\/www.w3.org\/2000\/svg\" width=\"12\" height=\"12\" fill=\"none\" viewBox=\"0 0 12 12\">\n\t\t\t\t<path fill=\"#fff\" d=\"M2 0a2 2 0 0 0-2 2v2h1.5V2a.5.5 0 0 1 .5-.5h2V0H2Zm2 10.5H2a.5.5 0 0 1-.5-.5V8H0v2a2 2 0 0 0 2 2h2v-1.5ZM8 12v-1.5h2a.5.5 0 0 0 .5-.5V8H12v2a2 2 0 0 1-2 2H8Zm2-12a2 2 0 0 1 2 2v2h-1.5V2a.5.5 0 0 0-.5-.5H8V0h2Z\" \/>\n\t\t\t<\/svg>\n\t\t<\/button><\/figure>\n\n\n\n<figure data-wp-context=\"{&quot;imageId&quot;:&quot;6a9a4b80c4bd5&quot;}\" data-wp-interactive=\"core\/image\" data-wp-key=\"6a9a4b80c4bd5\" class=\"wp-block-image size-large wp-lightbox-container\"><img loading=\"lazy\" decoding=\"async\" width=\"1024\" height=\"576\" data-wp-class--hide=\"state.isContentHidden\" data-wp-class--show=\"state.isContentVisible\" data-wp-init=\"callbacks.setButtonStyles\" data-wp-on--click=\"actions.showLightbox\" data-wp-on--load=\"callbacks.setButtonStyles\" data-wp-on--pointerdown=\"actions.preloadImage\" data-wp-on--pointerenter=\"actions.preloadImageWithDelay\" data-wp-on--pointerleave=\"actions.cancelPreload\" data-wp-on-window--resize=\"callbacks.setButtonStyles\" data-id=\"42160\" src=\"https:\/\/www.forum-soegel.de\/information\/wp-content\/uploads\/2026\/09\/Schu\u2560etzenverein-So\u2560egel-2-1024x576.jpg\" alt=\"\" class=\"wp-image-42160\" srcset=\"https:\/\/www.forum-soegel.de\/information\/wp-content\/uploads\/2026\/09\/Schu\u2560etzenverein-So\u2560egel-2-1024x576.jpg 1024w, https:\/\/www.forum-soegel.de\/information\/wp-content\/uploads\/2026\/09\/Schu\u2560etzenverein-So\u2560egel-2-300x169.jpg 300w, https:\/\/www.forum-soegel.de\/information\/wp-content\/uploads\/2026\/09\/Schu\u2560etzenverein-So\u2560egel-2-768x432.jpg 768w, https:\/\/www.forum-soegel.de\/information\/wp-content\/uploads\/2026\/09\/Schu\u2560etzenverein-So\u2560egel-2-1536x864.jpg 1536w, https:\/\/www.forum-soegel.de\/information\/wp-content\/uploads\/2026\/09\/Schu\u2560etzenverein-So\u2560egel-2-2048x1152.jpg 2048w\" sizes=\"auto, (max-width: 1024px) 100vw, 1024px\" \/><button\n\t\t\tclass=\"lightbox-trigger\"\n\t\t\ttype=\"button\"\n\t\t\taria-haspopup=\"dialog\"\n\t\t\tdata-wp-bind--aria-label=\"state.thisImage.triggerButtonAriaLabel\"\n\t\t\tdata-wp-init=\"callbacks.initTriggerButton\"\n\t\t\tdata-wp-on--click=\"actions.showLightbox\"\n\t\t\tdata-wp-style--right=\"state.thisImage.buttonRight\"\n\t\t\tdata-wp-style--top=\"state.thisImage.buttonTop\"\n\t\t>\n\t\t\t<svg xmlns=\"http:\/\/www.w3.org\/2000\/svg\" width=\"12\" height=\"12\" fill=\"none\" viewBox=\"0 0 12 12\">\n\t\t\t\t<path fill=\"#fff\" d=\"M2 0a2 2 0 0 0-2 2v2h1.5V2a.5.5 0 0 1 .5-.5h2V0H2Zm2 10.5H2a.5.5 0 0 1-.5-.5V8H0v2a2 2 0 0 0 2 2h2v-1.5ZM8 12v-1.5h2a.5.5 0 0 0 .5-.5V8H12v2a2 2 0 0 1-2 2H8Zm2-12a2 2 0 0 1 2 2v2h-1.5V2a.5.5 0 0 0-.5-.5H8V0h2Z\" \/>\n\t\t\t<\/svg>\n\t\t<\/button><\/figure>\n<\/figure>\n\n\n\n<p class=\"wp-block-paragraph\"><\/p>\n","protected":false},"excerpt":{"rendered":"S\u00f6gel &#8211; Drei Tage lang feierten zahlreiche Besucherinnen und Besucher gemeinsam mit dem Sch\u00fctzenverein ein rundum gelungenes Fest, das von guter Stimmung, gelebter Tradition und vielen H\u00f6hepunkten gepr\u00e4gt war. Den Auftakt bildete am Samstag das Kaiserschie\u00dfen. Hier sicherte sich Heinz Robbers die Kaiserw\u00fcrde. Am Abend wurde beim K\u00f6nigsball im festlich geschm\u00fcckten Festzelt bis in die [&hellip;]\n","protected":false},"author":2,"featured_media":0,"comment_status":"closed","ping_status":"closed","sticky":false,"template":"","format":"standard","meta":{"ngg_post_thumbnail":0,"footnotes":""},"categories":[3],"tags":[],"class_list":["post-42159","post","type-post","status-publish","format-standard","hentry","category-aktuelles-aus-der-region"],"_links":{"self":[{"href":"https:\/\/www.forum-soegel.de\/information\/wp-json\/wp\/v2\/posts\/42159","targetHints":{"allow":["GET"]}}],"collection":[{"href":"https:\/\/www.forum-soegel.de\/information\/wp-json\/wp\/v2\/posts"}],"about":[{"href":"https:\/\/www.forum-soegel.de\/information\/wp-json\/wp\/v2\/types\/post"}],"author":[{"embeddable":true,"href":"https:\/\/www.forum-soegel.de\/information\/wp-json\/wp\/v2\/users\/2"}],"replies":[{"embeddable":true,"href":"https:\/\/www.forum-soegel.de\/information\/wp-json\/wp\/v2\/comments?post=42159"}],"version-history":[{"count":1,"href":"https:\/\/www.forum-soegel.de\/information\/wp-json\/wp\/v2\/posts\/42159\/revisions"}],"predecessor-version":[{"id":42162,"href":"https:\/\/www.forum-soegel.de\/information\/wp-json\/wp\/v2\/posts\/42159\/revisions\/42162"}],"wp:attachment":[{"href":"https:\/\/www.forum-soegel.de\/information\/wp-json\/wp\/v2\/media?parent=42159"}],"wp:term":[{"taxonomy":"category","embeddable":true,"href":"https:\/\/www.forum-soegel.de\/information\/wp-json\/wp\/v2\/categories?post=42159"},{"taxonomy":"post_tag","embeddable":true,"href":"https:\/\/www.forum-soegel.de\/information\/wp-json\/wp\/v2\/tags?post=42159"}],"curies":[{"name":"wp","href":"https:\/\/api.w.org\/{rel}","templated":true}]}}