{"id":42150,"date":"2026-08-01T15:28:14","date_gmt":"2026-08-01T13:28:14","guid":{"rendered":"https:\/\/www.forum-soegel.de\/information\/?p=42150"},"modified":"2026-09-03T15:29:36","modified_gmt":"2026-09-03T13:29:36","slug":"inklusiver-sternespielplatz-an-der-burgeiser-strasse-eroeffnet","status":"publish","type":"post","link":"https:\/\/www.forum-soegel.de\/information\/2026\/08\/inklusiver-sternespielplatz-an-der-burgeiser-strasse-eroeffnet\/","title":{"rendered":"Inklusiver Sternespielplatz an der Burgeiser Stra\u00dfe er\u00f6ffnet"},"content":{"rendered":"\n<p class=\"wp-block-paragraph\"><strong>LEADER-Mittel sinnvoll eingesetzt<\/strong><\/p>\n\n\n\n<p class=\"wp-block-paragraph\">S\u00f6gel &#8211; Die Gemeinde S\u00f6gel hat den neu gestalteten inklusiven Sternespielplatz an der Burgeiser Stra\u00dfe offiziell er\u00f6ffnet. Der Spielplatz ist der erste Standort im Rahmen des weiterentwickelten Spielplatzkonzeptes und wurde mit Unterst\u00fctzung von LEADER-Mitteln der Region H\u00fcmmling umgesetzt. Bei der Einweihung waren neben den Vertretern der Gemeinde S\u00f6gel die Mitglieder des Spielplatzausschusses der Gemeinde S\u00f6gel auch Anwohner und Kinder von der KiTa Sonnenh\u00fcgel vor Ort.<\/p>\n\n\n\n<p class=\"wp-block-paragraph\">Cornelia Willigmann-Kassner aus dem S\u00f6geler Rathaus erkl\u00e4rte: \u201eBestehende Spielbereiche wurden modernisiert und durch inklusive Angebote erg\u00e4nzt. Ziel ist es, Kindern unterschiedlicher Altersgruppen und mit verschiedenen Bed\u00fcrfnissen gemeinsame Spiel- und Bewegungsm\u00f6glichkeiten zu bieten. Sitz- und Aufenthaltsbereiche laden zudem Familien und begleitende Personen zum Verweilen ein.\u201c<\/p>\n\n\n\n<p class=\"wp-block-paragraph\">\u201eMit dem neuen Sternespielplatz schaffen wir einen Ort, an dem Kinder gemeinsam spielen und sich frei bewegen k\u00f6nnen \u2013 unabh\u00e4ngig von ihren individuellen Voraussetzungen\u201c, betonte Arbeitskreisvorsitzender Heinz Wagener.<\/p>\n\n\n\n<p class=\"wp-block-paragraph\">Das Wagener damit voll ins Schwarze getroffen hat, zeigten die zahlreichen Kinder der KiTa Arche Noah, die mit viel Freude den Spielplatz umgehend genutzt haben.<\/p>\n\n\n\n<p class=\"wp-block-paragraph\">Gemeindedirektor Frank Kla\u00df hebt die Bedeutung der F\u00f6rderung hervor: \u201eDer Sternespielplatz zeigt, wie kommunale Entwicklung, F\u00f6rdermittel und die Bed\u00fcrfnisse der Menschen vor Ort sinnvoll zusammengef\u00fchrt werden k\u00f6nnen. Wir investieren damit in Lebensqualit\u00e4t, Begegnung und Teilhabe.\u201c Seinen Dank richtete er an die Mitarbeiter des Fachbereichs Bauwesen sowie an den Regionalmanager Ralph Deitermann.<\/p>\n\n\n\n<p class=\"wp-block-paragraph\">Mit der Er\u00f6ffnung geht die Gemeinde S\u00f6gel einen weiteren Schritt hin zu familienfreundlichen, barrierearmen und lebendigen Begegnungsorten im \u00f6ffentlichen Raum.<\/p>\n\n\n\n<p class=\"wp-block-paragraph\">Text\/Fotos: Gemeinde S\u00f6gel<\/p>\n\n\n\n<figure data-wp-context=\"{&quot;galleryId&quot;:&quot;6a9a4b7ff41e2&quot;}\" data-wp-interactive=\"core\/gallery\" class=\"wp-block-gallery has-nested-images columns-default is-cropped wp-block-gallery-1 is-layout-flex wp-block-gallery-is-layout-flex\">\n<figure data-wp-context=\"{&quot;imageId&quot;:&quot;6a9a4b80025f9&quot;}\" data-wp-interactive=\"core\/image\" data-wp-key=\"6a9a4b80025f9\" class=\"wp-block-image size-full wp-lightbox-container\"><img loading=\"lazy\" decoding=\"async\" width=\"480\" height=\"640\" data-wp-class--hide=\"state.isContentHidden\" data-wp-class--show=\"state.isContentVisible\" data-wp-init=\"callbacks.setButtonStyles\" data-wp-on--click=\"actions.showLightbox\" data-wp-on--load=\"callbacks.setButtonStyles\" data-wp-on--pointerdown=\"actions.preloadImage\" data-wp-on--pointerenter=\"actions.preloadImageWithDelay\" data-wp-on--pointerleave=\"actions.cancelPreload\" data-wp-on-window--resize=\"callbacks.setButtonStyles\" data-id=\"42152\" src=\"https:\/\/www.forum-soegel.de\/information\/wp-content\/uploads\/2026\/09\/Inklusiver-Sternespielplatz-4.jpg\" alt=\"\" class=\"wp-image-42152\" srcset=\"https:\/\/www.forum-soegel.de\/information\/wp-content\/uploads\/2026\/09\/Inklusiver-Sternespielplatz-4.jpg 480w, https:\/\/www.forum-soegel.de\/information\/wp-content\/uploads\/2026\/09\/Inklusiver-Sternespielplatz-4-225x300.jpg 225w\" sizes=\"auto, (max-width: 480px) 100vw, 480px\" \/><button\n\t\t\tclass=\"lightbox-trigger\"\n\t\t\ttype=\"button\"\n\t\t\taria-haspopup=\"dialog\"\n\t\t\tdata-wp-bind--aria-label=\"state.thisImage.triggerButtonAriaLabel\"\n\t\t\tdata-wp-init=\"callbacks.initTriggerButton\"\n\t\t\tdata-wp-on--click=\"actions.showLightbox\"\n\t\t\tdata-wp-style--right=\"state.thisImage.buttonRight\"\n\t\t\tdata-wp-style--top=\"state.thisImage.buttonTop\"\n\t\t>\n\t\t\t<svg xmlns=\"http:\/\/www.w3.org\/2000\/svg\" width=\"12\" height=\"12\" fill=\"none\" viewBox=\"0 0 12 12\">\n\t\t\t\t<path fill=\"#fff\" d=\"M2 0a2 2 0 0 0-2 2v2h1.5V2a.5.5 0 0 1 .5-.5h2V0H2Zm2 10.5H2a.5.5 0 0 1-.5-.5V8H0v2a2 2 0 0 0 2 2h2v-1.5ZM8 12v-1.5h2a.5.5 0 0 0 .5-.5V8H12v2a2 2 0 0 1-2 2H8Zm2-12a2 2 0 0 1 2 2v2h-1.5V2a.5.5 0 0 0-.5-.5H8V0h2Z\" \/>\n\t\t\t<\/svg>\n\t\t<\/button><\/figure>\n\n\n\n<figure data-wp-context=\"{&quot;imageId&quot;:&quot;6a9a4b800351e&quot;}\" data-wp-interactive=\"core\/image\" data-wp-key=\"6a9a4b800351e\" class=\"wp-block-image size-full wp-lightbox-container\"><img loading=\"lazy\" decoding=\"async\" width=\"640\" height=\"480\" data-wp-class--hide=\"state.isContentHidden\" data-wp-class--show=\"state.isContentVisible\" data-wp-init=\"callbacks.setButtonStyles\" data-wp-on--click=\"actions.showLightbox\" data-wp-on--load=\"callbacks.setButtonStyles\" data-wp-on--pointerdown=\"actions.preloadImage\" data-wp-on--pointerenter=\"actions.preloadImageWithDelay\" data-wp-on--pointerleave=\"actions.cancelPreload\" data-wp-on-window--resize=\"callbacks.setButtonStyles\" data-id=\"42151\" src=\"https:\/\/www.forum-soegel.de\/information\/wp-content\/uploads\/2026\/09\/Inklusiver-Sternespielplatz-1.jpg\" alt=\"\" class=\"wp-image-42151\" srcset=\"https:\/\/www.forum-soegel.de\/information\/wp-content\/uploads\/2026\/09\/Inklusiver-Sternespielplatz-1.jpg 640w, https:\/\/www.forum-soegel.de\/information\/wp-content\/uploads\/2026\/09\/Inklusiver-Sternespielplatz-1-300x225.jpg 300w\" sizes=\"auto, (max-width: 640px) 100vw, 640px\" \/><button\n\t\t\tclass=\"lightbox-trigger\"\n\t\t\ttype=\"button\"\n\t\t\taria-haspopup=\"dialog\"\n\t\t\tdata-wp-bind--aria-label=\"state.thisImage.triggerButtonAriaLabel\"\n\t\t\tdata-wp-init=\"callbacks.initTriggerButton\"\n\t\t\tdata-wp-on--click=\"actions.showLightbox\"\n\t\t\tdata-wp-style--right=\"state.thisImage.buttonRight\"\n\t\t\tdata-wp-style--top=\"state.thisImage.buttonTop\"\n\t\t>\n\t\t\t<svg xmlns=\"http:\/\/www.w3.org\/2000\/svg\" width=\"12\" height=\"12\" fill=\"none\" viewBox=\"0 0 12 12\">\n\t\t\t\t<path fill=\"#fff\" d=\"M2 0a2 2 0 0 0-2 2v2h1.5V2a.5.5 0 0 1 .5-.5h2V0H2Zm2 10.5H2a.5.5 0 0 1-.5-.5V8H0v2a2 2 0 0 0 2 2h2v-1.5ZM8 12v-1.5h2a.5.5 0 0 0 .5-.5V8H12v2a2 2 0 0 1-2 2H8Zm2-12a2 2 0 0 1 2 2v2h-1.5V2a.5.5 0 0 0-.5-.5H8V0h2Z\" \/>\n\t\t\t<\/svg>\n\t\t<\/button><\/figure>\n<\/figure>\n","protected":false},"excerpt":{"rendered":"LEADER-Mittel sinnvoll eingesetzt S\u00f6gel &#8211; Die Gemeinde S\u00f6gel hat den neu gestalteten inklusiven Sternespielplatz an der Burgeiser Stra\u00dfe offiziell er\u00f6ffnet. Der Spielplatz ist der erste Standort im Rahmen des weiterentwickelten Spielplatzkonzeptes und wurde mit Unterst\u00fctzung von LEADER-Mitteln der Region H\u00fcmmling umgesetzt. Bei der Einweihung waren neben den Vertretern der Gemeinde S\u00f6gel die Mitglieder des Spielplatzausschusses [&hellip;]\n","protected":false},"author":2,"featured_media":0,"comment_status":"closed","ping_status":"closed","sticky":false,"template":"","format":"standard","meta":{"ngg_post_thumbnail":0,"footnotes":""},"categories":[3],"tags":[],"class_list":["post-42150","post","type-post","status-publish","format-standard","hentry","category-aktuelles-aus-der-region"],"_links":{"self":[{"href":"https:\/\/www.forum-soegel.de\/information\/wp-json\/wp\/v2\/posts\/42150","targetHints":{"allow":["GET"]}}],"collection":[{"href":"https:\/\/www.forum-soegel.de\/information\/wp-json\/wp\/v2\/posts"}],"about":[{"href":"https:\/\/www.forum-soegel.de\/information\/wp-json\/wp\/v2\/types\/post"}],"author":[{"embeddable":true,"href":"https:\/\/www.forum-soegel.de\/information\/wp-json\/wp\/v2\/users\/2"}],"replies":[{"embeddable":true,"href":"https:\/\/www.forum-soegel.de\/information\/wp-json\/wp\/v2\/comments?post=42150"}],"version-history":[{"count":1,"href":"https:\/\/www.forum-soegel.de\/information\/wp-json\/wp\/v2\/posts\/42150\/revisions"}],"predecessor-version":[{"id":42153,"href":"https:\/\/www.forum-soegel.de\/information\/wp-json\/wp\/v2\/posts\/42150\/revisions\/42153"}],"wp:attachment":[{"href":"https:\/\/www.forum-soegel.de\/information\/wp-json\/wp\/v2\/media?parent=42150"}],"wp:term":[{"taxonomy":"category","embeddable":true,"href":"https:\/\/www.forum-soegel.de\/information\/wp-json\/wp\/v2\/categories?post=42150"},{"taxonomy":"post_tag","embeddable":true,"href":"https:\/\/www.forum-soegel.de\/information\/wp-json\/wp\/v2\/tags?post=42150"}],"curies":[{"name":"wp","href":"https:\/\/api.w.org\/{rel}","templated":true}]}}