{"id":42146,"date":"2026-08-01T15:25:33","date_gmt":"2026-08-01T13:25:33","guid":{"rendered":"https:\/\/www.forum-soegel.de\/information\/?p=42146"},"modified":"2026-09-03T15:27:29","modified_gmt":"2026-09-03T13:27:29","slug":"gemeinderat-gross-berssen-im-niedersaechsischen-landtag","status":"publish","type":"post","link":"https:\/\/www.forum-soegel.de\/information\/2026\/08\/gemeinderat-gross-berssen-im-niedersaechsischen-landtag\/","title":{"rendered":"Gemeinderat Gro\u00df Ber\u00dfen im nieders\u00e4chsischen Landtag"},"content":{"rendered":"\n<p class=\"wp-block-paragraph\"><strong>Ausflug nach Hannover<\/strong><\/p>\n\n\n\n<p class=\"wp-block-paragraph\">Gro\u00df Ber\u00dfen &#8211; Mit einer Gruppe von 29 Personen rund um den Gemeinderat Gro\u00df Ber\u00dfen sowie ehemaligen Ratsmitgliedern fand am 23.06.2026 ein Ausflug nach Hannover statt. Der erste Programmpunkt f\u00fchrte die Teilnehmenden in die beeindruckenden Herrenh\u00e4user G\u00e4rten. Bei einem Rundgang konnten die weitl\u00e4ufigen Parkanlagen und die historische Gartenkunst erkundet werden. Nach einer ausgedehnten Mittagspause stand der Besuch des Nieders\u00e4chsischen Landtags auf der Agenda. Nach einem Informationsfilm \u00fcber die Arbeit des Parlaments verfolgte die Gruppe Plenardebatten zu den Themenbereichen Hochschule, nieders\u00e4chsisches Jagdgesetz und Grundsteuer in Niedersachsen. Im Anschluss fand eine Diskussionsrunde mit den Landtagsabgeordneten Hartmut Moorkamp (CDU), Andrea K\u00f6tter (SPD) und Nicolas Breer (Gr\u00fcne) statt. Dabei gab es die Gelegenheit, Fragen zu stellen und sich direkt mit den Politikern \u00fcber aktuelle landespolitische Themen auszutauschen. Der gelungene Ausflug bot interessante Einblicke in die Landespolitik. Vielen Dank f\u00fcr die tolle Organisation an den Gro\u00df Ber\u00dfener B\u00fcrgermeister Reinhard Kurlemann und an das Busunternehmen van der Ahe Reisen.<\/p>\n\n\n\n<p class=\"wp-block-paragraph\">Text: Anke Stevens<\/p>\n\n\n\n<p class=\"wp-block-paragraph\">Fotos: Gemeinde Gro\u00df Ber\u00dfen<\/p>\n\n\n\n<figure data-wp-context=\"{&quot;galleryId&quot;:&quot;6a9a4b92dd49e&quot;}\" data-wp-interactive=\"core\/gallery\" class=\"wp-block-gallery has-nested-images columns-default is-cropped wp-block-gallery-1 is-layout-flex wp-block-gallery-is-layout-flex\">\n<figure data-wp-context=\"{&quot;imageId&quot;:&quot;6a9a4b92deb87&quot;}\" data-wp-interactive=\"core\/image\" data-wp-key=\"6a9a4b92deb87\" class=\"wp-block-image size-large wp-lightbox-container\"><img loading=\"lazy\" decoding=\"async\" width=\"1024\" height=\"768\" data-wp-class--hide=\"state.isContentHidden\" data-wp-class--show=\"state.isContentVisible\" data-wp-init=\"callbacks.setButtonStyles\" data-wp-on--click=\"actions.showLightbox\" data-wp-on--load=\"callbacks.setButtonStyles\" data-wp-on--pointerdown=\"actions.preloadImage\" data-wp-on--pointerenter=\"actions.preloadImageWithDelay\" data-wp-on--pointerleave=\"actions.cancelPreload\" data-wp-on-window--resize=\"callbacks.setButtonStyles\" data-id=\"42148\" src=\"https:\/\/www.forum-soegel.de\/information\/wp-content\/uploads\/2026\/09\/Gemeinderat-Gro\u251c\u0192-Ber\u251c\u0192en-im-niedersa\u2560echsischen-Landtag-4-1024x768.jpg\" alt=\"\" class=\"wp-image-42148\" srcset=\"https:\/\/www.forum-soegel.de\/information\/wp-content\/uploads\/2026\/09\/Gemeinderat-Gro\u251c\u0192-Ber\u251c\u0192en-im-niedersa\u2560echsischen-Landtag-4-1024x768.jpg 1024w, https:\/\/www.forum-soegel.de\/information\/wp-content\/uploads\/2026\/09\/Gemeinderat-Gro\u251c\u0192-Ber\u251c\u0192en-im-niedersa\u2560echsischen-Landtag-4-300x225.jpg 300w, https:\/\/www.forum-soegel.de\/information\/wp-content\/uploads\/2026\/09\/Gemeinderat-Gro\u251c\u0192-Ber\u251c\u0192en-im-niedersa\u2560echsischen-Landtag-4-768x576.jpg 768w, https:\/\/www.forum-soegel.de\/information\/wp-content\/uploads\/2026\/09\/Gemeinderat-Gro\u251c\u0192-Ber\u251c\u0192en-im-niedersa\u2560echsischen-Landtag-4-1536x1152.jpg 1536w, https:\/\/www.forum-soegel.de\/information\/wp-content\/uploads\/2026\/09\/Gemeinderat-Gro\u251c\u0192-Ber\u251c\u0192en-im-niedersa\u2560echsischen-Landtag-4-2048x1536.jpg 2048w\" sizes=\"auto, (max-width: 1024px) 100vw, 1024px\" \/><button\n\t\t\tclass=\"lightbox-trigger\"\n\t\t\ttype=\"button\"\n\t\t\taria-haspopup=\"dialog\"\n\t\t\tdata-wp-bind--aria-label=\"state.thisImage.triggerButtonAriaLabel\"\n\t\t\tdata-wp-init=\"callbacks.initTriggerButton\"\n\t\t\tdata-wp-on--click=\"actions.showLightbox\"\n\t\t\tdata-wp-style--right=\"state.thisImage.buttonRight\"\n\t\t\tdata-wp-style--top=\"state.thisImage.buttonTop\"\n\t\t>\n\t\t\t<svg xmlns=\"http:\/\/www.w3.org\/2000\/svg\" width=\"12\" height=\"12\" fill=\"none\" viewBox=\"0 0 12 12\">\n\t\t\t\t<path fill=\"#fff\" d=\"M2 0a2 2 0 0 0-2 2v2h1.5V2a.5.5 0 0 1 .5-.5h2V0H2Zm2 10.5H2a.5.5 0 0 1-.5-.5V8H0v2a2 2 0 0 0 2 2h2v-1.5ZM8 12v-1.5h2a.5.5 0 0 0 .5-.5V8H12v2a2 2 0 0 1-2 2H8Zm2-12a2 2 0 0 1 2 2v2h-1.5V2a.5.5 0 0 0-.5-.5H8V0h2Z\" \/>\n\t\t\t<\/svg>\n\t\t<\/button><\/figure>\n\n\n\n<figure data-wp-context=\"{&quot;imageId&quot;:&quot;6a9a4b92df6f8&quot;}\" data-wp-interactive=\"core\/image\" data-wp-key=\"6a9a4b92df6f8\" class=\"wp-block-image size-large wp-lightbox-container\"><img loading=\"lazy\" decoding=\"async\" width=\"1024\" height=\"768\" data-wp-class--hide=\"state.isContentHidden\" data-wp-class--show=\"state.isContentVisible\" data-wp-init=\"callbacks.setButtonStyles\" data-wp-on--click=\"actions.showLightbox\" data-wp-on--load=\"callbacks.setButtonStyles\" data-wp-on--pointerdown=\"actions.preloadImage\" data-wp-on--pointerenter=\"actions.preloadImageWithDelay\" data-wp-on--pointerleave=\"actions.cancelPreload\" data-wp-on-window--resize=\"callbacks.setButtonStyles\" data-id=\"42147\" src=\"https:\/\/www.forum-soegel.de\/information\/wp-content\/uploads\/2026\/09\/Gemeinderat-Gro\u251c\u0192-Ber\u251c\u0192en-im-niedersa\u2560echsischen-Landtag-2-1024x768.jpg\" alt=\"\" class=\"wp-image-42147\" srcset=\"https:\/\/www.forum-soegel.de\/information\/wp-content\/uploads\/2026\/09\/Gemeinderat-Gro\u251c\u0192-Ber\u251c\u0192en-im-niedersa\u2560echsischen-Landtag-2-1024x768.jpg 1024w, https:\/\/www.forum-soegel.de\/information\/wp-content\/uploads\/2026\/09\/Gemeinderat-Gro\u251c\u0192-Ber\u251c\u0192en-im-niedersa\u2560echsischen-Landtag-2-300x225.jpg 300w, https:\/\/www.forum-soegel.de\/information\/wp-content\/uploads\/2026\/09\/Gemeinderat-Gro\u251c\u0192-Ber\u251c\u0192en-im-niedersa\u2560echsischen-Landtag-2-768x576.jpg 768w, https:\/\/www.forum-soegel.de\/information\/wp-content\/uploads\/2026\/09\/Gemeinderat-Gro\u251c\u0192-Ber\u251c\u0192en-im-niedersa\u2560echsischen-Landtag-2-1536x1152.jpg 1536w, https:\/\/www.forum-soegel.de\/information\/wp-content\/uploads\/2026\/09\/Gemeinderat-Gro\u251c\u0192-Ber\u251c\u0192en-im-niedersa\u2560echsischen-Landtag-2.jpg 2000w\" sizes=\"auto, (max-width: 1024px) 100vw, 1024px\" \/><button\n\t\t\tclass=\"lightbox-trigger\"\n\t\t\ttype=\"button\"\n\t\t\taria-haspopup=\"dialog\"\n\t\t\tdata-wp-bind--aria-label=\"state.thisImage.triggerButtonAriaLabel\"\n\t\t\tdata-wp-init=\"callbacks.initTriggerButton\"\n\t\t\tdata-wp-on--click=\"actions.showLightbox\"\n\t\t\tdata-wp-style--right=\"state.thisImage.buttonRight\"\n\t\t\tdata-wp-style--top=\"state.thisImage.buttonTop\"\n\t\t>\n\t\t\t<svg xmlns=\"http:\/\/www.w3.org\/2000\/svg\" width=\"12\" height=\"12\" fill=\"none\" viewBox=\"0 0 12 12\">\n\t\t\t\t<path fill=\"#fff\" d=\"M2 0a2 2 0 0 0-2 2v2h1.5V2a.5.5 0 0 1 .5-.5h2V0H2Zm2 10.5H2a.5.5 0 0 1-.5-.5V8H0v2a2 2 0 0 0 2 2h2v-1.5ZM8 12v-1.5h2a.5.5 0 0 0 .5-.5V8H12v2a2 2 0 0 1-2 2H8Zm2-12a2 2 0 0 1 2 2v2h-1.5V2a.5.5 0 0 0-.5-.5H8V0h2Z\" \/>\n\t\t\t<\/svg>\n\t\t<\/button><\/figure>\n<\/figure>\n\n\n\n<p class=\"wp-block-paragraph\"><\/p>\n","protected":false},"excerpt":{"rendered":"Ausflug nach Hannover Gro\u00df Ber\u00dfen &#8211; Mit einer Gruppe von 29 Personen rund um den Gemeinderat Gro\u00df Ber\u00dfen sowie ehemaligen Ratsmitgliedern fand am 23.06.2026 ein Ausflug nach Hannover statt. Der erste Programmpunkt f\u00fchrte die Teilnehmenden in die beeindruckenden Herrenh\u00e4user G\u00e4rten. Bei einem Rundgang konnten die weitl\u00e4ufigen Parkanlagen und die historische Gartenkunst erkundet werden. Nach einer [&hellip;]\n","protected":false},"author":2,"featured_media":0,"comment_status":"closed","ping_status":"closed","sticky":false,"template":"","format":"standard","meta":{"ngg_post_thumbnail":0,"footnotes":""},"categories":[3],"tags":[],"class_list":["post-42146","post","type-post","status-publish","format-standard","hentry","category-aktuelles-aus-der-region"],"_links":{"self":[{"href":"https:\/\/www.forum-soegel.de\/information\/wp-json\/wp\/v2\/posts\/42146","targetHints":{"allow":["GET"]}}],"collection":[{"href":"https:\/\/www.forum-soegel.de\/information\/wp-json\/wp\/v2\/posts"}],"about":[{"href":"https:\/\/www.forum-soegel.de\/information\/wp-json\/wp\/v2\/types\/post"}],"author":[{"embeddable":true,"href":"https:\/\/www.forum-soegel.de\/information\/wp-json\/wp\/v2\/users\/2"}],"replies":[{"embeddable":true,"href":"https:\/\/www.forum-soegel.de\/information\/wp-json\/wp\/v2\/comments?post=42146"}],"version-history":[{"count":1,"href":"https:\/\/www.forum-soegel.de\/information\/wp-json\/wp\/v2\/posts\/42146\/revisions"}],"predecessor-version":[{"id":42149,"href":"https:\/\/www.forum-soegel.de\/information\/wp-json\/wp\/v2\/posts\/42146\/revisions\/42149"}],"wp:attachment":[{"href":"https:\/\/www.forum-soegel.de\/information\/wp-json\/wp\/v2\/media?parent=42146"}],"wp:term":[{"taxonomy":"category","embeddable":true,"href":"https:\/\/www.forum-soegel.de\/information\/wp-json\/wp\/v2\/categories?post=42146"},{"taxonomy":"post_tag","embeddable":true,"href":"https:\/\/www.forum-soegel.de\/information\/wp-json\/wp\/v2\/tags?post=42146"}],"curies":[{"name":"wp","href":"https:\/\/api.w.org\/{rel}","templated":true}]}}