{"id":42139,"date":"2026-08-01T15:21:26","date_gmt":"2026-08-01T13:21:26","guid":{"rendered":"https:\/\/www.forum-soegel.de\/information\/?p=42139"},"modified":"2026-09-03T15:24:59","modified_gmt":"2026-09-03T13:24:59","slug":"25-jahre-jugendfeuerwehr-soegel-erfolgreiche-nachwuchsarbeit-sichert-die-zukunft","status":"publish","type":"post","link":"https:\/\/www.forum-soegel.de\/information\/2026\/08\/25-jahre-jugendfeuerwehr-soegel-erfolgreiche-nachwuchsarbeit-sichert-die-zukunft\/","title":{"rendered":"25 Jahre Jugendfeuerwehr S\u00f6gel \u2013 Erfolgreiche Nachwuchsarbeit sichert die Zukunft"},"content":{"rendered":"\n<p class=\"wp-block-paragraph\">S\u00f6gel &#8211; Mit zahlreichen G\u00e4sten aus Feuerwehr, THW, Politik und Verwaltung sowie vielen aktiven und ehemaligen Mitgliedern feierte die Jugendfeuerwehr S\u00f6gel im Feuerwehrhaus ihr 25-j\u00e4hriges Bestehen und blickte auf ein Vierteljahrhundert erfolgreiche Nachwuchsarbeit zur\u00fcck.<\/p>\n\n\n\n<p class=\"wp-block-paragraph\">Ortsbrandmeister Markus Heller bezeichnete die Jugendfeuerwehr als unverzichtbaren Bestandteil der Feuerwehr S\u00f6gel. Die vergangenen 25 Jahre h\u00e4tten eindrucksvoll gezeigt, wie wichtig sie f\u00fcr die Sicherung des Personalbestandes bis heute sei. Besonders erfreulich sei, dass sich weiterhin viele Jugendliche f\u00fcr die Feuerwehr begeistern.<\/p>\n\n\n\n<p class=\"wp-block-paragraph\">Gemeinsam mit Jugendwart Jonas K\u00f6hler dankte Heller den Jugendlichen, dem Betreuerteam sowie den zahlreichen Unterst\u00fctzern. Ohne die Hilfe der Samtgemeinde, des F\u00f6rdervereins, vieler Sponsoren, des Bauhofes und zahlreicher Helfer w\u00e4re die Durchf\u00fchrung der Jubil\u00e4umsveranstaltung nicht m\u00f6glich gewesen.<\/p>\n\n\n\n<p class=\"wp-block-paragraph\">Jonas K\u00f6hler hob die Bedeutung der Jugendfeuerwehr als Zukunftssicherung hervor. In einer Pr\u00e4sentation erinnerten der fr\u00fchere Jugendwart Ludger R\u00f6tepohl und Hendrik Eveld an die Gr\u00fcndung im Jahr 2001 sowie u.a. an Wettbewerbe, Leistungsspangen, Ausfl\u00fcge, soziale Projekte.<\/p>\n\n\n\n<p class=\"wp-block-paragraph\">Samtgemeindeb\u00fcrgermeister Frank Kla\u00df zeigte sich erfreut dar\u00fcber, dass sowohl in S\u00f6gel als auch in B\u00f6rger aktive Jugendfeuerwehren bestehen. Der stellvertretende B\u00fcrgermeister Jannis Kuper hob besonders die Wertevermittlung und Pers\u00f6nlichkeitsentwicklung junger Menschen hervor.<\/p>\n\n\n\n<p class=\"wp-block-paragraph\">Gemeindebrandmeister Martin Kla\u00df sowie Martin P\u00fclsken als stellvertretender Vorsitzender des Kreisfeuerwehrverbandes Aschendorf-H\u00fcmmling dankten insbesondere den Jugendwarten und Betreuern. Gl\u00fcckw\u00fcnsche \u00fcberbrachten au\u00dferdem Niklas Kessen von der Kreisjugendfeuerwehr Emsland und Bernd Tepe von der befreundeten Jugendfeuerwehr Unna-Massen, mit der seit \u00fcber 14 Jahren eine enge Partnerschaft besteht.<\/p>\n\n\n\n<p class=\"wp-block-paragraph\">Als Mitglieder der ersten Stunde wurden geehrt: Carsten Eiting, Dennis Meyer, Thomas Schulte und Torsten Weller mit dem Feuerwehr-Ehrenzeichen in Silber. Ludger R\u00f6tepohl wurde mit der silbernen Ehrennadel des Kreisfeuerwehrverbandes Aschendorf-H\u00fcmmling ausgezeichnet.<\/p>\n\n\n\n<p class=\"wp-block-paragraph\">Ein historischer Film aus dem Jubil\u00e4umsjahr 2013 zeigte die damalige Jugendarbeit. Besonders eindrucksvoll war, dass die heutige Jugendfeuerwehr denselben \u00dcbungseinsatz am Jubil\u00e4umswochenende erneut pr\u00e4sentierte.<\/p>\n\n\n\n<p class=\"wp-block-paragraph\">Mit einem gem\u00fctlichen Beisammensein klang die Jubil\u00e4umsfeier aus. Viele G\u00e4ste nutzten die Gelegenheit, gemeinsam auf 25 erfolgreiche Jahre Jugendfeuerwehr S\u00f6gel zur\u00fcckzublicken und optimistisch in die Zukunft zu schauen.<\/p>\n\n\n\n<p class=\"wp-block-paragraph\">Text\/Fotos: Lambert Brand<\/p>\n\n\n\n<figure data-wp-context=\"{&quot;galleryId&quot;:&quot;6a9a4cc7d647e&quot;}\" data-wp-interactive=\"core\/gallery\" class=\"wp-block-gallery has-nested-images columns-default is-cropped wp-block-gallery-1 is-layout-flex wp-block-gallery-is-layout-flex\">\n<figure data-wp-context=\"{&quot;imageId&quot;:&quot;6a9a4cc7d80a1&quot;}\" data-wp-interactive=\"core\/image\" data-wp-key=\"6a9a4cc7d80a1\" class=\"wp-block-image size-large wp-lightbox-container\"><img loading=\"lazy\" decoding=\"async\" width=\"768\" height=\"1024\" data-wp-class--hide=\"state.isContentHidden\" data-wp-class--show=\"state.isContentVisible\" data-wp-init=\"callbacks.setButtonStyles\" data-wp-on--click=\"actions.showLightbox\" data-wp-on--load=\"callbacks.setButtonStyles\" data-wp-on--pointerdown=\"actions.preloadImage\" data-wp-on--pointerenter=\"actions.preloadImageWithDelay\" data-wp-on--pointerleave=\"actions.cancelPreload\" data-wp-on-window--resize=\"callbacks.setButtonStyles\" data-id=\"42141\" src=\"https:\/\/www.forum-soegel.de\/information\/wp-content\/uploads\/2026\/09\/JF-So\u2560egel-3-768x1024-1.jpeg\" alt=\"\" class=\"wp-image-42141\" srcset=\"https:\/\/www.forum-soegel.de\/information\/wp-content\/uploads\/2026\/09\/JF-So\u2560egel-3-768x1024-1.jpeg 768w, https:\/\/www.forum-soegel.de\/information\/wp-content\/uploads\/2026\/09\/JF-So\u2560egel-3-225x300.jpeg 225w, https:\/\/www.forum-soegel.de\/information\/wp-content\/uploads\/2026\/09\/JF-So\u2560egel-3.jpeg 960w\" sizes=\"auto, (max-width: 768px) 100vw, 768px\" \/><button\n\t\t\tclass=\"lightbox-trigger\"\n\t\t\ttype=\"button\"\n\t\t\taria-haspopup=\"dialog\"\n\t\t\tdata-wp-bind--aria-label=\"state.thisImage.triggerButtonAriaLabel\"\n\t\t\tdata-wp-init=\"callbacks.initTriggerButton\"\n\t\t\tdata-wp-on--click=\"actions.showLightbox\"\n\t\t\tdata-wp-style--right=\"state.thisImage.buttonRight\"\n\t\t\tdata-wp-style--top=\"state.thisImage.buttonTop\"\n\t\t>\n\t\t\t<svg xmlns=\"http:\/\/www.w3.org\/2000\/svg\" width=\"12\" height=\"12\" fill=\"none\" viewBox=\"0 0 12 12\">\n\t\t\t\t<path fill=\"#fff\" d=\"M2 0a2 2 0 0 0-2 2v2h1.5V2a.5.5 0 0 1 .5-.5h2V0H2Zm2 10.5H2a.5.5 0 0 1-.5-.5V8H0v2a2 2 0 0 0 2 2h2v-1.5ZM8 12v-1.5h2a.5.5 0 0 0 .5-.5V8H12v2a2 2 0 0 1-2 2H8Zm2-12a2 2 0 0 1 2 2v2h-1.5V2a.5.5 0 0 0-.5-.5H8V0h2Z\" \/>\n\t\t\t<\/svg>\n\t\t<\/button><\/figure>\n\n\n\n<figure data-wp-context=\"{&quot;imageId&quot;:&quot;6a9a4cc7d8c15&quot;}\" data-wp-interactive=\"core\/image\" data-wp-key=\"6a9a4cc7d8c15\" class=\"wp-block-image size-large wp-lightbox-container\"><img loading=\"lazy\" decoding=\"async\" width=\"1024\" height=\"613\" data-wp-class--hide=\"state.isContentHidden\" data-wp-class--show=\"state.isContentVisible\" data-wp-init=\"callbacks.setButtonStyles\" data-wp-on--click=\"actions.showLightbox\" data-wp-on--load=\"callbacks.setButtonStyles\" data-wp-on--pointerdown=\"actions.preloadImage\" data-wp-on--pointerenter=\"actions.preloadImageWithDelay\" data-wp-on--pointerleave=\"actions.cancelPreload\" data-wp-on-window--resize=\"callbacks.setButtonStyles\" data-id=\"42140\" src=\"https:\/\/www.forum-soegel.de\/information\/wp-content\/uploads\/2026\/09\/JF-So\u2560egel-1-1024x613.jpeg\" alt=\"\" class=\"wp-image-42140\" srcset=\"https:\/\/www.forum-soegel.de\/information\/wp-content\/uploads\/2026\/09\/JF-So\u2560egel-1-1024x613.jpeg 1024w, https:\/\/www.forum-soegel.de\/information\/wp-content\/uploads\/2026\/09\/JF-So\u2560egel-1-300x180.jpeg 300w, https:\/\/www.forum-soegel.de\/information\/wp-content\/uploads\/2026\/09\/JF-So\u2560egel-1-767x459.jpeg 767w, https:\/\/www.forum-soegel.de\/information\/wp-content\/uploads\/2026\/09\/JF-So\u2560egel-1.jpeg 1280w\" sizes=\"auto, (max-width: 1024px) 100vw, 1024px\" \/><button\n\t\t\tclass=\"lightbox-trigger\"\n\t\t\ttype=\"button\"\n\t\t\taria-haspopup=\"dialog\"\n\t\t\tdata-wp-bind--aria-label=\"state.thisImage.triggerButtonAriaLabel\"\n\t\t\tdata-wp-init=\"callbacks.initTriggerButton\"\n\t\t\tdata-wp-on--click=\"actions.showLightbox\"\n\t\t\tdata-wp-style--right=\"state.thisImage.buttonRight\"\n\t\t\tdata-wp-style--top=\"state.thisImage.buttonTop\"\n\t\t>\n\t\t\t<svg xmlns=\"http:\/\/www.w3.org\/2000\/svg\" width=\"12\" height=\"12\" fill=\"none\" viewBox=\"0 0 12 12\">\n\t\t\t\t<path fill=\"#fff\" d=\"M2 0a2 2 0 0 0-2 2v2h1.5V2a.5.5 0 0 1 .5-.5h2V0H2Zm2 10.5H2a.5.5 0 0 1-.5-.5V8H0v2a2 2 0 0 0 2 2h2v-1.5ZM8 12v-1.5h2a.5.5 0 0 0 .5-.5V8H12v2a2 2 0 0 1-2 2H8Zm2-12a2 2 0 0 1 2 2v2h-1.5V2a.5.5 0 0 0-.5-.5H8V0h2Z\" \/>\n\t\t\t<\/svg>\n\t\t<\/button><\/figure>\n\n\n\n<figure data-wp-context=\"{&quot;imageId&quot;:&quot;6a9a4cc7d974f&quot;}\" data-wp-interactive=\"core\/image\" data-wp-key=\"6a9a4cc7d974f\" class=\"wp-block-image size-large wp-lightbox-container\"><img loading=\"lazy\" decoding=\"async\" width=\"768\" height=\"1024\" data-wp-class--hide=\"state.isContentHidden\" data-wp-class--show=\"state.isContentVisible\" data-wp-init=\"callbacks.setButtonStyles\" data-wp-on--click=\"actions.showLightbox\" data-wp-on--load=\"callbacks.setButtonStyles\" data-wp-on--pointerdown=\"actions.preloadImage\" data-wp-on--pointerenter=\"actions.preloadImageWithDelay\" data-wp-on--pointerleave=\"actions.cancelPreload\" data-wp-on-window--resize=\"callbacks.setButtonStyles\" data-id=\"42142\" src=\"https:\/\/www.forum-soegel.de\/information\/wp-content\/uploads\/2026\/09\/JF-So\u2560egel-2-768x1024-1.jpeg\" alt=\"\" class=\"wp-image-42142\" srcset=\"https:\/\/www.forum-soegel.de\/information\/wp-content\/uploads\/2026\/09\/JF-So\u2560egel-2-768x1024-1.jpeg 768w, https:\/\/www.forum-soegel.de\/information\/wp-content\/uploads\/2026\/09\/JF-So\u2560egel-2-225x300.jpeg 225w, https:\/\/www.forum-soegel.de\/information\/wp-content\/uploads\/2026\/09\/JF-So\u2560egel-2.jpeg 960w\" sizes=\"auto, (max-width: 768px) 100vw, 768px\" \/><button\n\t\t\tclass=\"lightbox-trigger\"\n\t\t\ttype=\"button\"\n\t\t\taria-haspopup=\"dialog\"\n\t\t\tdata-wp-bind--aria-label=\"state.thisImage.triggerButtonAriaLabel\"\n\t\t\tdata-wp-init=\"callbacks.initTriggerButton\"\n\t\t\tdata-wp-on--click=\"actions.showLightbox\"\n\t\t\tdata-wp-style--right=\"state.thisImage.buttonRight\"\n\t\t\tdata-wp-style--top=\"state.thisImage.buttonTop\"\n\t\t>\n\t\t\t<svg xmlns=\"http:\/\/www.w3.org\/2000\/svg\" width=\"12\" height=\"12\" fill=\"none\" viewBox=\"0 0 12 12\">\n\t\t\t\t<path fill=\"#fff\" d=\"M2 0a2 2 0 0 0-2 2v2h1.5V2a.5.5 0 0 1 .5-.5h2V0H2Zm2 10.5H2a.5.5 0 0 1-.5-.5V8H0v2a2 2 0 0 0 2 2h2v-1.5ZM8 12v-1.5h2a.5.5 0 0 0 .5-.5V8H12v2a2 2 0 0 1-2 2H8Zm2-12a2 2 0 0 1 2 2v2h-1.5V2a.5.5 0 0 0-.5-.5H8V0h2Z\" \/>\n\t\t\t<\/svg>\n\t\t<\/button><\/figure>\n<\/figure>\n\n\n\n<p class=\"wp-block-paragraph\">Der \u00dcbungseinsatz begeisterte<\/p>\n\n\n\n<figure data-wp-context=\"{&quot;imageId&quot;:&quot;6a9a4cc7dade2&quot;}\" data-wp-interactive=\"core\/image\" data-wp-key=\"6a9a4cc7dade2\" class=\"wp-block-image size-large wp-lightbox-container\"><img loading=\"lazy\" decoding=\"async\" width=\"1024\" height=\"510\" data-wp-class--hide=\"state.isContentHidden\" data-wp-class--show=\"state.isContentVisible\" data-wp-init=\"callbacks.setButtonStyles\" data-wp-on--click=\"actions.showLightbox\" data-wp-on--load=\"callbacks.setButtonStyles\" data-wp-on--pointerdown=\"actions.preloadImage\" data-wp-on--pointerenter=\"actions.preloadImageWithDelay\" data-wp-on--pointerleave=\"actions.cancelPreload\" data-wp-on-window--resize=\"callbacks.setButtonStyles\" src=\"https:\/\/www.forum-soegel.de\/information\/wp-content\/uploads\/2026\/09\/JF-So\u2560egel-5-1024x510.jpeg\" alt=\"\" class=\"wp-image-42143\" srcset=\"https:\/\/www.forum-soegel.de\/information\/wp-content\/uploads\/2026\/09\/JF-So\u2560egel-5-1024x510.jpeg 1024w, https:\/\/www.forum-soegel.de\/information\/wp-content\/uploads\/2026\/09\/JF-So\u2560egel-5-300x150.jpeg 300w, https:\/\/www.forum-soegel.de\/information\/wp-content\/uploads\/2026\/09\/JF-So\u2560egel-5-766x382.jpeg 766w, https:\/\/www.forum-soegel.de\/information\/wp-content\/uploads\/2026\/09\/JF-So\u2560egel-5.jpeg 1280w\" sizes=\"auto, (max-width: 1024px) 100vw, 1024px\" \/><button\n\t\t\tclass=\"lightbox-trigger\"\n\t\t\ttype=\"button\"\n\t\t\taria-haspopup=\"dialog\"\n\t\t\tdata-wp-bind--aria-label=\"state.thisImage.triggerButtonAriaLabel\"\n\t\t\tdata-wp-init=\"callbacks.initTriggerButton\"\n\t\t\tdata-wp-on--click=\"actions.showLightbox\"\n\t\t\tdata-wp-style--right=\"state.thisImage.buttonRight\"\n\t\t\tdata-wp-style--top=\"state.thisImage.buttonTop\"\n\t\t>\n\t\t\t<svg xmlns=\"http:\/\/www.w3.org\/2000\/svg\" width=\"12\" height=\"12\" fill=\"none\" viewBox=\"0 0 12 12\">\n\t\t\t\t<path fill=\"#fff\" d=\"M2 0a2 2 0 0 0-2 2v2h1.5V2a.5.5 0 0 1 .5-.5h2V0H2Zm2 10.5H2a.5.5 0 0 1-.5-.5V8H0v2a2 2 0 0 0 2 2h2v-1.5ZM8 12v-1.5h2a.5.5 0 0 0 .5-.5V8H12v2a2 2 0 0 1-2 2H8Zm2-12a2 2 0 0 1 2 2v2h-1.5V2a.5.5 0 0 0-.5-.5H8V0h2Z\" \/>\n\t\t\t<\/svg>\n\t\t<\/button><figcaption class=\"wp-element-caption\">v.l.: Markus Heller, Frank Kla\u00df, Torsten Weller, Martin Kla\u00df, Dennis Meyer, Markus K\u00fcnnen, Ludger R\u00f6tepohl, Thomas Schulte, Hendrik Eveld, Carsten Eiting, Jonas K\u00f6hler und Martin P\u00fclsken.<br>\u00a0<\/figcaption><\/figure>\n\n\n\n<figure data-wp-context=\"{&quot;imageId&quot;:&quot;6a9a4cc7db9a5&quot;}\" data-wp-interactive=\"core\/image\" data-wp-key=\"6a9a4cc7db9a5\" class=\"wp-block-image size-large wp-lightbox-container\"><img loading=\"lazy\" decoding=\"async\" width=\"1024\" height=\"768\" data-wp-class--hide=\"state.isContentHidden\" data-wp-class--show=\"state.isContentVisible\" data-wp-init=\"callbacks.setButtonStyles\" data-wp-on--click=\"actions.showLightbox\" data-wp-on--load=\"callbacks.setButtonStyles\" data-wp-on--pointerdown=\"actions.preloadImage\" data-wp-on--pointerenter=\"actions.preloadImageWithDelay\" data-wp-on--pointerleave=\"actions.cancelPreload\" data-wp-on-window--resize=\"callbacks.setButtonStyles\" src=\"https:\/\/www.forum-soegel.de\/information\/wp-content\/uploads\/2026\/09\/JF-So\u2560egel-1a-1024x768.jpeg\" alt=\"\" class=\"wp-image-42144\" srcset=\"https:\/\/www.forum-soegel.de\/information\/wp-content\/uploads\/2026\/09\/JF-So\u2560egel-1a-1024x768.jpeg 1024w, https:\/\/www.forum-soegel.de\/information\/wp-content\/uploads\/2026\/09\/JF-So\u2560egel-1a-300x225.jpeg 300w, https:\/\/www.forum-soegel.de\/information\/wp-content\/uploads\/2026\/09\/JF-So\u2560egel-1a-768x576.jpeg 768w, https:\/\/www.forum-soegel.de\/information\/wp-content\/uploads\/2026\/09\/JF-So\u2560egel-1a-1536x1152.jpeg 1536w, https:\/\/www.forum-soegel.de\/information\/wp-content\/uploads\/2026\/09\/JF-So\u2560egel-1a.jpeg 2016w\" sizes=\"auto, (max-width: 1024px) 100vw, 1024px\" \/><button\n\t\t\tclass=\"lightbox-trigger\"\n\t\t\ttype=\"button\"\n\t\t\taria-haspopup=\"dialog\"\n\t\t\tdata-wp-bind--aria-label=\"state.thisImage.triggerButtonAriaLabel\"\n\t\t\tdata-wp-init=\"callbacks.initTriggerButton\"\n\t\t\tdata-wp-on--click=\"actions.showLightbox\"\n\t\t\tdata-wp-style--right=\"state.thisImage.buttonRight\"\n\t\t\tdata-wp-style--top=\"state.thisImage.buttonTop\"\n\t\t>\n\t\t\t<svg xmlns=\"http:\/\/www.w3.org\/2000\/svg\" width=\"12\" height=\"12\" fill=\"none\" viewBox=\"0 0 12 12\">\n\t\t\t\t<path fill=\"#fff\" d=\"M2 0a2 2 0 0 0-2 2v2h1.5V2a.5.5 0 0 1 .5-.5h2V0H2Zm2 10.5H2a.5.5 0 0 1-.5-.5V8H0v2a2 2 0 0 0 2 2h2v-1.5ZM8 12v-1.5h2a.5.5 0 0 0 .5-.5V8H12v2a2 2 0 0 1-2 2H8Zm2-12a2 2 0 0 1 2 2v2h-1.5V2a.5.5 0 0 0-.5-.5H8V0h2Z\" \/>\n\t\t\t<\/svg>\n\t\t<\/button><\/figure>\n","protected":false},"excerpt":{"rendered":"S\u00f6gel &#8211; Mit zahlreichen G\u00e4sten aus Feuerwehr, THW, Politik und Verwaltung sowie vielen aktiven und ehemaligen Mitgliedern feierte die Jugendfeuerwehr S\u00f6gel im Feuerwehrhaus ihr 25-j\u00e4hriges Bestehen und blickte auf ein Vierteljahrhundert erfolgreiche Nachwuchsarbeit zur\u00fcck. Ortsbrandmeister Markus Heller bezeichnete die Jugendfeuerwehr als unverzichtbaren Bestandteil der Feuerwehr S\u00f6gel. Die vergangenen 25 Jahre h\u00e4tten eindrucksvoll gezeigt, wie wichtig [&hellip;]\n","protected":false},"author":2,"featured_media":0,"comment_status":"closed","ping_status":"closed","sticky":false,"template":"","format":"standard","meta":{"ngg_post_thumbnail":0,"footnotes":""},"categories":[3],"tags":[],"class_list":["post-42139","post","type-post","status-publish","format-standard","hentry","category-aktuelles-aus-der-region"],"_links":{"self":[{"href":"https:\/\/www.forum-soegel.de\/information\/wp-json\/wp\/v2\/posts\/42139","targetHints":{"allow":["GET"]}}],"collection":[{"href":"https:\/\/www.forum-soegel.de\/information\/wp-json\/wp\/v2\/posts"}],"about":[{"href":"https:\/\/www.forum-soegel.de\/information\/wp-json\/wp\/v2\/types\/post"}],"author":[{"embeddable":true,"href":"https:\/\/www.forum-soegel.de\/information\/wp-json\/wp\/v2\/users\/2"}],"replies":[{"embeddable":true,"href":"https:\/\/www.forum-soegel.de\/information\/wp-json\/wp\/v2\/comments?post=42139"}],"version-history":[{"count":1,"href":"https:\/\/www.forum-soegel.de\/information\/wp-json\/wp\/v2\/posts\/42139\/revisions"}],"predecessor-version":[{"id":42145,"href":"https:\/\/www.forum-soegel.de\/information\/wp-json\/wp\/v2\/posts\/42139\/revisions\/42145"}],"wp:attachment":[{"href":"https:\/\/www.forum-soegel.de\/information\/wp-json\/wp\/v2\/media?parent=42139"}],"wp:term":[{"taxonomy":"category","embeddable":true,"href":"https:\/\/www.forum-soegel.de\/information\/wp-json\/wp\/v2\/categories?post=42139"},{"taxonomy":"post_tag","embeddable":true,"href":"https:\/\/www.forum-soegel.de\/information\/wp-json\/wp\/v2\/tags?post=42139"}],"curies":[{"name":"wp","href":"https:\/\/api.w.org\/{rel}","templated":true}]}}