{"id":42137,"date":"2026-08-01T15:20:15","date_gmt":"2026-08-01T13:20:15","guid":{"rendered":"https:\/\/www.forum-soegel.de\/information\/?p=42137"},"modified":"2026-09-03T15:21:22","modified_gmt":"2026-09-03T13:21:22","slug":"kuemmern-reicht-nicht","status":"publish","type":"post","link":"https:\/\/www.forum-soegel.de\/information\/2026\/08\/kuemmern-reicht-nicht\/","title":{"rendered":"K\u00fcmmern reicht nicht"},"content":{"rendered":"\n<p class=\"wp-block-paragraph\">Als Herausgeber dieses Heftes sind wir zwar grunds\u00e4tzlich parteipolitisch neutral, deshalb aber nicht unpolitisch. Wenige Wochen vor den Kommunalwahlen am 13. September melden wir uns nochmal zu Wort.<\/p>\n\n\n\n<p class=\"wp-block-paragraph\">Zun\u00e4chst gilt es Dank, Anerkennung und Respekt auszusprechen an alle Kandidaten, die sich ehrenamtlich f\u00fcr die Wahlen in die Ortsparlamente zur Verf\u00fcgung stellen. Zur Erinnerung, sie alle, Kandidaten und W\u00e4hlerschaft, sollten immer im Kopf behalten, dass die Politiker und Mandatstr\u00e4ger Angestellte der W\u00e4hlerschaft auf Zeit sind.<\/p>\n\n\n\n<p class=\"wp-block-paragraph\">Wonach setzen wir unser Kreuzchen? Missst\u00e4nde zu benennen geh\u00f6rt zur Demokratie. Aber zwischen dem meckernden Fingerzeig auf die Verwaltung und dem politischen Willen, die n\u00f6tigen Mittel bereitzustellen, liegt oft eine L\u00fccke \u2013 besonders im Wahlkampf. Bisweilen dr\u00e4ngt sich der Eindruck auf, dass einige Kandidaten demonstrativ ihre Rolle als engagierte K\u00fcmmerer unterstreichen wollen. Das ist zun\u00e4chst einmal richtig. Wer in den Rat gew\u00e4hlt werden will, soll die Anliegen der B\u00fcrger aufgreifen und Missst\u00e4nde benennen. Wer aber mehr erwartet oder gar verspricht, muss auch bereit sein, die daf\u00fcr notwendigen Mittel bereitzustellen. Genau dar\u00fcber entscheidet die Kommunalpolitik in den R\u00e4ten. Sich ehrlich machen und das so zu benennen, ist das Gebot des Wahlkampfs. Alles andere sch\u00fcrt am Ende nur zus\u00e4tzlichen Frust \u2013 und st\u00e4rkt nicht das Vertrauen in die kommunale Demokratie.<\/p>\n\n\n\n<p class=\"wp-block-paragraph\">Anpacken ist gefragt \u2013 k\u00fcmmern allein reicht nicht.<\/p>\n\n\n\n<p class=\"wp-block-paragraph\">Bernd Eggert<\/p>\n\n\n\n<p class=\"wp-block-paragraph\">FORUM S\u00f6gel e.V.<\/p>\n","protected":false},"excerpt":{"rendered":"Als Herausgeber dieses Heftes sind wir zwar grunds\u00e4tzlich parteipolitisch neutral, deshalb aber nicht unpolitisch. Wenige Wochen vor den Kommunalwahlen am 13. September melden wir uns nochmal zu Wort. Zun\u00e4chst gilt es Dank, Anerkennung und Respekt auszusprechen an alle Kandidaten, die sich ehrenamtlich f\u00fcr die Wahlen in die Ortsparlamente zur Verf\u00fcgung stellen. Zur Erinnerung, sie alle, [&hellip;]\n","protected":false},"author":2,"featured_media":0,"comment_status":"closed","ping_status":"closed","sticky":false,"template":"","format":"standard","meta":{"ngg_post_thumbnail":0,"footnotes":""},"categories":[393],"tags":[],"class_list":["post-42137","post","type-post","status-publish","format-standard","hentry","category-vorwort"],"_links":{"self":[{"href":"https:\/\/www.forum-soegel.de\/information\/wp-json\/wp\/v2\/posts\/42137","targetHints":{"allow":["GET"]}}],"collection":[{"href":"https:\/\/www.forum-soegel.de\/information\/wp-json\/wp\/v2\/posts"}],"about":[{"href":"https:\/\/www.forum-soegel.de\/information\/wp-json\/wp\/v2\/types\/post"}],"author":[{"embeddable":true,"href":"https:\/\/www.forum-soegel.de\/information\/wp-json\/wp\/v2\/users\/2"}],"replies":[{"embeddable":true,"href":"https:\/\/www.forum-soegel.de\/information\/wp-json\/wp\/v2\/comments?post=42137"}],"version-history":[{"count":1,"href":"https:\/\/www.forum-soegel.de\/information\/wp-json\/wp\/v2\/posts\/42137\/revisions"}],"predecessor-version":[{"id":42138,"href":"https:\/\/www.forum-soegel.de\/information\/wp-json\/wp\/v2\/posts\/42137\/revisions\/42138"}],"wp:attachment":[{"href":"https:\/\/www.forum-soegel.de\/information\/wp-json\/wp\/v2\/media?parent=42137"}],"wp:term":[{"taxonomy":"category","embeddable":true,"href":"https:\/\/www.forum-soegel.de\/information\/wp-json\/wp\/v2\/categories?post=42137"},{"taxonomy":"post_tag","embeddable":true,"href":"https:\/\/www.forum-soegel.de\/information\/wp-json\/wp\/v2\/tags?post=42137"}],"curies":[{"name":"wp","href":"https:\/\/api.w.org\/{rel}","templated":true}]}}