{"id":4176,"date":"2011-01-01T12:31:32","date_gmt":"2011-01-01T11:31:32","guid":{"rendered":"https:\/\/www.forum-soegel.de\/information\/?p=4176"},"modified":"2011-01-02T13:54:47","modified_gmt":"2011-01-02T12:54:47","slug":"40000-euro-fur-den-kinderschutzengel-e-v","status":"publish","type":"post","link":"https:\/\/www.forum-soegel.de\/information\/2011\/01\/40000-euro-fur-den-kinderschutzengel-e-v\/","title":{"rendered":"400,00 Euro f\u00fcr den Kinderschutzengel e.V."},"content":{"rendered":"<p>Die Sch\u00fclervertretung (SV) der Schule am Schloss hatte es sich in diesem Jahr zum Ziel gesetzt, in der Adventszeit den Kinderschutzengel e.V. zu unterst\u00fctzen.<\/p>\n<p>Auf dem S\u00f6geler Weihnachtsmarkt wurden deshalb selbst gebastelte Kerzen, Fensterbilder, Sterne, Weihnachtskarten und frische Waffeln verkauft.<\/p>\n<p>Die Sch\u00fclerinnen und Sch\u00fcler haben mit gro\u00dfem Engagement zusammen mit der SV-Lehrerin Marion Geers diese Aktion vorbereitet und in Zusammenarbeit mit vielen Helfern durchgef\u00fchrt.<\/p>\n<p>Der Reinerl\u00f6s von 400 \u20ac geht an den Verein Kinderschutzengel \u2013 einem gemeinn\u00fctzigen Verein mit Sitz in Berlin, Brandenburg, K\u00f6ln und geplant in M\u00fcnchen. Der Verein sieht seine Aufgabe darin, schwerkranken und bed\u00fcrftigen Kindern und ihren Familien den Krankenhausaufenthalt zu erleichtern, ihnen die Angst vor Operationen, Untersuchungen und medizinischen Ger\u00e4ten zu nehmen. Die speziell f\u00fcr diese Arbeit ausgebildeten \u201eKinderschutzengel\u201c k\u00f6nnen Psychologen, Erzieher, Seelsorger, Familienbegleiter oder auch Clowns sein.<\/p>\n<p>Diese \u201eKinderschutzengel\u201c sind f\u00fcr die Kinder da, befl\u00fcgeln ihre Kreativit\u00e4t und Phantasie, lenken sie von der Krankheit ab, schenken Kraft, Zuversicht und Lebensmut, wecken Humor und Hoffnung, geben Geborgenheit und animieren dadurch wichtige k\u00f6rperliche Prozesse, die<\/p>\n<p>das Gesundwerden nachweislich unterst\u00fctzen. Das Ziel ist es, die ganze Familie in der schweren Zeit des Krankenhausaufenthaltes zu begleiten und auch danach noch zu betreuen.<\/p>\n<p>Text\/Foto: Gisela Arling<\/p>\n<p><a href=\"https:\/\/www.forum-soegel.de\/information\/wp-content\/uploads\/2011\/01\/400-Euro.jpg\"><img loading=\"lazy\" decoding=\"async\" class=\"alignnone size-medium wp-image-4226\" title=\"400 Euro\" src=\"https:\/\/www.forum-soegel.de\/information\/wp-content\/uploads\/2011\/01\/400-Euro-300x225.jpg\" alt=\"\" width=\"300\" height=\"225\" srcset=\"https:\/\/www.forum-soegel.de\/information\/wp-content\/uploads\/2011\/01\/400-Euro-300x225.jpg 300w, https:\/\/www.forum-soegel.de\/information\/wp-content\/uploads\/2011\/01\/400-Euro.jpg 1024w\" sizes=\"auto, (max-width: 300px) 100vw, 300px\" \/><\/a><\/p>\n","protected":false},"excerpt":{"rendered":"Die Sch\u00fclervertretung (SV) der Schule am Schloss hatte es sich in diesem Jahr zum Ziel gesetzt, in der Adventszeit den Kinderschutzengel e.V. zu unterst\u00fctzen. Auf dem S\u00f6geler Weihnachtsmarkt wurden deshalb selbst gebastelte Kerzen, Fensterbilder, Sterne, Weihnachtskarten und frische Waffeln verkauft. Die Sch\u00fclerinnen und Sch\u00fcler haben mit gro\u00dfem Engagement zusammen mit der SV-Lehrerin Marion Geers diese [&hellip;]\n","protected":false},"author":2,"featured_media":0,"comment_status":"closed","ping_status":"closed","sticky":false,"template":"","format":"standard","meta":{"ngg_post_thumbnail":0,"footnotes":""},"categories":[6],"tags":[556],"class_list":["post-4176","post","type-post","status-publish","format-standard","hentry","category-aus-der-schule-geplaudert","tag-kinderschutzengel-e-v"],"_links":{"self":[{"href":"https:\/\/www.forum-soegel.de\/information\/wp-json\/wp\/v2\/posts\/4176","targetHints":{"allow":["GET"]}}],"collection":[{"href":"https:\/\/www.forum-soegel.de\/information\/wp-json\/wp\/v2\/posts"}],"about":[{"href":"https:\/\/www.forum-soegel.de\/information\/wp-json\/wp\/v2\/types\/post"}],"author":[{"embeddable":true,"href":"https:\/\/www.forum-soegel.de\/information\/wp-json\/wp\/v2\/users\/2"}],"replies":[{"embeddable":true,"href":"https:\/\/www.forum-soegel.de\/information\/wp-json\/wp\/v2\/comments?post=4176"}],"version-history":[{"count":3,"href":"https:\/\/www.forum-soegel.de\/information\/wp-json\/wp\/v2\/posts\/4176\/revisions"}],"predecessor-version":[{"id":4228,"href":"https:\/\/www.forum-soegel.de\/information\/wp-json\/wp\/v2\/posts\/4176\/revisions\/4228"}],"wp:attachment":[{"href":"https:\/\/www.forum-soegel.de\/information\/wp-json\/wp\/v2\/media?parent=4176"}],"wp:term":[{"taxonomy":"category","embeddable":true,"href":"https:\/\/www.forum-soegel.de\/information\/wp-json\/wp\/v2\/categories?post=4176"},{"taxonomy":"post_tag","embeddable":true,"href":"https:\/\/www.forum-soegel.de\/information\/wp-json\/wp\/v2\/tags?post=4176"}],"curies":[{"name":"wp","href":"https:\/\/api.w.org\/{rel}","templated":true}]}}