{"id":4146,"date":"2011-01-01T11:42:03","date_gmt":"2011-01-01T10:42:03","guid":{"rendered":"https:\/\/www.forum-soegel.de\/information\/?p=4146"},"modified":"2011-01-01T11:42:03","modified_gmt":"2011-01-01T10:42:03","slug":"museumsfuhrer-werden-am-emslandmuseum-schloss-clemenswerth","status":"publish","type":"post","link":"https:\/\/www.forum-soegel.de\/information\/2011\/01\/museumsfuhrer-werden-am-emslandmuseum-schloss-clemenswerth\/","title":{"rendered":"Museumsf\u00fchrer werden am Emslandmuseum Schloss Clemenswerth"},"content":{"rendered":"<p>Im kommenden Kurshalbjahr bietet die Volkshochschule Meppen in Zusammenarbeit mit dem Emslandmuseum Schloss Clemenswerth das Seminar \u201eRund um Schloss Clemenswerth\u201c an. Gesucht werden daf\u00fcr zehn bis f\u00fcnfzehn Teilnehmer, die Interesse haben, sich mit der Geschichte von Schloss Clemenswerth unter verschiedenen Gesichtspunkten auseinanderzusetzen. Wie war das Leben am Hofe zu Clemens August Zeit? Wie lebte die einfache Bev\u00f6lkerung damals? Welche Geschichte durchlebte das Schloss und mit ihm die Kapuziner? Und was beinhaltet Museumsarbeit heute? Teil des Seminars ist zudem der Umgang mit Besuchergruppen: Wie bereitet man eine F\u00fchrung vor? Wie baut man Spannung und Aufmerksamkeit auf? Wie reagiert man auf unerwartete Fragen? Das Seminar schlie\u00dft jeder Teilnehmer mit einer selbst konzipierten F\u00fchrung ab und erh\u00e4lt daf\u00fcr ein Zertifikat.<\/p>\n<p>Und vielleicht ergibt sich durch die Teilnahme an dem Kurs f\u00fcr den einen oder anderen die M\u00f6glichkeit eines weiteren Engagements am Emslandmuseum Schloss Clemenswerth. Eine Informationsveranstaltung zu Inhalt und Ablauf des drei\u00dfigst\u00fcndigen Seminars findet am Samstag, den 12. Februar (9 bis 10.30), auf Schloss Clemenswerth im Pavillon Coellen statt.<\/p>\n<p>Leitung: Heike Kramer und Dozententeam<\/p>\n<p>Ort: Emslandmuseum Schloss Clemenswerth, Pavillon Coellen<\/p>\n<p>Termine (jeweils samstags, insgesamt 30 Unterrichtsstunden):<\/p>\n<p>12.02.2011, 9.00 &#8211; 10.30 h Informationsveranstaltung<\/p>\n<p>26.02., 12.03., 26.03., 09.04., 07.05., 14.05. und 28.05.2011, je 09.00 &#8211; 12.15 h<\/p>\n<p>Kosten: 128 \u20ac<\/p>\n<p>Anmeldungen und weitere Informationen bei der Volkshochschule Meppen:<\/p>\n<p>Marie Anne Horstmann, Tel. 05931 93 73 22, Email: maria-anne.horstmann@vhs-meppen.de<\/p>\n","protected":false},"excerpt":{"rendered":"Im kommenden Kurshalbjahr bietet die Volkshochschule Meppen in Zusammenarbeit mit dem Emslandmuseum Schloss Clemenswerth das Seminar \u201eRund um Schloss Clemenswerth\u201c an. Gesucht werden daf\u00fcr zehn bis f\u00fcnfzehn Teilnehmer, die Interesse haben, sich mit der Geschichte von Schloss Clemenswerth unter verschiedenen Gesichtspunkten auseinanderzusetzen. Wie war das Leben am Hofe zu Clemens August Zeit? Wie lebte die [&hellip;]\n","protected":false},"author":2,"featured_media":0,"comment_status":"closed","ping_status":"closed","sticky":false,"template":"","format":"standard","meta":{"ngg_post_thumbnail":0,"footnotes":""},"categories":[3],"tags":[279,551,303],"class_list":["post-4146","post","type-post","status-publish","format-standard","hentry","category-aktuelles-aus-der-region","tag-emslandmuseum","tag-museumsfuhrer","tag-schloss-clemenswerth"],"_links":{"self":[{"href":"https:\/\/www.forum-soegel.de\/information\/wp-json\/wp\/v2\/posts\/4146","targetHints":{"allow":["GET"]}}],"collection":[{"href":"https:\/\/www.forum-soegel.de\/information\/wp-json\/wp\/v2\/posts"}],"about":[{"href":"https:\/\/www.forum-soegel.de\/information\/wp-json\/wp\/v2\/types\/post"}],"author":[{"embeddable":true,"href":"https:\/\/www.forum-soegel.de\/information\/wp-json\/wp\/v2\/users\/2"}],"replies":[{"embeddable":true,"href":"https:\/\/www.forum-soegel.de\/information\/wp-json\/wp\/v2\/comments?post=4146"}],"version-history":[{"count":1,"href":"https:\/\/www.forum-soegel.de\/information\/wp-json\/wp\/v2\/posts\/4146\/revisions"}],"predecessor-version":[{"id":4147,"href":"https:\/\/www.forum-soegel.de\/information\/wp-json\/wp\/v2\/posts\/4146\/revisions\/4147"}],"wp:attachment":[{"href":"https:\/\/www.forum-soegel.de\/information\/wp-json\/wp\/v2\/media?parent=4146"}],"wp:term":[{"taxonomy":"category","embeddable":true,"href":"https:\/\/www.forum-soegel.de\/information\/wp-json\/wp\/v2\/categories?post=4146"},{"taxonomy":"post_tag","embeddable":true,"href":"https:\/\/www.forum-soegel.de\/information\/wp-json\/wp\/v2\/tags?post=4146"}],"curies":[{"name":"wp","href":"https:\/\/api.w.org\/{rel}","templated":true}]}}