{"id":4131,"date":"2011-01-01T00:06:17","date_gmt":"2010-12-31T23:06:17","guid":{"rendered":"https:\/\/www.forum-soegel.de\/information\/?p=4131"},"modified":"2011-01-01T13:23:28","modified_gmt":"2011-01-01T12:23:28","slug":"unser-besuch-bei-werder-in-bremen-2","status":"publish","type":"post","link":"https:\/\/www.forum-soegel.de\/information\/2011\/01\/unser-besuch-bei-werder-in-bremen-2\/","title":{"rendered":"Unser Besuch bei Werder in Bremen"},"content":{"rendered":"<p>Am 18.November\u00a0 waren wir in Bremen. Wir hatten die Gelegenheit Tino Polster, den Direktor f\u00fcr Medien und Kommunikation von Werder Bremen zu interviewen.<\/p>\n<p>Janik: Was passiert, wenn alle Torh\u00fcter sich verletzen? Z.B Tim Wiese und die drei Ersatztorh\u00fcter sich beim Training eine Zerrung zuziehen?<\/p>\n<p>Tino Polster: Dann w\u00fcrden wir einen Torh\u00fcter aus der Jugend (U19) des SV Werder Bremen holen.<\/p>\n<p>Lennart Rolfes: Ist schon bekannt, ob in der Winterpause weitere Zug\u00e4nge zu erwarten sind?<\/p>\n<p>Tino Polster: Bis jetzt erwarten wir noch keine Neuzug\u00e4nge.<\/p>\n<p>Malte: Wann ist die Baustelle am Weser Stadion fertig?<\/p>\n<p>Tino Polster: Hoffentlich ist sie im M\u00e4rz fertig \u2013 aber ganz sicher ist sie im Sommer fertig.<\/p>\n<p>Malte: Wie viele Fans passen ins Weser Stadion?<\/p>\n<p>Tino Polster: Momentan passen 35000 Zuschauer ins Stadion. Nach Beendigung der Bauarbeiten werden 42000 Fans die Spiele besuchen k\u00f6nnen.<\/p>\n<p>Malte: Warum sind die Fans der gegnerischen Mannschaft w\u00e4hrend der Spiele in K\u00e4fige gesperrt?<\/p>\n<p>Tino Polster: Weil es Idioten gibt die nackt \u00fcber den Platz rennen oder anderen Zuschauern Gegenst\u00e4nde an den Kopf werfen.<\/p>\n<p>Theresa: Haben sie noch Zeit f\u00fcr Hobbys?<\/p>\n<p>Tino Polster: Da ich sehr oft weg bin, habe ich sehr wenig Zeit, aber wenn ich da bin unternehme ich sehr gerne etwas mit meiner Familie und insbesondere mit meinen Kindern.<\/p>\n<p>Theresa: Wie sieht ihr Tagesablauf aus?<br \/>\nTino Polster: Immer verschieden, denn ich muss immer mit zu den Spielen und deshalb kann mein Tagesablauf nicht immer gleich aussehen. Zum Beispiel empfange ich Gruppen wie euch oder es passiert etwas, was man nicht vorher sehen kann.<\/p>\n<p>Marc Jo\u00ebl: &#8222;Sind sie mit Spielern per DU?&#8220;<br \/>\nTino Polster: &#8222;Ja, ich bin mit allen Spielern per DU.&#8220;<\/p>\n<p>Marc Jo\u00ebl: &#8222;Sind die Pressekonferenzen anstrengend?&#8220;<br \/>\nTino Polster: &#8222;Nein, bei den Pressekonferenzen muss ich nicht viel machen.&#8220;<\/p>\n<p>Ann-Christin: Warum ist die Flagge von Werder Bremen gr\u00fcn &#8211; wei\u00df?<\/p>\n<p>Tino Polster: Weil das die Vereinsfarben sind, gr\u00fcn-wei\u00df das wurde einmal so beschlossen .<\/p>\n<p>Ann-Christin: Wie viel habe sie so als Pressesprecher zu tun?<\/p>\n<p>Tino Polster: Ich bin eher gesagt der *Direktor f\u00fcr Medien und Kommunikation*, alles was an Medien (wie zum Beispiel f\u00fcr Werder.de, Werder.tv , Werder-Magazin ,\u00a0Jahresbuch,\u00a0Saison Abschiedes Buch und Saison anfangs Buch, saison DVD, juniorheft)\u00a0\u00a0raus gehst muss ich \u00fcberpr\u00fcfen. Alles Leute die F\u00fcr diese Medien verantwortlich sind muss ich zusammen bringen. Au\u00dferdem muss ich Pressekonferenzen abhalten, Pressekonferenzen organisieren und Einzel interview planen.<\/p>\n<p>Jolina: Wie lange arbeiten sie schon f\u00fcr Werder Bremen?<\/p>\n<p>Tino Polster: Seit 2002!<\/p>\n<p>Jolina: Sind sie Werder Bremen-Fan?<\/p>\n<p>Tino Polster: Ja, schon seit meinem achten Lebensjahr!<\/p>\n<p>Jolina: Sie haben eine Zeit lang in M\u00fcnchen gelebt. Wie kommt das, dass sie Werder Bremen \u2013 Fan sind?\u00a0\u00a0 I<\/p>\n<p>Tino Polster: Ich wurde in Delmenhorst geboren! Delmenhorst liegt in der N\u00e4he von Bremen!<\/p>\n<p>Judith: Was macht ihnen an Ihrem Beruf am meisten Spa\u00df?<\/p>\n<p>Tino Polster: Am meisten Spa\u00df macht das Gewinnen.(lacht)<\/p>\n<p>Sophia: Wie weit in voraus erfahren Sie, dass neue Spieler kommen?<\/p>\n<p>Tino Polster: Es kommt darauf an, manchmal lange und manchmal kurz.<\/p>\n<p>Sophia: Wechselt Per Mertesacker wirklich?<\/p>\n<p>Tino Polster: Per Mertesacker wechselt nicht, aber weil wir so eine gute Mannschaft haben, gibt es viele Ger\u00fcchte dar\u00fcber. Irgendwie freut mich das auch.<\/p>\n<p>Lea: Wie war es f\u00fcr Sie, als Sie erfahren haben, das Mesut \u00d6zil zu Real Madrid wechselt?<\/p>\n<p>Tino Polster: F\u00fcr mich war das klar. Mesut \u00d6zil hat einen Berater, der ihm hilft und der mehr \u00fcber Geld wei\u00df. Au\u00dferdem ist Mesut \u00d6zil noch jung und sein Vertrag lief aus.<\/p>\n<p>Lea: Was haben sie f\u00fcr Pflichten?<\/p>\n<p>Tino Polster: Ganz viele! Ich muss meine ganze Zeit und Kraft f\u00fcr Werder Bremen einsetzen. Ich muss 7 Tage die Woche f\u00fcr Presse und Mannschaft da sein. Au\u00dferdem bin ich bei allen Spielen dabei.<\/p>\n<p>Sebastian:\u00a0D\u00fcrfen Sie mit auf Mannschaftsfahrten?<\/p>\n<p>Tino Polster:\u00a0Ja! \u00a0Auf den Mannschaftsfahrten bin ich eigentlich immer mit dabei, weil ich dort die Interviews regle.<\/p>\n<p>Hanna: Verstehen Sie sich gut mit den Reportern?<\/p>\n<p>Tino Polster: Das ist immer unterschiedlich. Manchmal muss ich mich ganz sch\u00f6n durchsetzen.<\/p>\n<p>Texte: Jugendredaktion Druckerpatronen<\/p>\n<p><a href=\"https:\/\/www.forum-soegel.de\/information\/wp-content\/uploads\/2011\/01\/Werder-II.jpg\"><img loading=\"lazy\" decoding=\"async\" class=\"alignnone size-thumbnail wp-image-4216\" title=\"Werder II\" src=\"https:\/\/www.forum-soegel.de\/information\/wp-content\/uploads\/2011\/01\/Werder-II-150x150.jpg\" alt=\"\" width=\"150\" height=\"150\" \/><\/a>\u00a0 <a href=\"https:\/\/www.forum-soegel.de\/information\/wp-content\/uploads\/2011\/01\/Werder-IV.jpg\"><img loading=\"lazy\" decoding=\"async\" class=\"alignnone size-thumbnail wp-image-4217\" title=\"Werder IV\" src=\"https:\/\/www.forum-soegel.de\/information\/wp-content\/uploads\/2011\/01\/Werder-IV-150x150.jpg\" alt=\"\" width=\"150\" height=\"150\" \/><\/a><\/p>\n","protected":false},"excerpt":{"rendered":"Am 18.November\u00a0 waren wir in Bremen. Wir hatten die Gelegenheit Tino Polster, den Direktor f\u00fcr Medien und Kommunikation von Werder Bremen zu interviewen. Janik: Was passiert, wenn alle Torh\u00fcter sich verletzen? Z.B Tim Wiese und die drei Ersatztorh\u00fcter sich beim Training eine Zerrung zuziehen? Tino Polster: Dann w\u00fcrden wir einen Torh\u00fcter aus der Jugend (U19) [&hellip;]\n","protected":false},"author":2,"featured_media":0,"comment_status":"closed","ping_status":"closed","sticky":false,"template":"","format":"standard","meta":{"ngg_post_thumbnail":0,"footnotes":""},"categories":[276],"tags":[],"class_list":["post-4131","post","type-post","status-publish","format-standard","hentry","category-jugend-schreibt"],"_links":{"self":[{"href":"https:\/\/www.forum-soegel.de\/information\/wp-json\/wp\/v2\/posts\/4131","targetHints":{"allow":["GET"]}}],"collection":[{"href":"https:\/\/www.forum-soegel.de\/information\/wp-json\/wp\/v2\/posts"}],"about":[{"href":"https:\/\/www.forum-soegel.de\/information\/wp-json\/wp\/v2\/types\/post"}],"author":[{"embeddable":true,"href":"https:\/\/www.forum-soegel.de\/information\/wp-json\/wp\/v2\/users\/2"}],"replies":[{"embeddable":true,"href":"https:\/\/www.forum-soegel.de\/information\/wp-json\/wp\/v2\/comments?post=4131"}],"version-history":[{"count":3,"href":"https:\/\/www.forum-soegel.de\/information\/wp-json\/wp\/v2\/posts\/4131\/revisions"}],"predecessor-version":[{"id":4218,"href":"https:\/\/www.forum-soegel.de\/information\/wp-json\/wp\/v2\/posts\/4131\/revisions\/4218"}],"wp:attachment":[{"href":"https:\/\/www.forum-soegel.de\/information\/wp-json\/wp\/v2\/media?parent=4131"}],"wp:term":[{"taxonomy":"category","embeddable":true,"href":"https:\/\/www.forum-soegel.de\/information\/wp-json\/wp\/v2\/categories?post=4131"},{"taxonomy":"post_tag","embeddable":true,"href":"https:\/\/www.forum-soegel.de\/information\/wp-json\/wp\/v2\/tags?post=4131"}],"curies":[{"name":"wp","href":"https:\/\/api.w.org\/{rel}","templated":true}]}}