{"id":41064,"date":"2026-02-01T09:39:57","date_gmt":"2026-02-01T08:39:57","guid":{"rendered":"https:\/\/www.forum-soegel.de\/information\/?p=41064"},"modified":"2026-03-10T09:41:54","modified_gmt":"2026-03-10T08:41:54","slug":"feierliches-jubilaeum-langjaehrige-mitarbeiter-im-mittelpunkt","status":"publish","type":"post","link":"https:\/\/www.forum-soegel.de\/information\/2026\/02\/feierliches-jubilaeum-langjaehrige-mitarbeiter-im-mittelpunkt\/","title":{"rendered":"Feierliches Jubil\u00e4um: Langj\u00e4hrige Mitarbeiter im Mittelpunkt"},"content":{"rendered":"\n<p>S\u00f6gel &#8211; Der Malteser Hilfsdienst feierte mit seinen Jubilaren die Verdienste der Mitarbeiter und Mitarbeiterinnen. Im Rahmen eines gemeinsamen Fr\u00fchst\u00fccks wurden die Mitarbeiterinnen und Mitarbeiter, die seit vielen Jahren mit Engagement und Leidenschaft zum Erfolg der hauptamtlichen Dienste in den Dienststellen S\u00f6gel und Papenburg beigetragen haben, gew\u00fcrdigt. Die gemeinsame Dienststellenleitung Rita Hagenhoff bedankte sich f\u00fcr deren langj\u00e4hrige Treue und den unerm\u00fcdlichen Einsatz. \u201eDer Malteser hat an beiden Standorten viel Entwicklung erlebt. Mit Stolz blicken wir auf die erreichten Meilensteine zur\u00fcck und freuen uns darauf, gemeinsam neue Herausforderungen anzugehen.\u201c<\/p>\n\n\n\n<p>Insgesamt arbeiten in den beiden Dienststellen fast 200 Mitarbeiter. Die Aufgaben liegen im Bereich der Ausbildung, in Erster Hilfe und der sozialpflegerischen Ausbildung, des Fahrdienstes f\u00fcr Menschen mit Behinderung und der Krankenbef\u00f6rderung, des Hausnotrufs und des Men\u00fcservices. Im n\u00f6rdlichen Emsland betreut Malteser etwa 2.000 Hausnotrufkunden mit seinem Hausnotrufsystem.<\/p>\n\n\n\n<p>T\u00e4glich erhalten rund 260 Kunden eine warme Mahlzeit. Insgesamt sind 70 Fahrzeuge im Einsatz, um Menschen mit Behinderung zu Einrichtungen und Schulen zu bringen sowie kranke oder \u00e4ltere Personen im Rollstuhl oder liegend zu Arzt- oder Krankenhausbesuchen zu fahren. Sonja Kruithoff koordiniert gemeinsam mit ihrem Ausbilderteam rund 400 Kurse in Erster Hilfe sowie in sozialpflegerischer Ausbildung am Standort S\u00f6gel.<\/p>\n\n\n\n<p><strong>Jubilare Dienststelle Papenburg:<\/strong><\/p>\n\n\n\n<p>Marlies Deeken, Anna Hanneken, Ingrid Br\u00f6ring, Anita Wagner (stellv. Fahrdienstleitung), Marita Kofoet,<\/p>\n\n\n\n<p>alle f\u00fcr 10 Jahre, Lambert Hackmann f\u00fcr 20 Jahre, Agnes Sch\u00fctte-Frauenprei\u00df f\u00fcr 30 Jahre.<\/p>\n\n\n\n<p><strong>Jubilare Dienststelle S\u00f6gel:<\/strong><\/p>\n\n\n\n<p>Uli Sievers, Helga Herm\u00fchlen, beide<\/p>\n\n\n\n<p>10 Jahre, Dietmar Tuchtenhagen<\/p>\n\n\n\n<p>f\u00fcr 15 Jahre, Rita Hagenhoff,<\/p>\n\n\n\n<p>Dienststellenleitung mit 40 Jahren Betriebszugeh\u00f6rigkeit<\/p>\n\n\n\n<p>Text\/Foto: Malteser Hilfsdienst GmbH<\/p>\n\n\n\n<figure data-wp-context=\"{&quot;imageId&quot;:&quot;69ee452635b01&quot;}\" data-wp-interactive=\"core\/image\" data-wp-key=\"69ee452635b01\" class=\"wp-block-image size-large wp-lightbox-container\"><img loading=\"lazy\" decoding=\"async\" width=\"1024\" height=\"768\" data-wp-class--hide=\"state.isContentHidden\" data-wp-class--show=\"state.isContentVisible\" data-wp-init=\"callbacks.setButtonStyles\" data-wp-on--click=\"actions.showLightbox\" data-wp-on--load=\"callbacks.setButtonStyles\" data-wp-on-window--resize=\"callbacks.setButtonStyles\" src=\"https:\/\/www.forum-soegel.de\/information\/wp-content\/uploads\/2026\/03\/Langja\u2560ehrige-Mitarbeiter-im-Mittelpunkt-1024x768.jpg\" alt=\"\" class=\"wp-image-41065\" srcset=\"https:\/\/www.forum-soegel.de\/information\/wp-content\/uploads\/2026\/03\/Langja\u2560ehrige-Mitarbeiter-im-Mittelpunkt-1024x768.jpg 1024w, https:\/\/www.forum-soegel.de\/information\/wp-content\/uploads\/2026\/03\/Langja\u2560ehrige-Mitarbeiter-im-Mittelpunkt-300x225.jpg 300w, https:\/\/www.forum-soegel.de\/information\/wp-content\/uploads\/2026\/03\/Langja\u2560ehrige-Mitarbeiter-im-Mittelpunkt-768x576.jpg 768w, https:\/\/www.forum-soegel.de\/information\/wp-content\/uploads\/2026\/03\/Langja\u2560ehrige-Mitarbeiter-im-Mittelpunkt.jpg 1155w\" sizes=\"auto, (max-width: 1024px) 100vw, 1024px\" \/><button\n\t\t\tclass=\"lightbox-trigger\"\n\t\t\ttype=\"button\"\n\t\t\taria-haspopup=\"dialog\"\n\t\t\taria-label=\"Vergr\u00f6\u00dfern\"\n\t\t\tdata-wp-init=\"callbacks.initTriggerButton\"\n\t\t\tdata-wp-on--click=\"actions.showLightbox\"\n\t\t\tdata-wp-style--right=\"state.imageButtonRight\"\n\t\t\tdata-wp-style--top=\"state.imageButtonTop\"\n\t\t>\n\t\t\t<svg xmlns=\"http:\/\/www.w3.org\/2000\/svg\" width=\"12\" height=\"12\" fill=\"none\" viewBox=\"0 0 12 12\">\n\t\t\t\t<path fill=\"#fff\" d=\"M2 0a2 2 0 0 0-2 2v2h1.5V2a.5.5 0 0 1 .5-.5h2V0H2Zm2 10.5H2a.5.5 0 0 1-.5-.5V8H0v2a2 2 0 0 0 2 2h2v-1.5ZM8 12v-1.5h2a.5.5 0 0 0 .5-.5V8H12v2a2 2 0 0 1-2 2H8Zm2-12a2 2 0 0 1 2 2v2h-1.5V2a.5.5 0 0 0-.5-.5H8V0h2Z\" \/>\n\t\t\t<\/svg>\n\t\t<\/button><\/figure>\n","protected":false},"excerpt":{"rendered":"S\u00f6gel &#8211; Der Malteser Hilfsdienst feierte mit seinen Jubilaren die Verdienste der Mitarbeiter und Mitarbeiterinnen. Im Rahmen eines gemeinsamen Fr\u00fchst\u00fccks wurden die Mitarbeiterinnen und Mitarbeiter, die seit vielen Jahren mit Engagement und Leidenschaft zum Erfolg der hauptamtlichen Dienste in den Dienststellen S\u00f6gel und Papenburg beigetragen haben, gew\u00fcrdigt. Die gemeinsame Dienststellenleitung Rita Hagenhoff bedankte sich f\u00fcr [&hellip;]\n","protected":false},"author":2,"featured_media":0,"comment_status":"closed","ping_status":"closed","sticky":false,"template":"","format":"standard","meta":{"ngg_post_thumbnail":0,"footnotes":""},"categories":[25],"tags":[],"class_list":["post-41064","post","type-post","status-publish","format-standard","hentry","category-hauptsache-gesund"],"_links":{"self":[{"href":"https:\/\/www.forum-soegel.de\/information\/wp-json\/wp\/v2\/posts\/41064","targetHints":{"allow":["GET"]}}],"collection":[{"href":"https:\/\/www.forum-soegel.de\/information\/wp-json\/wp\/v2\/posts"}],"about":[{"href":"https:\/\/www.forum-soegel.de\/information\/wp-json\/wp\/v2\/types\/post"}],"author":[{"embeddable":true,"href":"https:\/\/www.forum-soegel.de\/information\/wp-json\/wp\/v2\/users\/2"}],"replies":[{"embeddable":true,"href":"https:\/\/www.forum-soegel.de\/information\/wp-json\/wp\/v2\/comments?post=41064"}],"version-history":[{"count":1,"href":"https:\/\/www.forum-soegel.de\/information\/wp-json\/wp\/v2\/posts\/41064\/revisions"}],"predecessor-version":[{"id":41066,"href":"https:\/\/www.forum-soegel.de\/information\/wp-json\/wp\/v2\/posts\/41064\/revisions\/41066"}],"wp:attachment":[{"href":"https:\/\/www.forum-soegel.de\/information\/wp-json\/wp\/v2\/media?parent=41064"}],"wp:term":[{"taxonomy":"category","embeddable":true,"href":"https:\/\/www.forum-soegel.de\/information\/wp-json\/wp\/v2\/categories?post=41064"},{"taxonomy":"post_tag","embeddable":true,"href":"https:\/\/www.forum-soegel.de\/information\/wp-json\/wp\/v2\/tags?post=41064"}],"curies":[{"name":"wp","href":"https:\/\/api.w.org\/{rel}","templated":true}]}}