{"id":40989,"date":"2026-02-01T20:04:02","date_gmt":"2026-02-01T19:04:02","guid":{"rendered":"https:\/\/www.forum-soegel.de\/information\/?p=40989"},"modified":"2026-03-09T20:05:19","modified_gmt":"2026-03-09T19:05:19","slug":"staverner-koenigssinger-waren-sehr-erfolgreich-unterwegs","status":"publish","type":"post","link":"https:\/\/www.forum-soegel.de\/information\/2026\/02\/staverner-koenigssinger-waren-sehr-erfolgreich-unterwegs\/","title":{"rendered":"Staverner K\u00f6nigssinger waren sehr erfolgreich unterwegs"},"content":{"rendered":"\n<p><strong>Seit 140 Jahren gepflegte Tradtion in der H\u00fcmmlinggemeinde<\/strong><\/p>\n\n\n\n<p>Vor 140 Jahren zogen die K\u00f6nigssinger erstmals am Dreik\u00f6nigstag durch die Gemeinde und besuchten jedes Haus. Damals hatten sie vorher heimlich geprobt und nur der Pastor war mit eingeweiht. Mit Gesichtsmasken und bunten Gew\u00e4ndern verkleidet verbreiteten sie in den ersten Jahren Angst und Schrecken.<\/p>\n\n\n\n<p>Heute sind die Heiligen drei K\u00f6nige, die von K\u00f6nig Herodes, einem Schriftgelehrten und einem Bediener begleitet werden, gern gesehene G\u00e4ste. Am Wochenende nach dem Dreik\u00f6nigsfest sind sie an drei Tagen mit jeweils zwei Gruppen unterwegs. Beeindruckend, wie diese lange Tradition von den jungen M\u00e4nnern der Gemeinde Stavern aufrecht erhalten wird. \u201e\u00dcber Nachwuchs brauchen wir uns keine Sorgen machen\u201c, so die Aussage der \u201e\u00e4lteren Generation\u201c der K\u00f6nigssinger. Bereits im November des Vorjahres beginnen die Vorbereitungen. Gesangsst\u00fccke werden geprobt, die bunten Gew\u00e4nder und die selbst entworfenen Haar- und Barttrachten hergerichtet.<\/p>\n\n\n\n<p>Seit jetzt schon \u00fcber 25 Jahren werden die gesammelten Spenden an die Organisation \u201eLeben ohne Lepra\u201c, die von Thea Muckli aus Aschendorf aufgebaut wurde und nun von ihren T\u00f6chter weitergef\u00fchrt wird, \u00fcbergeben. In diesem Jahr kamen 9.300 Euro zusammen. Bisher konnten weit \u00fcber 150.000 Euro \u00fcbergeben werden. Geld, das direkt vor Ort in Indien eingesetzt wird. \u201eWir freuen uns, dass unsere Aktion so gut ankommt und wir es immer wieder schaffen, einen so hohen Geldbetrag f\u00fcr Indien zu sammeln\u201c, so die Aussage der jungen S\u00e4nger.<\/p>\n\n\n\n<p>Text\/Foto: Gerd Rode<\/p>\n\n\n\n<figure class=\"wp-block-gallery has-nested-images columns-default is-cropped wp-block-gallery-1 is-layout-flex wp-block-gallery-is-layout-flex\">\n<figure data-wp-context=\"{&quot;imageId&quot;:&quot;69ee366f21bba&quot;}\" data-wp-interactive=\"core\/image\" data-wp-key=\"69ee366f21bba\" class=\"wp-block-image size-large wp-lightbox-container\"><img loading=\"lazy\" decoding=\"async\" width=\"1024\" height=\"682\" data-wp-class--hide=\"state.isContentHidden\" data-wp-class--show=\"state.isContentVisible\" data-wp-init=\"callbacks.setButtonStyles\" data-wp-on--click=\"actions.showLightbox\" data-wp-on--load=\"callbacks.setButtonStyles\" data-wp-on-window--resize=\"callbacks.setButtonStyles\" data-id=\"40991\" src=\"https:\/\/www.forum-soegel.de\/information\/wp-content\/uploads\/2026\/03\/Ko\u2560enigssinger-Stavern-2-1024x682.jpg\" alt=\"\" class=\"wp-image-40991\" srcset=\"https:\/\/www.forum-soegel.de\/information\/wp-content\/uploads\/2026\/03\/Ko\u2560enigssinger-Stavern-2-1024x682.jpg 1024w, https:\/\/www.forum-soegel.de\/information\/wp-content\/uploads\/2026\/03\/Ko\u2560enigssinger-Stavern-2-300x200.jpg 300w, https:\/\/www.forum-soegel.de\/information\/wp-content\/uploads\/2026\/03\/Ko\u2560enigssinger-Stavern-2-768x512.jpg 768w, https:\/\/www.forum-soegel.de\/information\/wp-content\/uploads\/2026\/03\/Ko\u2560enigssinger-Stavern-2.jpg 1225w\" sizes=\"auto, (max-width: 1024px) 100vw, 1024px\" \/><button\n\t\t\tclass=\"lightbox-trigger\"\n\t\t\ttype=\"button\"\n\t\t\taria-haspopup=\"dialog\"\n\t\t\taria-label=\"Vergr\u00f6\u00dfern\"\n\t\t\tdata-wp-init=\"callbacks.initTriggerButton\"\n\t\t\tdata-wp-on--click=\"actions.showLightbox\"\n\t\t\tdata-wp-style--right=\"state.imageButtonRight\"\n\t\t\tdata-wp-style--top=\"state.imageButtonTop\"\n\t\t>\n\t\t\t<svg xmlns=\"http:\/\/www.w3.org\/2000\/svg\" width=\"12\" height=\"12\" fill=\"none\" viewBox=\"0 0 12 12\">\n\t\t\t\t<path fill=\"#fff\" d=\"M2 0a2 2 0 0 0-2 2v2h1.5V2a.5.5 0 0 1 .5-.5h2V0H2Zm2 10.5H2a.5.5 0 0 1-.5-.5V8H0v2a2 2 0 0 0 2 2h2v-1.5ZM8 12v-1.5h2a.5.5 0 0 0 .5-.5V8H12v2a2 2 0 0 1-2 2H8Zm2-12a2 2 0 0 1 2 2v2h-1.5V2a.5.5 0 0 0-.5-.5H8V0h2Z\" \/>\n\t\t\t<\/svg>\n\t\t<\/button><\/figure>\n\n\n\n<figure data-wp-context=\"{&quot;imageId&quot;:&quot;69ee366f22b28&quot;}\" data-wp-interactive=\"core\/image\" data-wp-key=\"69ee366f22b28\" class=\"wp-block-image size-large wp-lightbox-container\"><img loading=\"lazy\" decoding=\"async\" width=\"1024\" height=\"683\" data-wp-class--hide=\"state.isContentHidden\" data-wp-class--show=\"state.isContentVisible\" data-wp-init=\"callbacks.setButtonStyles\" data-wp-on--click=\"actions.showLightbox\" data-wp-on--load=\"callbacks.setButtonStyles\" data-wp-on-window--resize=\"callbacks.setButtonStyles\" data-id=\"40990\" src=\"https:\/\/www.forum-soegel.de\/information\/wp-content\/uploads\/2026\/03\/Ko\u2560enigssinger-Stavern-1-1024x683.jpg\" alt=\"\" class=\"wp-image-40990\" srcset=\"https:\/\/www.forum-soegel.de\/information\/wp-content\/uploads\/2026\/03\/Ko\u2560enigssinger-Stavern-1-1024x683.jpg 1024w, https:\/\/www.forum-soegel.de\/information\/wp-content\/uploads\/2026\/03\/Ko\u2560enigssinger-Stavern-1-300x200.jpg 300w, https:\/\/www.forum-soegel.de\/information\/wp-content\/uploads\/2026\/03\/Ko\u2560enigssinger-Stavern-1-768x512.jpg 768w, https:\/\/www.forum-soegel.de\/information\/wp-content\/uploads\/2026\/03\/Ko\u2560enigssinger-Stavern-1.jpg 1225w\" sizes=\"auto, (max-width: 1024px) 100vw, 1024px\" \/><button\n\t\t\tclass=\"lightbox-trigger\"\n\t\t\ttype=\"button\"\n\t\t\taria-haspopup=\"dialog\"\n\t\t\taria-label=\"Vergr\u00f6\u00dfern\"\n\t\t\tdata-wp-init=\"callbacks.initTriggerButton\"\n\t\t\tdata-wp-on--click=\"actions.showLightbox\"\n\t\t\tdata-wp-style--right=\"state.imageButtonRight\"\n\t\t\tdata-wp-style--top=\"state.imageButtonTop\"\n\t\t>\n\t\t\t<svg xmlns=\"http:\/\/www.w3.org\/2000\/svg\" width=\"12\" height=\"12\" fill=\"none\" viewBox=\"0 0 12 12\">\n\t\t\t\t<path fill=\"#fff\" d=\"M2 0a2 2 0 0 0-2 2v2h1.5V2a.5.5 0 0 1 .5-.5h2V0H2Zm2 10.5H2a.5.5 0 0 1-.5-.5V8H0v2a2 2 0 0 0 2 2h2v-1.5ZM8 12v-1.5h2a.5.5 0 0 0 .5-.5V8H12v2a2 2 0 0 1-2 2H8Zm2-12a2 2 0 0 1 2 2v2h-1.5V2a.5.5 0 0 0-.5-.5H8V0h2Z\" \/>\n\t\t\t<\/svg>\n\t\t<\/button><\/figure>\n<\/figure>\n","protected":false},"excerpt":{"rendered":"Seit 140 Jahren gepflegte Tradtion in der H\u00fcmmlinggemeinde Vor 140 Jahren zogen die K\u00f6nigssinger erstmals am Dreik\u00f6nigstag durch die Gemeinde und besuchten jedes Haus. Damals hatten sie vorher heimlich geprobt und nur der Pastor war mit eingeweiht. Mit Gesichtsmasken und bunten Gew\u00e4ndern verkleidet verbreiteten sie in den ersten Jahren Angst und Schrecken. Heute sind die [&hellip;]\n","protected":false},"author":2,"featured_media":0,"comment_status":"closed","ping_status":"closed","sticky":false,"template":"","format":"standard","meta":{"ngg_post_thumbnail":0,"footnotes":""},"categories":[868],"tags":[],"class_list":["post-40989","post","type-post","status-publish","format-standard","hentry","category-zwischen-himmel-und-erde"],"_links":{"self":[{"href":"https:\/\/www.forum-soegel.de\/information\/wp-json\/wp\/v2\/posts\/40989","targetHints":{"allow":["GET"]}}],"collection":[{"href":"https:\/\/www.forum-soegel.de\/information\/wp-json\/wp\/v2\/posts"}],"about":[{"href":"https:\/\/www.forum-soegel.de\/information\/wp-json\/wp\/v2\/types\/post"}],"author":[{"embeddable":true,"href":"https:\/\/www.forum-soegel.de\/information\/wp-json\/wp\/v2\/users\/2"}],"replies":[{"embeddable":true,"href":"https:\/\/www.forum-soegel.de\/information\/wp-json\/wp\/v2\/comments?post=40989"}],"version-history":[{"count":1,"href":"https:\/\/www.forum-soegel.de\/information\/wp-json\/wp\/v2\/posts\/40989\/revisions"}],"predecessor-version":[{"id":40992,"href":"https:\/\/www.forum-soegel.de\/information\/wp-json\/wp\/v2\/posts\/40989\/revisions\/40992"}],"wp:attachment":[{"href":"https:\/\/www.forum-soegel.de\/information\/wp-json\/wp\/v2\/media?parent=40989"}],"wp:term":[{"taxonomy":"category","embeddable":true,"href":"https:\/\/www.forum-soegel.de\/information\/wp-json\/wp\/v2\/categories?post=40989"},{"taxonomy":"post_tag","embeddable":true,"href":"https:\/\/www.forum-soegel.de\/information\/wp-json\/wp\/v2\/tags?post=40989"}],"curies":[{"name":"wp","href":"https:\/\/api.w.org\/{rel}","templated":true}]}}