{"id":40981,"date":"2026-02-01T20:00:49","date_gmt":"2026-02-01T19:00:49","guid":{"rendered":"https:\/\/www.forum-soegel.de\/information\/?p=40981"},"modified":"2026-03-09T20:02:17","modified_gmt":"2026-03-09T19:02:17","slug":"zeit-schenken-kita-werpeloh-lud-zum-besonderen-nachmittag-ein","status":"publish","type":"post","link":"https:\/\/www.forum-soegel.de\/information\/2026\/02\/zeit-schenken-kita-werpeloh-lud-zum-besonderen-nachmittag-ein\/","title":{"rendered":"\u201eZeit schenken\u201c \u2013 KiTa Werpeloh lud zum besonderen Nachmittag ein"},"content":{"rendered":"<div class=\"wp-block-image\">\n<figure data-wp-context=\"{&quot;imageId&quot;:&quot;69ee367909a66&quot;}\" data-wp-interactive=\"core\/image\" data-wp-key=\"69ee367909a66\" class=\"alignleft size-full is-resized wp-lightbox-container\"><img loading=\"lazy\" decoding=\"async\" width=\"1025\" height=\"976\" data-wp-class--hide=\"state.isContentHidden\" data-wp-class--show=\"state.isContentVisible\" data-wp-init=\"callbacks.setButtonStyles\" data-wp-on--click=\"actions.showLightbox\" data-wp-on--load=\"callbacks.setButtonStyles\" data-wp-on-window--resize=\"callbacks.setButtonStyles\" src=\"https:\/\/www.forum-soegel.de\/information\/wp-content\/uploads\/2026\/03\/Zeit-schenken.jpg\" alt=\"\" class=\"wp-image-40982\" style=\"aspect-ratio:1.0502066156948076;width:222px;height:auto\" srcset=\"https:\/\/www.forum-soegel.de\/information\/wp-content\/uploads\/2026\/03\/Zeit-schenken.jpg 1025w, https:\/\/www.forum-soegel.de\/information\/wp-content\/uploads\/2026\/03\/Zeit-schenken-300x286.jpg 300w, https:\/\/www.forum-soegel.de\/information\/wp-content\/uploads\/2026\/03\/Zeit-schenken-768x731.jpg 768w\" sizes=\"auto, (max-width: 1025px) 100vw, 1025px\" \/><button\n\t\t\tclass=\"lightbox-trigger\"\n\t\t\ttype=\"button\"\n\t\t\taria-haspopup=\"dialog\"\n\t\t\taria-label=\"Vergr\u00f6\u00dfern\"\n\t\t\tdata-wp-init=\"callbacks.initTriggerButton\"\n\t\t\tdata-wp-on--click=\"actions.showLightbox\"\n\t\t\tdata-wp-style--right=\"state.imageButtonRight\"\n\t\t\tdata-wp-style--top=\"state.imageButtonTop\"\n\t\t>\n\t\t\t<svg xmlns=\"http:\/\/www.w3.org\/2000\/svg\" width=\"12\" height=\"12\" fill=\"none\" viewBox=\"0 0 12 12\">\n\t\t\t\t<path fill=\"#fff\" d=\"M2 0a2 2 0 0 0-2 2v2h1.5V2a.5.5 0 0 1 .5-.5h2V0H2Zm2 10.5H2a.5.5 0 0 1-.5-.5V8H0v2a2 2 0 0 0 2 2h2v-1.5ZM8 12v-1.5h2a.5.5 0 0 0 .5-.5V8H12v2a2 2 0 0 1-2 2H8Zm2-12a2 2 0 0 1 2 2v2h-1.5V2a.5.5 0 0 0-.5-.5H8V0h2Z\" \/>\n\t\t\t<\/svg>\n\t\t<\/button><\/figure>\n<\/div>\n\n\n<p>Werpeloh \u2013 Unter dem Motto \u201eZeit schenken \u2013 ein besonderer Nachmittag f\u00fcr Eltern und Kinder\u201c lud die KiTa St. Franziskus Werpeloh Eltern und Kinder zu einem besonderen Adventsnachmittag ein. Statt traditioneller gebastelter Weihnachtsgeschenke stand eine gemeinsame besinnliche Zeit im Mittelpunkt, bei dem Familien die Adventszeit bewusst miteinander genie\u00dfen konnten.<\/p>\n\n\n\n<p>Der Nachmittag bot ein adventliches Programm, angefangen mit einem gemeinsamen Singen und einer weihnachtlichen Begr\u00fc\u00dfungsrunde. Danach standen z.B. im KiTa-Caf\u00e9 selbstgebackene Pl\u00e4tzchen bereit, die die Kinder im Vorfeld mit Unterst\u00fctzung des Elternbeirats liebevoll zubereitet hatten. Beim Probieren von verschiedenen Teesorten konnten sich Gro\u00df und Klein Zeit nehmen, gem\u00fctlich ins Plaudern zu kommen.<\/p>\n\n\n\n<p>Im Geschichtenraum brachte eine Kamishibai-Erz\u00e4hlung \u00fcber \u201eBenno B\u00e4r\u201c die Zuh\u00f6rer in adventliche Stimmung.<\/p>\n\n\n\n<p>Kreativ konnten Eltern und Kinder Lebkuchenh\u00e4user gestalten und weihnachtliche Werke aus Fimo-Masse gestalten. Auch im Spieleraum konnte mit einer Auswahl der beliebtesten Gesellschaftsspiele die gemeinsame Zeit genossen werden.<\/p>\n\n\n\n<p>Eine kleine Entspannungsoase gab es im Nebenraum \u2013 mit einer Handmassage und der Geschichte vom kleinen Stern, der die H\u00e4nde wohlig warm und weich zauberte. Besinnlich durften bei der Adventspirale alle Teilnehmer die Geschichte von der Geburt Jesu h\u00f6ren und die Adventspirale auf dem Weg zur Krippe Schritt f\u00fcr Schritt hell erleuchten \u2013 eine Reise durch Licht, Hoffnung und Gemeinschaft.&nbsp;<\/p>\n\n\n\n<p>Der Nachmittag zeigte, dass Gemeinschaft, Kreativit\u00e4t, bewusstes Miteinander und Zeit verbringen viel W\u00e4rme verbreiten k\u00f6nnen \u2013 eine tolle Einstimmung auf die bevorstehenden Festtage.<\/p>\n\n\n\n<p>Text\/Foto: KiTa St. Franziskus<\/p>\n","protected":false},"excerpt":{"rendered":"Werpeloh \u2013 Unter dem Motto \u201eZeit schenken \u2013 ein besonderer Nachmittag f\u00fcr Eltern und Kinder\u201c lud die KiTa St. Franziskus Werpeloh Eltern und Kinder zu einem besonderen Adventsnachmittag ein. Statt traditioneller gebastelter Weihnachtsgeschenke stand eine gemeinsame besinnliche Zeit im Mittelpunkt, bei dem Familien die Adventszeit bewusst miteinander genie\u00dfen konnten. Der Nachmittag bot ein adventliches Programm, [&hellip;]\n","protected":false},"author":2,"featured_media":0,"comment_status":"closed","ping_status":"closed","sticky":false,"template":"","format":"standard","meta":{"ngg_post_thumbnail":0,"footnotes":""},"categories":[868],"tags":[],"class_list":["post-40981","post","type-post","status-publish","format-standard","hentry","category-zwischen-himmel-und-erde"],"_links":{"self":[{"href":"https:\/\/www.forum-soegel.de\/information\/wp-json\/wp\/v2\/posts\/40981","targetHints":{"allow":["GET"]}}],"collection":[{"href":"https:\/\/www.forum-soegel.de\/information\/wp-json\/wp\/v2\/posts"}],"about":[{"href":"https:\/\/www.forum-soegel.de\/information\/wp-json\/wp\/v2\/types\/post"}],"author":[{"embeddable":true,"href":"https:\/\/www.forum-soegel.de\/information\/wp-json\/wp\/v2\/users\/2"}],"replies":[{"embeddable":true,"href":"https:\/\/www.forum-soegel.de\/information\/wp-json\/wp\/v2\/comments?post=40981"}],"version-history":[{"count":1,"href":"https:\/\/www.forum-soegel.de\/information\/wp-json\/wp\/v2\/posts\/40981\/revisions"}],"predecessor-version":[{"id":40983,"href":"https:\/\/www.forum-soegel.de\/information\/wp-json\/wp\/v2\/posts\/40981\/revisions\/40983"}],"wp:attachment":[{"href":"https:\/\/www.forum-soegel.de\/information\/wp-json\/wp\/v2\/media?parent=40981"}],"wp:term":[{"taxonomy":"category","embeddable":true,"href":"https:\/\/www.forum-soegel.de\/information\/wp-json\/wp\/v2\/categories?post=40981"},{"taxonomy":"post_tag","embeddable":true,"href":"https:\/\/www.forum-soegel.de\/information\/wp-json\/wp\/v2\/tags?post=40981"}],"curies":[{"name":"wp","href":"https:\/\/api.w.org\/{rel}","templated":true}]}}