{"id":40965,"date":"2026-02-01T19:55:11","date_gmt":"2026-02-01T18:55:11","guid":{"rendered":"https:\/\/www.forum-soegel.de\/information\/?p=40965"},"modified":"2026-03-09T19:56:52","modified_gmt":"2026-03-09T18:56:52","slug":"kooperation-mit-dem-drk-wohnpark-in-soegel","status":"publish","type":"post","link":"https:\/\/www.forum-soegel.de\/information\/2026\/02\/kooperation-mit-dem-drk-wohnpark-in-soegel\/","title":{"rendered":"Kooperation mit dem DRK- Wohnpark in S\u00f6gel"},"content":{"rendered":"\n<p>S\u00f6gel &#8211; Seit diesem Jahr ist es nun offiziell. Die KiTa Arche Noah und der DRK-Wohnpark sind Kooperationspartner, mit dem Ziel Kleinstkinder und Senioren zusammen zu bringen und gemeinsame Aktionen durchzuf\u00fchren.<\/p>\n\n\n\n<p>Zu Ostern gab es schon ein buntes Ostereiersuchen, bei dem die flinken H\u00e4nde und guten Augen der Kinder wichtig waren, aber auch die Erfahrungen der Senioren.<\/p>\n\n\n\n<p>Bei einem gemeinsam geplanten Fr\u00fchst\u00fcck konnten viele Geschichten ausgetauscht werden und alle konnten sich n\u00e4her kennenlernen.<\/p>\n\n\n\n<p>Nat\u00fcrlich durfte der Laternenbesuch am St. Martinsfest nicht fehlen.<\/p>\n\n\n\n<p>Gemeinsam wurden traditionelle Martinslieder gesungen und f\u00fcr alle Bewohner wurde ein Lichtertanz aufgef\u00fchrt. Die gebastelten Windlichter wurden nach dem Tanz als Geschenk an die Senioren verteilt.<\/p>\n\n\n\n<p>Zum Jahresabschluss durften noch einige Kinder den Tannenbaum im Wohnpark gemeinsam mit den Senioren schm\u00fccken und Weihnachtslieder singen.<\/p>\n\n\n\n<p>Alle stimmten bei den Liedern \u201eOh, Tannenbaum\u201c und \u201eKling Gl\u00f6ckchen\u201c mit ein. Kinder und Erzieher verabschiedeten sich schlie\u00dflich mit \u201eFeliz Navidad\u201c und w\u00fcnschten allen eine \u201eFrohe Weihnacht\u201c<\/p>\n\n\n\n<p>Text\/Fotos: KiTa Arche Noah<\/p>\n\n\n\n<figure data-wp-context=\"{&quot;imageId&quot;:&quot;69ee35f23b2f1&quot;}\" data-wp-interactive=\"core\/image\" data-wp-key=\"69ee35f23b2f1\" class=\"wp-block-image size-large wp-lightbox-container\"><img loading=\"lazy\" decoding=\"async\" width=\"741\" height=\"1024\" data-wp-class--hide=\"state.isContentHidden\" data-wp-class--show=\"state.isContentVisible\" data-wp-init=\"callbacks.setButtonStyles\" data-wp-on--click=\"actions.showLightbox\" data-wp-on--load=\"callbacks.setButtonStyles\" data-wp-on-window--resize=\"callbacks.setButtonStyles\" src=\"https:\/\/www.forum-soegel.de\/information\/wp-content\/uploads\/2026\/03\/Kooperation-mit-dem-DRK-Wohnpark-in-So\u2560egel-3-741x1024.jpg\" alt=\"\" class=\"wp-image-40966\" srcset=\"https:\/\/www.forum-soegel.de\/information\/wp-content\/uploads\/2026\/03\/Kooperation-mit-dem-DRK-Wohnpark-in-So\u2560egel-3-741x1024.jpg 741w, https:\/\/www.forum-soegel.de\/information\/wp-content\/uploads\/2026\/03\/Kooperation-mit-dem-DRK-Wohnpark-in-So\u2560egel-3-217x300.jpg 217w, https:\/\/www.forum-soegel.de\/information\/wp-content\/uploads\/2026\/03\/Kooperation-mit-dem-DRK-Wohnpark-in-So\u2560egel-3-768x1061.jpg 768w, https:\/\/www.forum-soegel.de\/information\/wp-content\/uploads\/2026\/03\/Kooperation-mit-dem-DRK-Wohnpark-in-So\u2560egel-3.jpg 851w\" sizes=\"auto, (max-width: 741px) 100vw, 741px\" \/><button\n\t\t\tclass=\"lightbox-trigger\"\n\t\t\ttype=\"button\"\n\t\t\taria-haspopup=\"dialog\"\n\t\t\taria-label=\"Vergr\u00f6\u00dfern\"\n\t\t\tdata-wp-init=\"callbacks.initTriggerButton\"\n\t\t\tdata-wp-on--click=\"actions.showLightbox\"\n\t\t\tdata-wp-style--right=\"state.imageButtonRight\"\n\t\t\tdata-wp-style--top=\"state.imageButtonTop\"\n\t\t>\n\t\t\t<svg xmlns=\"http:\/\/www.w3.org\/2000\/svg\" width=\"12\" height=\"12\" fill=\"none\" viewBox=\"0 0 12 12\">\n\t\t\t\t<path fill=\"#fff\" d=\"M2 0a2 2 0 0 0-2 2v2h1.5V2a.5.5 0 0 1 .5-.5h2V0H2Zm2 10.5H2a.5.5 0 0 1-.5-.5V8H0v2a2 2 0 0 0 2 2h2v-1.5ZM8 12v-1.5h2a.5.5 0 0 0 .5-.5V8H12v2a2 2 0 0 1-2 2H8Zm2-12a2 2 0 0 1 2 2v2h-1.5V2a.5.5 0 0 0-.5-.5H8V0h2Z\" \/>\n\t\t\t<\/svg>\n\t\t<\/button><figcaption class=\"wp-element-caption\">Claudia Perk (stellv. Leitung Arche Noah), Silvia Meyer (Kooperationsbeauftragte DRK-Wohnpark), Heike Rohe (Leitung Arche Noah), Ute Kuper (Leitung DRK-Wohnpark), Beate Hanekamp (Kooperationsbeauftragte Arche Noah)<\/figcaption><\/figure>\n\n\n\n<figure class=\"wp-block-gallery has-nested-images columns-1 is-cropped wp-block-gallery-1 is-layout-flex wp-block-gallery-is-layout-flex\">\n<figure class=\"wp-block-image size-large\"><img loading=\"lazy\" decoding=\"async\" width=\"1024\" height=\"512\" data-id=\"40968\" src=\"https:\/\/www.forum-soegel.de\/information\/wp-content\/uploads\/2026\/03\/Kooperation-mit-dem-DRK-Wohnpark-in-So\u2560egel-2-1024x512.jpg\" alt=\"\" class=\"wp-image-40968\" srcset=\"https:\/\/www.forum-soegel.de\/information\/wp-content\/uploads\/2026\/03\/Kooperation-mit-dem-DRK-Wohnpark-in-So\u2560egel-2-1024x512.jpg 1024w, https:\/\/www.forum-soegel.de\/information\/wp-content\/uploads\/2026\/03\/Kooperation-mit-dem-DRK-Wohnpark-in-So\u2560egel-2-300x150.jpg 300w, https:\/\/www.forum-soegel.de\/information\/wp-content\/uploads\/2026\/03\/Kooperation-mit-dem-DRK-Wohnpark-in-So\u2560egel-2-768x384.jpg 768w, https:\/\/www.forum-soegel.de\/information\/wp-content\/uploads\/2026\/03\/Kooperation-mit-dem-DRK-Wohnpark-in-So\u2560egel-2.jpg 1415w\" sizes=\"auto, (max-width: 1024px) 100vw, 1024px\" \/><\/figure>\n\n\n\n<figure class=\"wp-block-image size-large\"><img loading=\"lazy\" decoding=\"async\" width=\"768\" height=\"1024\" data-id=\"40967\" src=\"https:\/\/www.forum-soegel.de\/information\/wp-content\/uploads\/2026\/03\/Kooperation-mit-dem-DRK-Wohnpark-in-So\u2560egel-1-768x1024.jpg\" alt=\"\" class=\"wp-image-40967\" srcset=\"https:\/\/www.forum-soegel.de\/information\/wp-content\/uploads\/2026\/03\/Kooperation-mit-dem-DRK-Wohnpark-in-So\u2560egel-1-768x1023.jpg 768w, https:\/\/www.forum-soegel.de\/information\/wp-content\/uploads\/2026\/03\/Kooperation-mit-dem-DRK-Wohnpark-in-So\u2560egel-1-225x300.jpg 225w, https:\/\/www.forum-soegel.de\/information\/wp-content\/uploads\/2026\/03\/Kooperation-mit-dem-DRK-Wohnpark-in-So\u2560egel-1.jpg 866w\" sizes=\"auto, (max-width: 768px) 100vw, 768px\" \/><\/figure>\n<\/figure>\n","protected":false},"excerpt":{"rendered":"S\u00f6gel &#8211; Seit diesem Jahr ist es nun offiziell. Die KiTa Arche Noah und der DRK-Wohnpark sind Kooperationspartner, mit dem Ziel Kleinstkinder und Senioren zusammen zu bringen und gemeinsame Aktionen durchzuf\u00fchren. Zu Ostern gab es schon ein buntes Ostereiersuchen, bei dem die flinken H\u00e4nde und guten Augen der Kinder wichtig waren, aber auch die Erfahrungen [&hellip;]\n","protected":false},"author":2,"featured_media":0,"comment_status":"closed","ping_status":"closed","sticky":false,"template":"","format":"standard","meta":{"ngg_post_thumbnail":0,"footnotes":""},"categories":[868],"tags":[],"class_list":["post-40965","post","type-post","status-publish","format-standard","hentry","category-zwischen-himmel-und-erde"],"_links":{"self":[{"href":"https:\/\/www.forum-soegel.de\/information\/wp-json\/wp\/v2\/posts\/40965","targetHints":{"allow":["GET"]}}],"collection":[{"href":"https:\/\/www.forum-soegel.de\/information\/wp-json\/wp\/v2\/posts"}],"about":[{"href":"https:\/\/www.forum-soegel.de\/information\/wp-json\/wp\/v2\/types\/post"}],"author":[{"embeddable":true,"href":"https:\/\/www.forum-soegel.de\/information\/wp-json\/wp\/v2\/users\/2"}],"replies":[{"embeddable":true,"href":"https:\/\/www.forum-soegel.de\/information\/wp-json\/wp\/v2\/comments?post=40965"}],"version-history":[{"count":1,"href":"https:\/\/www.forum-soegel.de\/information\/wp-json\/wp\/v2\/posts\/40965\/revisions"}],"predecessor-version":[{"id":40969,"href":"https:\/\/www.forum-soegel.de\/information\/wp-json\/wp\/v2\/posts\/40965\/revisions\/40969"}],"wp:attachment":[{"href":"https:\/\/www.forum-soegel.de\/information\/wp-json\/wp\/v2\/media?parent=40965"}],"wp:term":[{"taxonomy":"category","embeddable":true,"href":"https:\/\/www.forum-soegel.de\/information\/wp-json\/wp\/v2\/categories?post=40965"},{"taxonomy":"post_tag","embeddable":true,"href":"https:\/\/www.forum-soegel.de\/information\/wp-json\/wp\/v2\/tags?post=40965"}],"curies":[{"name":"wp","href":"https:\/\/api.w.org\/{rel}","templated":true}]}}