{"id":40949,"date":"2026-02-01T19:49:42","date_gmt":"2026-02-01T18:49:42","guid":{"rendered":"https:\/\/www.forum-soegel.de\/information\/?p=40949"},"modified":"2026-03-09T19:51:50","modified_gmt":"2026-03-09T18:51:50","slug":"lichterfest-in-der-kita-kunterbunt","status":"publish","type":"post","link":"https:\/\/www.forum-soegel.de\/information\/2026\/02\/lichterfest-in-der-kita-kunterbunt\/","title":{"rendered":"Lichterfest in der KiTa Kunterbunt"},"content":{"rendered":"\n<p>S\u00f6gel &#8211; Das diesj\u00e4hrige Lichterfest der KiTa Kunterbunt stand unter dem Motto Licht f\u00fcr Kinderrechte. Auf spielerische und emotionale Weise bot sich den Kindern und ihren Familien die M\u00f6glichkeit zu erfahren, dass Licht auch f\u00fcr Schutz, Gesundheit, Liebe und Mitbestimmung stehen kann. Im gesamten Kindergarten waren Lichterstationen zu Kinderrechten aufgebaut:<\/p>\n\n\n\n<p><strong>Licht des Schutzes \u2013 Recht auf Schutz vor Gewalt<\/strong><\/p>\n\n\n\n<p>Diese Lichtstation beinhaltete die Pr\u00e4sentation eines Schattentheaters, das die Kinder der KiTa vorab aufgenommen hatten. Es geht um Freundschaft, N\u00e4he, W\u00e4rme und Geborgenheit.<\/p>\n\n\n\n<p><strong>Licht der Gesundheit \u2013 Recht auf medizinische Versorgung &amp; Ern\u00e4hrung<\/strong><\/p>\n\n\n\n<p>Diese Lichtstation beinhaltete ein buntes Buffet, zu dem viele Familien beigetragen haben und das zu einem gem\u00fctlichen Beisammensein einlud.<\/p>\n\n\n\n<p><strong>Licht der Liebe \u2013 Recht auf Familie<\/strong><\/p>\n\n\n\n<p>In dieser Station durfte jede Familie ein Herz ausschneiden und mit einem pers\u00f6nlichen Wunsch versehen. Die Herzen schm\u00fccken jetzt unsere KiTa.<\/p>\n\n\n\n<p><strong>Licht der Mitbestimmung\/Licht des Lernens \u2013 Recht auf Beteiligung<\/strong><\/p>\n\n\n\n<p>Gemeinsam wurden in einem stimmungsvollen Rahmen Lieder zum Thema Licht gesungen.<\/p>\n\n\n\n<p><strong>Licht f\u00fcr jedes Kind \u2013 Kinderrechte<\/strong><\/p>\n\n\n\n<p>Jede Familie konnte in dieser Station ein Licht gestalten. Dieses Licht soll deutlich machen: \u201eDu hast Rechte, deine Meinung z\u00e4hlt, dein Licht z\u00e4hlt.\u201c<\/p>\n\n\n\n<p>Zum Abschluss des Festes zogen alle zu einem Lichtermarsch im lichtgeschm\u00fcckten Flur der KiTa Kunterbunt ein. Umrahmt wurden sie dabei von ihren Eltern, die die selbstgestalteten Lichter emporhielten. Begeistert sangen die Kinder gemeinsam das Lied \u201eLichterkinder\u201c.<\/p>\n\n\n\n<p>Der Lichtermarsch setzte ein sichtbares Zeichen f\u00fcr die Bedeutung der Kinderrechte und sorgte f\u00fcr einen feierlichen und auch emotionalen Abschluss. So wurde wieder deutlich, wie wichtig Kinderrechte sind.<\/p>\n\n\n\n<p>Text: Kerstin Kuper<\/p>\n\n\n\n<p>Fotos: Michaela Steffens<\/p>\n\n\n\n<figure class=\"wp-block-gallery has-nested-images columns-2 is-cropped wp-block-gallery-1 is-layout-flex wp-block-gallery-is-layout-flex\">\n<figure data-wp-context=\"{&quot;imageId&quot;:&quot;69ee35fdb471e&quot;}\" data-wp-interactive=\"core\/image\" data-wp-key=\"69ee35fdb471e\" class=\"wp-block-image size-large wp-lightbox-container\"><img loading=\"lazy\" decoding=\"async\" width=\"1024\" height=\"768\" data-wp-class--hide=\"state.isContentHidden\" data-wp-class--show=\"state.isContentVisible\" data-wp-init=\"callbacks.setButtonStyles\" data-wp-on--click=\"actions.showLightbox\" data-wp-on--load=\"callbacks.setButtonStyles\" data-wp-on-window--resize=\"callbacks.setButtonStyles\" data-id=\"40952\" src=\"https:\/\/www.forum-soegel.de\/information\/wp-content\/uploads\/2026\/03\/Lichterfest-in-der-Kita-Kunterbunt-4-1024x768.jpg\" alt=\"\" class=\"wp-image-40952\" srcset=\"https:\/\/www.forum-soegel.de\/information\/wp-content\/uploads\/2026\/03\/Lichterfest-in-der-Kita-Kunterbunt-4-1024x768.jpg 1024w, https:\/\/www.forum-soegel.de\/information\/wp-content\/uploads\/2026\/03\/Lichterfest-in-der-Kita-Kunterbunt-4-300x225.jpg 300w, https:\/\/www.forum-soegel.de\/information\/wp-content\/uploads\/2026\/03\/Lichterfest-in-der-Kita-Kunterbunt-4-768x576.jpg 768w, https:\/\/www.forum-soegel.de\/information\/wp-content\/uploads\/2026\/03\/Lichterfest-in-der-Kita-Kunterbunt-4.jpg 1155w\" sizes=\"auto, (max-width: 1024px) 100vw, 1024px\" \/><button\n\t\t\tclass=\"lightbox-trigger\"\n\t\t\ttype=\"button\"\n\t\t\taria-haspopup=\"dialog\"\n\t\t\taria-label=\"Vergr\u00f6\u00dfern\"\n\t\t\tdata-wp-init=\"callbacks.initTriggerButton\"\n\t\t\tdata-wp-on--click=\"actions.showLightbox\"\n\t\t\tdata-wp-style--right=\"state.imageButtonRight\"\n\t\t\tdata-wp-style--top=\"state.imageButtonTop\"\n\t\t>\n\t\t\t<svg xmlns=\"http:\/\/www.w3.org\/2000\/svg\" width=\"12\" height=\"12\" fill=\"none\" viewBox=\"0 0 12 12\">\n\t\t\t\t<path fill=\"#fff\" d=\"M2 0a2 2 0 0 0-2 2v2h1.5V2a.5.5 0 0 1 .5-.5h2V0H2Zm2 10.5H2a.5.5 0 0 1-.5-.5V8H0v2a2 2 0 0 0 2 2h2v-1.5ZM8 12v-1.5h2a.5.5 0 0 0 .5-.5V8H12v2a2 2 0 0 1-2 2H8Zm2-12a2 2 0 0 1 2 2v2h-1.5V2a.5.5 0 0 0-.5-.5H8V0h2Z\" \/>\n\t\t\t<\/svg>\n\t\t<\/button><\/figure>\n\n\n\n<figure data-wp-context=\"{&quot;imageId&quot;:&quot;69ee35fdb53f0&quot;}\" data-wp-interactive=\"core\/image\" data-wp-key=\"69ee35fdb53f0\" class=\"wp-block-image size-large wp-lightbox-container\"><img loading=\"lazy\" decoding=\"async\" width=\"1024\" height=\"768\" data-wp-class--hide=\"state.isContentHidden\" data-wp-class--show=\"state.isContentVisible\" data-wp-init=\"callbacks.setButtonStyles\" data-wp-on--click=\"actions.showLightbox\" data-wp-on--load=\"callbacks.setButtonStyles\" data-wp-on-window--resize=\"callbacks.setButtonStyles\" data-id=\"40950\" src=\"https:\/\/www.forum-soegel.de\/information\/wp-content\/uploads\/2026\/03\/Lichterfest-in-der-Kita-Kunterbunt-1-1024x768.jpg\" alt=\"\" class=\"wp-image-40950\" srcset=\"https:\/\/www.forum-soegel.de\/information\/wp-content\/uploads\/2026\/03\/Lichterfest-in-der-Kita-Kunterbunt-1-1024x768.jpg 1024w, https:\/\/www.forum-soegel.de\/information\/wp-content\/uploads\/2026\/03\/Lichterfest-in-der-Kita-Kunterbunt-1-300x225.jpg 300w, https:\/\/www.forum-soegel.de\/information\/wp-content\/uploads\/2026\/03\/Lichterfest-in-der-Kita-Kunterbunt-1-768x576.jpg 768w, https:\/\/www.forum-soegel.de\/information\/wp-content\/uploads\/2026\/03\/Lichterfest-in-der-Kita-Kunterbunt-1.jpg 1155w\" sizes=\"auto, (max-width: 1024px) 100vw, 1024px\" \/><button\n\t\t\tclass=\"lightbox-trigger\"\n\t\t\ttype=\"button\"\n\t\t\taria-haspopup=\"dialog\"\n\t\t\taria-label=\"Vergr\u00f6\u00dfern\"\n\t\t\tdata-wp-init=\"callbacks.initTriggerButton\"\n\t\t\tdata-wp-on--click=\"actions.showLightbox\"\n\t\t\tdata-wp-style--right=\"state.imageButtonRight\"\n\t\t\tdata-wp-style--top=\"state.imageButtonTop\"\n\t\t>\n\t\t\t<svg xmlns=\"http:\/\/www.w3.org\/2000\/svg\" width=\"12\" height=\"12\" fill=\"none\" viewBox=\"0 0 12 12\">\n\t\t\t\t<path fill=\"#fff\" d=\"M2 0a2 2 0 0 0-2 2v2h1.5V2a.5.5 0 0 1 .5-.5h2V0H2Zm2 10.5H2a.5.5 0 0 1-.5-.5V8H0v2a2 2 0 0 0 2 2h2v-1.5ZM8 12v-1.5h2a.5.5 0 0 0 .5-.5V8H12v2a2 2 0 0 1-2 2H8Zm2-12a2 2 0 0 1 2 2v2h-1.5V2a.5.5 0 0 0-.5-.5H8V0h2Z\" \/>\n\t\t\t<\/svg>\n\t\t<\/button><\/figure>\n\n\n\n<figure data-wp-context=\"{&quot;imageId&quot;:&quot;69ee35fdb5e8b&quot;}\" data-wp-interactive=\"core\/image\" data-wp-key=\"69ee35fdb5e8b\" class=\"wp-block-image size-large wp-lightbox-container\"><img loading=\"lazy\" decoding=\"async\" width=\"1024\" height=\"768\" data-wp-class--hide=\"state.isContentHidden\" data-wp-class--show=\"state.isContentVisible\" data-wp-init=\"callbacks.setButtonStyles\" data-wp-on--click=\"actions.showLightbox\" data-wp-on--load=\"callbacks.setButtonStyles\" data-wp-on-window--resize=\"callbacks.setButtonStyles\" data-id=\"40951\" src=\"https:\/\/www.forum-soegel.de\/information\/wp-content\/uploads\/2026\/03\/Lichterfest-in-der-Kita-Kunterbunt-2-1024x768.jpg\" alt=\"\" class=\"wp-image-40951\" srcset=\"https:\/\/www.forum-soegel.de\/information\/wp-content\/uploads\/2026\/03\/Lichterfest-in-der-Kita-Kunterbunt-2-1024x768.jpg 1024w, https:\/\/www.forum-soegel.de\/information\/wp-content\/uploads\/2026\/03\/Lichterfest-in-der-Kita-Kunterbunt-2-300x225.jpg 300w, https:\/\/www.forum-soegel.de\/information\/wp-content\/uploads\/2026\/03\/Lichterfest-in-der-Kita-Kunterbunt-2-768x576.jpg 768w, https:\/\/www.forum-soegel.de\/information\/wp-content\/uploads\/2026\/03\/Lichterfest-in-der-Kita-Kunterbunt-2.jpg 1155w\" sizes=\"auto, (max-width: 1024px) 100vw, 1024px\" \/><button\n\t\t\tclass=\"lightbox-trigger\"\n\t\t\ttype=\"button\"\n\t\t\taria-haspopup=\"dialog\"\n\t\t\taria-label=\"Vergr\u00f6\u00dfern\"\n\t\t\tdata-wp-init=\"callbacks.initTriggerButton\"\n\t\t\tdata-wp-on--click=\"actions.showLightbox\"\n\t\t\tdata-wp-style--right=\"state.imageButtonRight\"\n\t\t\tdata-wp-style--top=\"state.imageButtonTop\"\n\t\t>\n\t\t\t<svg xmlns=\"http:\/\/www.w3.org\/2000\/svg\" width=\"12\" height=\"12\" fill=\"none\" viewBox=\"0 0 12 12\">\n\t\t\t\t<path fill=\"#fff\" d=\"M2 0a2 2 0 0 0-2 2v2h1.5V2a.5.5 0 0 1 .5-.5h2V0H2Zm2 10.5H2a.5.5 0 0 1-.5-.5V8H0v2a2 2 0 0 0 2 2h2v-1.5ZM8 12v-1.5h2a.5.5 0 0 0 .5-.5V8H12v2a2 2 0 0 1-2 2H8Zm2-12a2 2 0 0 1 2 2v2h-1.5V2a.5.5 0 0 0-.5-.5H8V0h2Z\" \/>\n\t\t\t<\/svg>\n\t\t<\/button><\/figure>\n\n\n\n<figure data-wp-context=\"{&quot;imageId&quot;:&quot;69ee35fdb6a40&quot;}\" data-wp-interactive=\"core\/image\" data-wp-key=\"69ee35fdb6a40\" class=\"wp-block-image size-large wp-lightbox-container\"><img loading=\"lazy\" decoding=\"async\" width=\"1024\" height=\"768\" data-wp-class--hide=\"state.isContentHidden\" data-wp-class--show=\"state.isContentVisible\" data-wp-init=\"callbacks.setButtonStyles\" data-wp-on--click=\"actions.showLightbox\" data-wp-on--load=\"callbacks.setButtonStyles\" data-wp-on-window--resize=\"callbacks.setButtonStyles\" data-id=\"40953\" src=\"https:\/\/www.forum-soegel.de\/information\/wp-content\/uploads\/2026\/03\/Lichterfest-in-der-Kita-Kunterbunt-3-1024x768.jpg\" alt=\"\" class=\"wp-image-40953\" srcset=\"https:\/\/www.forum-soegel.de\/information\/wp-content\/uploads\/2026\/03\/Lichterfest-in-der-Kita-Kunterbunt-3-1024x768.jpg 1024w, https:\/\/www.forum-soegel.de\/information\/wp-content\/uploads\/2026\/03\/Lichterfest-in-der-Kita-Kunterbunt-3-300x225.jpg 300w, https:\/\/www.forum-soegel.de\/information\/wp-content\/uploads\/2026\/03\/Lichterfest-in-der-Kita-Kunterbunt-3-768x576.jpg 768w, https:\/\/www.forum-soegel.de\/information\/wp-content\/uploads\/2026\/03\/Lichterfest-in-der-Kita-Kunterbunt-3.jpg 1155w\" sizes=\"auto, (max-width: 1024px) 100vw, 1024px\" \/><button\n\t\t\tclass=\"lightbox-trigger\"\n\t\t\ttype=\"button\"\n\t\t\taria-haspopup=\"dialog\"\n\t\t\taria-label=\"Vergr\u00f6\u00dfern\"\n\t\t\tdata-wp-init=\"callbacks.initTriggerButton\"\n\t\t\tdata-wp-on--click=\"actions.showLightbox\"\n\t\t\tdata-wp-style--right=\"state.imageButtonRight\"\n\t\t\tdata-wp-style--top=\"state.imageButtonTop\"\n\t\t>\n\t\t\t<svg xmlns=\"http:\/\/www.w3.org\/2000\/svg\" width=\"12\" height=\"12\" fill=\"none\" viewBox=\"0 0 12 12\">\n\t\t\t\t<path fill=\"#fff\" d=\"M2 0a2 2 0 0 0-2 2v2h1.5V2a.5.5 0 0 1 .5-.5h2V0H2Zm2 10.5H2a.5.5 0 0 1-.5-.5V8H0v2a2 2 0 0 0 2 2h2v-1.5ZM8 12v-1.5h2a.5.5 0 0 0 .5-.5V8H12v2a2 2 0 0 1-2 2H8Zm2-12a2 2 0 0 1 2 2v2h-1.5V2a.5.5 0 0 0-.5-.5H8V0h2Z\" \/>\n\t\t\t<\/svg>\n\t\t<\/button><\/figure>\n<\/figure>\n","protected":false},"excerpt":{"rendered":"S\u00f6gel &#8211; Das diesj\u00e4hrige Lichterfest der KiTa Kunterbunt stand unter dem Motto Licht f\u00fcr Kinderrechte. Auf spielerische und emotionale Weise bot sich den Kindern und ihren Familien die M\u00f6glichkeit zu erfahren, dass Licht auch f\u00fcr Schutz, Gesundheit, Liebe und Mitbestimmung stehen kann. Im gesamten Kindergarten waren Lichterstationen zu Kinderrechten aufgebaut: Licht des Schutzes \u2013 Recht [&hellip;]\n","protected":false},"author":2,"featured_media":0,"comment_status":"closed","ping_status":"closed","sticky":false,"template":"","format":"standard","meta":{"ngg_post_thumbnail":0,"footnotes":""},"categories":[868],"tags":[],"class_list":["post-40949","post","type-post","status-publish","format-standard","hentry","category-zwischen-himmel-und-erde"],"_links":{"self":[{"href":"https:\/\/www.forum-soegel.de\/information\/wp-json\/wp\/v2\/posts\/40949","targetHints":{"allow":["GET"]}}],"collection":[{"href":"https:\/\/www.forum-soegel.de\/information\/wp-json\/wp\/v2\/posts"}],"about":[{"href":"https:\/\/www.forum-soegel.de\/information\/wp-json\/wp\/v2\/types\/post"}],"author":[{"embeddable":true,"href":"https:\/\/www.forum-soegel.de\/information\/wp-json\/wp\/v2\/users\/2"}],"replies":[{"embeddable":true,"href":"https:\/\/www.forum-soegel.de\/information\/wp-json\/wp\/v2\/comments?post=40949"}],"version-history":[{"count":1,"href":"https:\/\/www.forum-soegel.de\/information\/wp-json\/wp\/v2\/posts\/40949\/revisions"}],"predecessor-version":[{"id":40954,"href":"https:\/\/www.forum-soegel.de\/information\/wp-json\/wp\/v2\/posts\/40949\/revisions\/40954"}],"wp:attachment":[{"href":"https:\/\/www.forum-soegel.de\/information\/wp-json\/wp\/v2\/media?parent=40949"}],"wp:term":[{"taxonomy":"category","embeddable":true,"href":"https:\/\/www.forum-soegel.de\/information\/wp-json\/wp\/v2\/categories?post=40949"},{"taxonomy":"post_tag","embeddable":true,"href":"https:\/\/www.forum-soegel.de\/information\/wp-json\/wp\/v2\/tags?post=40949"}],"curies":[{"name":"wp","href":"https:\/\/api.w.org\/{rel}","templated":true}]}}