{"id":40942,"date":"2026-02-01T19:44:05","date_gmt":"2026-02-01T18:44:05","guid":{"rendered":"https:\/\/www.forum-soegel.de\/information\/?p=40942"},"modified":"2026-03-09T19:49:32","modified_gmt":"2026-03-09T18:49:32","slug":"adventskonzert-der-schule-am-schloss-in-der-st-jakobuskirche-soegel","status":"publish","type":"post","link":"https:\/\/www.forum-soegel.de\/information\/2026\/02\/adventskonzert-der-schule-am-schloss-in-der-st-jakobuskirche-soegel\/","title":{"rendered":"Adventskonzert der Schule am Schloss in der St. Jakobuskirche S\u00f6gel"},"content":{"rendered":"\n<p>Beim diesj\u00e4hrigen Adventskonzert der Schule am Schloss sorgten rund 700 Zuh\u00f6rerinnen und Zuh\u00f6rer f\u00fcr eine beeindruckende Kulisse.<\/p>\n\n\n\n<p>Schulleiterin Maria Lau zeigte sich begeistert von dem gro\u00dfen Interesse und machte in ihrer Begr\u00fc\u00dfung auch auf die Kunstausstellung im Eingangsbereich der Kirche aufmerksam, in der Sch\u00fclerinnen und Sch\u00fcler der Schule am Schloss ihre Bilder pr\u00e4sentierten. Locker und humorvoll f\u00fchrte anschlie\u00dfend Lehrerin Tina Schumacher durch das abwechslungsreiche Programm und band dabei die Sch\u00fclerin Lina Klaas in die Moderation mit ein. Passend zu den Musikbeitr\u00e4gen wechselte Schumacher ihre Kopfbedeckung und sorgte damit f\u00fcr eine besonders stimmungsvolle Atmosph\u00e4re.<\/p>\n\n\n\n<p>Auf der B\u00fchne standen Sch\u00fclerinnen und Sch\u00fcler der Jahrg\u00e4nge 6 bis 10, einige WPK\u00b4s sowie die Schulband \u2013 teilweise in Kooperation mit Sch\u00fclerinnen und Sch\u00fclern der Von-Velen-Schule (F\u00f6rderschule), die gemeinsam mit dem WPK-3 G das Lied \u201eEs geht wieder los\u201c (Madson) vortrugen und f\u00fcr einen besonderen Moment sorgten. Eine p\u00e4dagogische Lehrkraft unterst\u00fctzte den Auftritt dabei mit Geb\u00e4rdensprache. Die Botschaft des Liedes \u2013 mit dem Wunsch nach einer friedlichen Weihnacht, Freundschaft, Liebe und einer Welt ohne Krieg \u2013 ber\u00fchrte das Publikum und lud zum rhythmischen Mitklatschen ein. Dar\u00fcber hinaus begeisterten die Ensembles aus den einzelnen Jahrg\u00e4ngen mit einer gelungenen Mischung aus klassischen Weihnachtsliedern wie \u201eIn der Weihnachtsb\u00e4ckerei\u201c, \u201eLast Christmas\u201c oder \u201eWe wish you a merry Christmas\u201c sowie modernen weihnachtlichen Popsongs wie \u201eLet me love you\u201c oder \u201eCarol off the Bells\u201c. Auch ein selbstgedichteter Rap fand gro\u00dfen Anklang beim Publikum. Den Abschluss bildete die Schulband mit den Songs \u201eMerry Christmas\u201c und \u201eMeine Fehler\u201c. Dabei kamen sie um eine Zugabe nicht herum.<\/p>\n\n\n\n<p>Schulleiterin Maria Lau fand abschlie\u00dfend pers\u00f6nliche Worte f\u00fcr die Sch\u00fclerinnen und Sch\u00fcler und sagte: \u201eIch bin so stolz auf euch. Ihr habt die Herzen der Besucherinnen und Besucher ber\u00fchrt und sie wunderbar auf Weihnachten eingestimmt\u201c. Ihr Dank ging au\u00dferdem an die Lehrkr\u00e4fte des Fachbereichs Musik f\u00fcr die intensive Probenarbeit und an alle, die zum guten Gelingen des Konzerts beigetragen hatten. Das begeisterte Publikum bedankte sich mit Standing Ovations und einer freiwilligen Spende f\u00fcr den Fachbereich Musik.<\/p>\n\n\n\n<p>Text\/Fotos: Gisela Arling<\/p>\n\n\n\n<figure class=\"wp-block-gallery has-nested-images columns-2 is-cropped wp-block-gallery-1 is-layout-flex wp-block-gallery-is-layout-flex\">\n<figure data-wp-context=\"{&quot;imageId&quot;:&quot;69ee35f856f04&quot;}\" data-wp-interactive=\"core\/image\" data-wp-key=\"69ee35f856f04\" class=\"wp-block-image size-large wp-lightbox-container\"><img loading=\"lazy\" decoding=\"async\" width=\"1024\" height=\"576\" data-wp-class--hide=\"state.isContentHidden\" data-wp-class--show=\"state.isContentVisible\" data-wp-init=\"callbacks.setButtonStyles\" data-wp-on--click=\"actions.showLightbox\" data-wp-on--load=\"callbacks.setButtonStyles\" data-wp-on-window--resize=\"callbacks.setButtonStyles\" data-id=\"40943\" src=\"https:\/\/www.forum-soegel.de\/information\/wp-content\/uploads\/2026\/03\/Adventskonzert-04-1024x576.jpg\" alt=\"\" class=\"wp-image-40943\" srcset=\"https:\/\/www.forum-soegel.de\/information\/wp-content\/uploads\/2026\/03\/Adventskonzert-04-1024x576.jpg 1024w, https:\/\/www.forum-soegel.de\/information\/wp-content\/uploads\/2026\/03\/Adventskonzert-04-300x169.jpg 300w, https:\/\/www.forum-soegel.de\/information\/wp-content\/uploads\/2026\/03\/Adventskonzert-04-768x432.jpg 768w, https:\/\/www.forum-soegel.de\/information\/wp-content\/uploads\/2026\/03\/Adventskonzert-04.jpg 1333w\" sizes=\"auto, (max-width: 1024px) 100vw, 1024px\" \/><button\n\t\t\tclass=\"lightbox-trigger\"\n\t\t\ttype=\"button\"\n\t\t\taria-haspopup=\"dialog\"\n\t\t\taria-label=\"Vergr\u00f6\u00dfern\"\n\t\t\tdata-wp-init=\"callbacks.initTriggerButton\"\n\t\t\tdata-wp-on--click=\"actions.showLightbox\"\n\t\t\tdata-wp-style--right=\"state.imageButtonRight\"\n\t\t\tdata-wp-style--top=\"state.imageButtonTop\"\n\t\t>\n\t\t\t<svg xmlns=\"http:\/\/www.w3.org\/2000\/svg\" width=\"12\" height=\"12\" fill=\"none\" viewBox=\"0 0 12 12\">\n\t\t\t\t<path fill=\"#fff\" d=\"M2 0a2 2 0 0 0-2 2v2h1.5V2a.5.5 0 0 1 .5-.5h2V0H2Zm2 10.5H2a.5.5 0 0 1-.5-.5V8H0v2a2 2 0 0 0 2 2h2v-1.5ZM8 12v-1.5h2a.5.5 0 0 0 .5-.5V8H12v2a2 2 0 0 1-2 2H8Zm2-12a2 2 0 0 1 2 2v2h-1.5V2a.5.5 0 0 0-.5-.5H8V0h2Z\" \/>\n\t\t\t<\/svg>\n\t\t<\/button><figcaption class=\"wp-element-caption\">Kunstausstellung der Sch\u00fclerinnen und Sch\u00fcler im Eingangsbereich der Kirche<br>\u00a0<\/figcaption><\/figure>\n\n\n\n<figure data-wp-context=\"{&quot;imageId&quot;:&quot;69ee35f857a28&quot;}\" data-wp-interactive=\"core\/image\" data-wp-key=\"69ee35f857a28\" class=\"wp-block-image size-large wp-lightbox-container\"><img loading=\"lazy\" decoding=\"async\" width=\"1024\" height=\"576\" data-wp-class--hide=\"state.isContentHidden\" data-wp-class--show=\"state.isContentVisible\" data-wp-init=\"callbacks.setButtonStyles\" data-wp-on--click=\"actions.showLightbox\" data-wp-on--load=\"callbacks.setButtonStyles\" data-wp-on-window--resize=\"callbacks.setButtonStyles\" data-id=\"40944\" src=\"https:\/\/www.forum-soegel.de\/information\/wp-content\/uploads\/2026\/03\/Adventskonzert-03-1024x576.jpg\" alt=\"\" class=\"wp-image-40944\" srcset=\"https:\/\/www.forum-soegel.de\/information\/wp-content\/uploads\/2026\/03\/Adventskonzert-03-1024x576.jpg 1024w, https:\/\/www.forum-soegel.de\/information\/wp-content\/uploads\/2026\/03\/Adventskonzert-03-300x169.jpg 300w, https:\/\/www.forum-soegel.de\/information\/wp-content\/uploads\/2026\/03\/Adventskonzert-03-768x432.jpg 768w, https:\/\/www.forum-soegel.de\/information\/wp-content\/uploads\/2026\/03\/Adventskonzert-03.jpg 1333w\" sizes=\"auto, (max-width: 1024px) 100vw, 1024px\" \/><button\n\t\t\tclass=\"lightbox-trigger\"\n\t\t\ttype=\"button\"\n\t\t\taria-haspopup=\"dialog\"\n\t\t\taria-label=\"Vergr\u00f6\u00dfern\"\n\t\t\tdata-wp-init=\"callbacks.initTriggerButton\"\n\t\t\tdata-wp-on--click=\"actions.showLightbox\"\n\t\t\tdata-wp-style--right=\"state.imageButtonRight\"\n\t\t\tdata-wp-style--top=\"state.imageButtonTop\"\n\t\t>\n\t\t\t<svg xmlns=\"http:\/\/www.w3.org\/2000\/svg\" width=\"12\" height=\"12\" fill=\"none\" viewBox=\"0 0 12 12\">\n\t\t\t\t<path fill=\"#fff\" d=\"M2 0a2 2 0 0 0-2 2v2h1.5V2a.5.5 0 0 1 .5-.5h2V0H2Zm2 10.5H2a.5.5 0 0 1-.5-.5V8H0v2a2 2 0 0 0 2 2h2v-1.5ZM8 12v-1.5h2a.5.5 0 0 0 .5-.5V8H12v2a2 2 0 0 1-2 2H8Zm2-12a2 2 0 0 1 2 2v2h-1.5V2a.5.5 0 0 0-.5-.5H8V0h2Z\" \/>\n\t\t\t<\/svg>\n\t\t<\/button><\/figure>\n\n\n\n<figure data-wp-context=\"{&quot;imageId&quot;:&quot;69ee35f85885d&quot;}\" data-wp-interactive=\"core\/image\" data-wp-key=\"69ee35f85885d\" class=\"wp-block-image size-large wp-lightbox-container\"><img loading=\"lazy\" decoding=\"async\" width=\"1024\" height=\"576\" data-wp-class--hide=\"state.isContentHidden\" data-wp-class--show=\"state.isContentVisible\" data-wp-init=\"callbacks.setButtonStyles\" data-wp-on--click=\"actions.showLightbox\" data-wp-on--load=\"callbacks.setButtonStyles\" data-wp-on-window--resize=\"callbacks.setButtonStyles\" data-id=\"40945\" src=\"https:\/\/www.forum-soegel.de\/information\/wp-content\/uploads\/2026\/03\/Adventskonzert-01-1024x576.jpg\" alt=\"\" class=\"wp-image-40945\" srcset=\"https:\/\/www.forum-soegel.de\/information\/wp-content\/uploads\/2026\/03\/Adventskonzert-01-1024x576.jpg 1024w, https:\/\/www.forum-soegel.de\/information\/wp-content\/uploads\/2026\/03\/Adventskonzert-01-300x169.jpg 300w, https:\/\/www.forum-soegel.de\/information\/wp-content\/uploads\/2026\/03\/Adventskonzert-01-768x432.jpg 768w, https:\/\/www.forum-soegel.de\/information\/wp-content\/uploads\/2026\/03\/Adventskonzert-01.jpg 1333w\" sizes=\"auto, (max-width: 1024px) 100vw, 1024px\" \/><button\n\t\t\tclass=\"lightbox-trigger\"\n\t\t\ttype=\"button\"\n\t\t\taria-haspopup=\"dialog\"\n\t\t\taria-label=\"Vergr\u00f6\u00dfern\"\n\t\t\tdata-wp-init=\"callbacks.initTriggerButton\"\n\t\t\tdata-wp-on--click=\"actions.showLightbox\"\n\t\t\tdata-wp-style--right=\"state.imageButtonRight\"\n\t\t\tdata-wp-style--top=\"state.imageButtonTop\"\n\t\t>\n\t\t\t<svg xmlns=\"http:\/\/www.w3.org\/2000\/svg\" width=\"12\" height=\"12\" fill=\"none\" viewBox=\"0 0 12 12\">\n\t\t\t\t<path fill=\"#fff\" d=\"M2 0a2 2 0 0 0-2 2v2h1.5V2a.5.5 0 0 1 .5-.5h2V0H2Zm2 10.5H2a.5.5 0 0 1-.5-.5V8H0v2a2 2 0 0 0 2 2h2v-1.5ZM8 12v-1.5h2a.5.5 0 0 0 .5-.5V8H12v2a2 2 0 0 1-2 2H8Zm2-12a2 2 0 0 1 2 2v2h-1.5V2a.5.5 0 0 0-.5-.5H8V0h2Z\" \/>\n\t\t\t<\/svg>\n\t\t<\/button><figcaption class=\"wp-element-caption\">Die Ensembles begeisterten mit ihren Musikst\u00fccken<br>\u00a0<\/figcaption><\/figure>\n<\/figure>\n\n\n\n<figure class=\"wp-block-image size-large\"><img loading=\"lazy\" decoding=\"async\" width=\"1024\" height=\"768\" src=\"https:\/\/www.forum-soegel.de\/information\/wp-content\/uploads\/2026\/03\/Adventskonzert-02-1-1024x768.jpg\" alt=\"\" class=\"wp-image-40947\" srcset=\"https:\/\/www.forum-soegel.de\/information\/wp-content\/uploads\/2026\/03\/Adventskonzert-02-1-1024x768.jpg 1024w, https:\/\/www.forum-soegel.de\/information\/wp-content\/uploads\/2026\/03\/Adventskonzert-02-1-300x225.jpg 300w, https:\/\/www.forum-soegel.de\/information\/wp-content\/uploads\/2026\/03\/Adventskonzert-02-1-768x576.jpg 768w, https:\/\/www.forum-soegel.de\/information\/wp-content\/uploads\/2026\/03\/Adventskonzert-02-1-rotated.jpg 1155w\" sizes=\"auto, (max-width: 1024px) 100vw, 1024px\" \/><figcaption class=\"wp-element-caption\">Auftritt in der voll besetzten Kirche in Kooperation mit der van Velen Schule (F\u00f6rderschule)<\/figcaption><\/figure>\n","protected":false},"excerpt":{"rendered":"Beim diesj\u00e4hrigen Adventskonzert der Schule am Schloss sorgten rund 700 Zuh\u00f6rerinnen und Zuh\u00f6rer f\u00fcr eine beeindruckende Kulisse. Schulleiterin Maria Lau zeigte sich begeistert von dem gro\u00dfen Interesse und machte in ihrer Begr\u00fc\u00dfung auch auf die Kunstausstellung im Eingangsbereich der Kirche aufmerksam, in der Sch\u00fclerinnen und Sch\u00fcler der Schule am Schloss ihre Bilder pr\u00e4sentierten. Locker und [&hellip;]\n","protected":false},"author":2,"featured_media":0,"comment_status":"closed","ping_status":"closed","sticky":false,"template":"","format":"standard","meta":{"ngg_post_thumbnail":0,"footnotes":""},"categories":[868],"tags":[],"class_list":["post-40942","post","type-post","status-publish","format-standard","hentry","category-zwischen-himmel-und-erde"],"_links":{"self":[{"href":"https:\/\/www.forum-soegel.de\/information\/wp-json\/wp\/v2\/posts\/40942","targetHints":{"allow":["GET"]}}],"collection":[{"href":"https:\/\/www.forum-soegel.de\/information\/wp-json\/wp\/v2\/posts"}],"about":[{"href":"https:\/\/www.forum-soegel.de\/information\/wp-json\/wp\/v2\/types\/post"}],"author":[{"embeddable":true,"href":"https:\/\/www.forum-soegel.de\/information\/wp-json\/wp\/v2\/users\/2"}],"replies":[{"embeddable":true,"href":"https:\/\/www.forum-soegel.de\/information\/wp-json\/wp\/v2\/comments?post=40942"}],"version-history":[{"count":1,"href":"https:\/\/www.forum-soegel.de\/information\/wp-json\/wp\/v2\/posts\/40942\/revisions"}],"predecessor-version":[{"id":40948,"href":"https:\/\/www.forum-soegel.de\/information\/wp-json\/wp\/v2\/posts\/40942\/revisions\/40948"}],"wp:attachment":[{"href":"https:\/\/www.forum-soegel.de\/information\/wp-json\/wp\/v2\/media?parent=40942"}],"wp:term":[{"taxonomy":"category","embeddable":true,"href":"https:\/\/www.forum-soegel.de\/information\/wp-json\/wp\/v2\/categories?post=40942"},{"taxonomy":"post_tag","embeddable":true,"href":"https:\/\/www.forum-soegel.de\/information\/wp-json\/wp\/v2\/tags?post=40942"}],"curies":[{"name":"wp","href":"https:\/\/api.w.org\/{rel}","templated":true}]}}