{"id":40935,"date":"2026-02-01T19:41:35","date_gmt":"2026-02-01T18:41:35","guid":{"rendered":"https:\/\/www.forum-soegel.de\/information\/?p=40935"},"modified":"2026-03-09T19:42:43","modified_gmt":"2026-03-09T18:42:43","slug":"bislang-500-euro-aus-bucherloes-das-eifermaennchen-fuer-interplast-germany-e-v-gespendet","status":"publish","type":"post","link":"https:\/\/www.forum-soegel.de\/information\/2026\/02\/bislang-500-euro-aus-bucherloes-das-eifermaennchen-fuer-interplast-germany-e-v-gespendet\/","title":{"rendered":"Bislang 500 Euro aus Bucherl\u00f6s \u201eDas Eiferm\u00e4nnchen\u201c f\u00fcr Interplast Germany e.V. gespendet"},"content":{"rendered":"\n<p>Ein beeindruckendes Zeichen von Mitmenschlichkeit und Engagement setzt die 90-j\u00e4hrige Gerda Maria Krahn aus S\u00f6gel. Mit viel Herzblut hat sie im hohen Alter das kleine Buch \u201eDas Eiferm\u00e4nnchen\u201c geschrieben und den bisherigen Verkaufserl\u00f6s dem Verein Interplast Germany e.V. \u2013 Team Berlin, Dr. med. Knut Busching \u2013 \u00fcberwiesen. Busching erhielt in 2025 sowohl das Bundesverdienstkreuz als auch die Ehrenplakette der \u00c4rztekammer Niedersachsen f\u00fcr sein ehrenamtliches Engagement als plastischer Chirurg bei humanit\u00e4ren Eins\u00e4tzen.<\/p>\n\n\n\n<p>Besonders beeindruckt zeigt sich die Seniorin vom ehrenamtlichen Einsatz der \u00c4rzte und des Pflegepersonals, die ihre Eins\u00e4tze unentgeltlich und meist w\u00e4hrend ihrer Urlaubszeit und \u00fcber die Pensionierung hinaus leisten. Dr. med. Knut Busching (Borrom\u00e4us Hospital &#8211; Leer) ist, organisiert durch Interplast Germany, unter anderem nach Sri Lanka, Indonesien, Ghana und Paraguay gereist, um dort Menschen zu helfen. Das humanit\u00e4re Engagement erm\u00f6glicht es zudem, dass sowohl Patienten als auch medizinisches Personal vor Ort von der Expertise aus Deutschland profitieren. \u201eEs w\u00e4re mir eine gro\u00dfe Freude, wenn wir das Projekt auf diese Art weiter unterst\u00fctzen k\u00f6nnten\u201c, w\u00fcnscht sich die 90-j\u00e4hrige.<\/p>\n\n\n\n<p>\u201eDas Eiferm\u00e4nnchen\u201c \u2013 8,00 \u20ac \u2013 hier erh\u00e4ltlich: Weltladen, S\u00f6gel \u2013 Schreibwaren L\u00fcbs, Werlte<\/p>\n\n\n\n<p>Text\/Foto: Gisela Arling<\/p>\n\n\n\n<figure data-wp-context=\"{&quot;imageId&quot;:&quot;69ee4d95533eb&quot;}\" data-wp-interactive=\"core\/image\" data-wp-key=\"69ee4d95533eb\" class=\"wp-block-image size-large wp-lightbox-container\"><img loading=\"lazy\" decoding=\"async\" width=\"775\" height=\"1024\" data-wp-class--hide=\"state.isContentHidden\" data-wp-class--show=\"state.isContentVisible\" data-wp-init=\"callbacks.setButtonStyles\" data-wp-on--click=\"actions.showLightbox\" data-wp-on--load=\"callbacks.setButtonStyles\" data-wp-on-window--resize=\"callbacks.setButtonStyles\" src=\"https:\/\/www.forum-soegel.de\/information\/wp-content\/uploads\/2026\/03\/Eiferma\u2560ennchen-2-775x1024.jpg\" alt=\"\" class=\"wp-image-40936\" srcset=\"https:\/\/www.forum-soegel.de\/information\/wp-content\/uploads\/2026\/03\/Eiferma\u2560ennchen-2-775x1024.jpg 775w, https:\/\/www.forum-soegel.de\/information\/wp-content\/uploads\/2026\/03\/Eiferma\u2560ennchen-2-227x300.jpg 227w, https:\/\/www.forum-soegel.de\/information\/wp-content\/uploads\/2026\/03\/Eiferma\u2560ennchen-2-768x1015.jpg 768w, https:\/\/www.forum-soegel.de\/information\/wp-content\/uploads\/2026\/03\/Eiferma\u2560ennchen-2.jpg 870w\" sizes=\"auto, (max-width: 775px) 100vw, 775px\" \/><button\n\t\t\tclass=\"lightbox-trigger\"\n\t\t\ttype=\"button\"\n\t\t\taria-haspopup=\"dialog\"\n\t\t\taria-label=\"Vergr\u00f6\u00dfern\"\n\t\t\tdata-wp-init=\"callbacks.initTriggerButton\"\n\t\t\tdata-wp-on--click=\"actions.showLightbox\"\n\t\t\tdata-wp-style--right=\"state.imageButtonRight\"\n\t\t\tdata-wp-style--top=\"state.imageButtonTop\"\n\t\t>\n\t\t\t<svg xmlns=\"http:\/\/www.w3.org\/2000\/svg\" width=\"12\" height=\"12\" fill=\"none\" viewBox=\"0 0 12 12\">\n\t\t\t\t<path fill=\"#fff\" d=\"M2 0a2 2 0 0 0-2 2v2h1.5V2a.5.5 0 0 1 .5-.5h2V0H2Zm2 10.5H2a.5.5 0 0 1-.5-.5V8H0v2a2 2 0 0 0 2 2h2v-1.5ZM8 12v-1.5h2a.5.5 0 0 0 .5-.5V8H12v2a2 2 0 0 1-2 2H8Zm2-12a2 2 0 0 1 2 2v2h-1.5V2a.5.5 0 0 0-.5-.5H8V0h2Z\" \/>\n\t\t\t<\/svg>\n\t\t<\/button><\/figure>\n\n\n\n<p>Gerda Maria Krahn mit \u201eEiferm\u00e4nnchen\u201c<\/p>\n","protected":false},"excerpt":{"rendered":"Ein beeindruckendes Zeichen von Mitmenschlichkeit und Engagement setzt die 90-j\u00e4hrige Gerda Maria Krahn aus S\u00f6gel. Mit viel Herzblut hat sie im hohen Alter das kleine Buch \u201eDas Eiferm\u00e4nnchen\u201c geschrieben und den bisherigen Verkaufserl\u00f6s dem Verein Interplast Germany e.V. \u2013 Team Berlin, Dr. med. Knut Busching \u2013 \u00fcberwiesen. Busching erhielt in 2025 sowohl das Bundesverdienstkreuz als [&hellip;]\n","protected":false},"author":2,"featured_media":0,"comment_status":"closed","ping_status":"closed","sticky":false,"template":"","format":"standard","meta":{"ngg_post_thumbnail":0,"footnotes":""},"categories":[3],"tags":[],"class_list":["post-40935","post","type-post","status-publish","format-standard","hentry","category-aktuelles-aus-der-region"],"_links":{"self":[{"href":"https:\/\/www.forum-soegel.de\/information\/wp-json\/wp\/v2\/posts\/40935","targetHints":{"allow":["GET"]}}],"collection":[{"href":"https:\/\/www.forum-soegel.de\/information\/wp-json\/wp\/v2\/posts"}],"about":[{"href":"https:\/\/www.forum-soegel.de\/information\/wp-json\/wp\/v2\/types\/post"}],"author":[{"embeddable":true,"href":"https:\/\/www.forum-soegel.de\/information\/wp-json\/wp\/v2\/users\/2"}],"replies":[{"embeddable":true,"href":"https:\/\/www.forum-soegel.de\/information\/wp-json\/wp\/v2\/comments?post=40935"}],"version-history":[{"count":1,"href":"https:\/\/www.forum-soegel.de\/information\/wp-json\/wp\/v2\/posts\/40935\/revisions"}],"predecessor-version":[{"id":40937,"href":"https:\/\/www.forum-soegel.de\/information\/wp-json\/wp\/v2\/posts\/40935\/revisions\/40937"}],"wp:attachment":[{"href":"https:\/\/www.forum-soegel.de\/information\/wp-json\/wp\/v2\/media?parent=40935"}],"wp:term":[{"taxonomy":"category","embeddable":true,"href":"https:\/\/www.forum-soegel.de\/information\/wp-json\/wp\/v2\/categories?post=40935"},{"taxonomy":"post_tag","embeddable":true,"href":"https:\/\/www.forum-soegel.de\/information\/wp-json\/wp\/v2\/tags?post=40935"}],"curies":[{"name":"wp","href":"https:\/\/api.w.org\/{rel}","templated":true}]}}