{"id":40930,"date":"2026-02-01T19:37:46","date_gmt":"2026-02-01T18:37:46","guid":{"rendered":"https:\/\/www.forum-soegel.de\/information\/?p=40930"},"modified":"2026-03-09T19:40:47","modified_gmt":"2026-03-09T18:40:47","slug":"spendenuebergabe-an-die-stiftung-kinder-und-jugendhilfe-huemmling","status":"publish","type":"post","link":"https:\/\/www.forum-soegel.de\/information\/2026\/02\/spendenuebergabe-an-die-stiftung-kinder-und-jugendhilfe-huemmling\/","title":{"rendered":"Spenden\u00fcbergabe an die Stiftung Kinder- und Jugendhilfe H\u00fcmmling"},"content":{"rendered":"\n<p>Gro\u00dfe Freude herrschte am 15. Januar 2026 in der Gesch\u00e4ftsstelle der Stiftung in S\u00f6gel.Jens Bentlage \u00fcberreichte gemeinsam mit Guido Hilmes von der Firma AUGUSTIN- Entsorgung, Werlte, eine Spende in H\u00f6he von 1.500,00 \u20ac.<\/p>\n\n\n\n<p>Vorstandsvorsitzender Hans Nowak bedankte sich im Namen des Vorstandes, der Gesch\u00e4ftsf\u00fchrung und der Bewohnerinnen und Bewohner der Wohngruppen bei den Spenden\u00fcberbringern und versprach, die Spende f\u00fcr verschiedene Freizeitaktivit\u00e4ten der Kinder und Jugendlichen zu verwenden.<\/p>\n\n\n\n<p>Die Stiftung Kinder- und Jugendhilfe H\u00fcmmling ist ein anerkannter Tr\u00e4ger der Kinder- und Jugendhilfe; sie bietet ein breites Spektrum an Hilfen zur Erziehung im ambulanten und station\u00e4ren Bereich an.<\/p>\n\n\n\n<p>Text\/Foto: Marlies Loxen<\/p>\n\n\n\n<figure data-wp-context=\"{&quot;imageId&quot;:&quot;69ee4e7689d2a&quot;}\" data-wp-interactive=\"core\/image\" data-wp-key=\"69ee4e7689d2a\" class=\"wp-block-image size-large wp-lightbox-container\"><img loading=\"lazy\" decoding=\"async\" width=\"1024\" height=\"768\" data-wp-class--hide=\"state.isContentHidden\" data-wp-class--show=\"state.isContentVisible\" data-wp-init=\"callbacks.setButtonStyles\" data-wp-on--click=\"actions.showLightbox\" data-wp-on--load=\"callbacks.setButtonStyles\" data-wp-on-window--resize=\"callbacks.setButtonStyles\" src=\"https:\/\/www.forum-soegel.de\/information\/wp-content\/uploads\/2026\/03\/Jugendhilfe-Spende-1024x768.jpeg\" alt=\"\" class=\"wp-image-40931\" srcset=\"https:\/\/www.forum-soegel.de\/information\/wp-content\/uploads\/2026\/03\/Jugendhilfe-Spende-1024x768.jpeg 1024w, https:\/\/www.forum-soegel.de\/information\/wp-content\/uploads\/2026\/03\/Jugendhilfe-Spende-300x225.jpeg 300w, https:\/\/www.forum-soegel.de\/information\/wp-content\/uploads\/2026\/03\/Jugendhilfe-Spende-768x576.jpeg 768w, https:\/\/www.forum-soegel.de\/information\/wp-content\/uploads\/2026\/03\/Jugendhilfe-Spende-1536x1152.jpeg 1536w, https:\/\/www.forum-soegel.de\/information\/wp-content\/uploads\/2026\/03\/Jugendhilfe-Spende-2048x1536.jpeg 2048w\" sizes=\"auto, (max-width: 1024px) 100vw, 1024px\" \/><button\n\t\t\tclass=\"lightbox-trigger\"\n\t\t\ttype=\"button\"\n\t\t\taria-haspopup=\"dialog\"\n\t\t\taria-label=\"Vergr\u00f6\u00dfern\"\n\t\t\tdata-wp-init=\"callbacks.initTriggerButton\"\n\t\t\tdata-wp-on--click=\"actions.showLightbox\"\n\t\t\tdata-wp-style--right=\"state.imageButtonRight\"\n\t\t\tdata-wp-style--top=\"state.imageButtonTop\"\n\t\t>\n\t\t\t<svg xmlns=\"http:\/\/www.w3.org\/2000\/svg\" width=\"12\" height=\"12\" fill=\"none\" viewBox=\"0 0 12 12\">\n\t\t\t\t<path fill=\"#fff\" d=\"M2 0a2 2 0 0 0-2 2v2h1.5V2a.5.5 0 0 1 .5-.5h2V0H2Zm2 10.5H2a.5.5 0 0 1-.5-.5V8H0v2a2 2 0 0 0 2 2h2v-1.5ZM8 12v-1.5h2a.5.5 0 0 0 .5-.5V8H12v2a2 2 0 0 1-2 2H8Zm2-12a2 2 0 0 1 2 2v2h-1.5V2a.5.5 0 0 0-.5-.5H8V0h2Z\" \/>\n\t\t\t<\/svg>\n\t\t<\/button><figcaption class=\"wp-element-caption\">Nicole Pieper (Jugendhilfe), Gisela W\u00f6lk (Jugendhilfe), Hans Nowak (Jugendhilfe),<br>Verena Br\u00fcmmer (Jugendhilfe), Jens Bentlage (Fa. Augustin), Andreas Scheffczyk (Jugendhilfe)<br>und Guido Hilmes (Fa. Augustin)<br>\u00a0<\/figcaption><\/figure>\n","protected":false},"excerpt":{"rendered":"Gro\u00dfe Freude herrschte am 15. Januar 2026 in der Gesch\u00e4ftsstelle der Stiftung in S\u00f6gel.Jens Bentlage \u00fcberreichte gemeinsam mit Guido Hilmes von der Firma AUGUSTIN- Entsorgung, Werlte, eine Spende in H\u00f6he von 1.500,00 \u20ac. Vorstandsvorsitzender Hans Nowak bedankte sich im Namen des Vorstandes, der Gesch\u00e4ftsf\u00fchrung und der Bewohnerinnen und Bewohner der Wohngruppen bei den Spenden\u00fcberbringern und [&hellip;]\n","protected":false},"author":2,"featured_media":0,"comment_status":"closed","ping_status":"closed","sticky":false,"template":"","format":"standard","meta":{"ngg_post_thumbnail":0,"footnotes":""},"categories":[3],"tags":[],"class_list":["post-40930","post","type-post","status-publish","format-standard","hentry","category-aktuelles-aus-der-region"],"_links":{"self":[{"href":"https:\/\/www.forum-soegel.de\/information\/wp-json\/wp\/v2\/posts\/40930","targetHints":{"allow":["GET"]}}],"collection":[{"href":"https:\/\/www.forum-soegel.de\/information\/wp-json\/wp\/v2\/posts"}],"about":[{"href":"https:\/\/www.forum-soegel.de\/information\/wp-json\/wp\/v2\/types\/post"}],"author":[{"embeddable":true,"href":"https:\/\/www.forum-soegel.de\/information\/wp-json\/wp\/v2\/users\/2"}],"replies":[{"embeddable":true,"href":"https:\/\/www.forum-soegel.de\/information\/wp-json\/wp\/v2\/comments?post=40930"}],"version-history":[{"count":1,"href":"https:\/\/www.forum-soegel.de\/information\/wp-json\/wp\/v2\/posts\/40930\/revisions"}],"predecessor-version":[{"id":40932,"href":"https:\/\/www.forum-soegel.de\/information\/wp-json\/wp\/v2\/posts\/40930\/revisions\/40932"}],"wp:attachment":[{"href":"https:\/\/www.forum-soegel.de\/information\/wp-json\/wp\/v2\/media?parent=40930"}],"wp:term":[{"taxonomy":"category","embeddable":true,"href":"https:\/\/www.forum-soegel.de\/information\/wp-json\/wp\/v2\/categories?post=40930"},{"taxonomy":"post_tag","embeddable":true,"href":"https:\/\/www.forum-soegel.de\/information\/wp-json\/wp\/v2\/tags?post=40930"}],"curies":[{"name":"wp","href":"https:\/\/api.w.org\/{rel}","templated":true}]}}