{"id":40928,"date":"2026-02-01T19:34:16","date_gmt":"2026-02-01T18:34:16","guid":{"rendered":"https:\/\/www.forum-soegel.de\/information\/?p=40928"},"modified":"2026-03-09T19:41:30","modified_gmt":"2026-03-09T18:41:30","slug":"spd-uwg-und-gruene-starten-gemeinsame-kandidatensuche-fuer-buergermeisterwahl-2026-in-der-samtgemeinde-soegel","status":"publish","type":"post","link":"https:\/\/www.forum-soegel.de\/information\/2026\/02\/spd-uwg-und-gruene-starten-gemeinsame-kandidatensuche-fuer-buergermeisterwahl-2026-in-der-samtgemeinde-soegel\/","title":{"rendered":"SPD, UWG und Gr\u00fcne starten gemeinsame Kandidatensuche f\u00fcr B\u00fcrgermeisterwahl 2026 in der Samtgemeinde S\u00f6gel"},"content":{"rendered":"\n<p>S\u00f6gel &#8211; In der Samtgemeinde S\u00f6gel steht ein Nachfolger f\u00fcr den scheidenden Samtgemeindeb\u00fcrgermeister Frank Kla\u00df an:<\/p>\n\n\n\n<p>SPD, UWG und B\u00fcndnis 90\/Die Gr\u00fcnen wollen zur B\u00fcrgermeisterwahl 2026 gemeinsam eine Kandidatin oder einen Kandidaten aufstellen. Mit der partei\u00fcbergreifenden Suche wollen die drei Kr\u00e4fte nach eigenen Angaben fr\u00fchzeitig f\u00fcr Klarheit sorgen \u2013 und den B\u00fcrgerinnen und B\u00fcrgern eine echte Alternative im Wahlkampf anbieten.<\/p>\n\n\n\n<p>\u201eDie Samtgemeinde steht vor wichtigen Entscheidungen. Daf\u00fcr brauchen wir eine Pers\u00f6nlichkeit, die zusammenf\u00fchrt und Zukunftsthemen konsequent anpackt\u201c, stellt Gerd Rode von der UWG aus Stavern fest. Statt in erster Linie parteipolitische Linien zu betonen, gehe es beim Amt des Verwaltungschefs vor allem um Verl\u00e4sslichkeit, F\u00fchrung und das Wohl der gesamten Samtgemeinde. Interessierte k\u00f6nnen sich ab sofort \u00fcber die Seite www.samtgemeinde2026.de&nbsp;informieren und bis zum 27. Februar&nbsp;bewerben.<\/p>\n\n\n\n<p>Ziel der Initiative ist es, eine Kandidatin oder einen Kandidaten zu finden, die bzw. der sowohl fachlich als auch menschlich \u00fcberzeugt. \u201eWir suchen eine F\u00fchrungspers\u00f6nlichkeit, die eine moderne Verwaltung leiten kann und gleichzeitig nah an den Menschen bleibt\u201c, erkl\u00e4rt Markus Klingenburg von B\u00fcndnis 90 die Gr\u00fcnen aus Klein Ber\u00dfen.<\/p>\n\n\n\n<p>SPD, UWG und Gr\u00fcne nennen mehrere Schwerpunkte, die f\u00fcr die kommenden Jahre als besonders wichtig gelten. Gesucht wird eine engagierte Pers\u00f6nlichkeit, die: die Entwicklung von Wohnen, Ortskernen und Infrastruktur aktiv gestaltet, die wirtschaftlichen Voraussetzungen unserer Gemeinden weiterentwickelt, Mobilit\u00e4t in den Orten pragmatisch weiterdenkt, Klimaschutz und Klimaanpassung mit Augenma\u00df umsetzt und die Samtgemeinde finanziell solide und vorausschauend steuert. Ebenso wichtig seien Teamf\u00e4higkeit, Kommunikationsst\u00e4rke und ein respektvoller Umgang mit allen demokratischen Kr\u00e4ften in den Gremien. \u201eEs braucht die F\u00e4higkeit, unterschiedliche Interessen zu moderieren \u2013 ohne das Ziel aus den Augen zu verlieren\u201c, so Anno Immenga, Sprecher der Initiative f\u00fcr die SPD S\u00f6gel. Ein Parteibuch sei nach Darstellung der drei Gruppen kein Ausschlusskriterium \u2013 entscheidend sei, dass die k\u00fcnftige Amtsinhaberin oder der k\u00fcnftige Amtsinhaber f\u00fcr das Amt stehe und nicht f\u00fcr Einzelinteressen.<\/p>\n\n\n\n<p>\u201eWer kandidiert, m\u00fcsse bereit sein, offen auf B\u00fcrgerinnen und B\u00fcrger zuzugehen, zuzuh\u00f6ren und die Verwaltung verl\u00e4sslich weiterzuentwickeln\u201c unterstreicht Johannes M\u00fcller (SPD) aus B\u00f6rger.<\/p>\n\n\n\n<p>Mit dem Start der gemeinsamen Suche erh\u00f6hen SPD, UWG und Gr\u00fcne den Druck auf den beginnenden Wahlkampf \u2013 und setzen zugleich auf ein Signal der Zusammenarbeit. Alle drei politischen Gruppierungen sind sich sicher, in den n\u00e4chsten Wochen eine Pers\u00f6nlichkeit zu finden, die in der Samtgemeinde S\u00f6gel viele Menschen \u00fcberzeugt.<\/p>\n\n\n\n<p>Bewerbung &amp; Infos:<\/p>\n\n\n\n<p>www.Samtgemeinde2026.de<\/p>\n\n\n\n<p>Text: Anno Immenga<\/p>\n\n\n\n<p>Foto: Hubert Jansen<\/p>\n\n\n\n<figure data-wp-context=\"{&quot;imageId&quot;:&quot;69ee4d9940193&quot;}\" data-wp-interactive=\"core\/image\" data-wp-key=\"69ee4d9940193\" class=\"wp-block-image size-large wp-lightbox-container\"><img loading=\"lazy\" decoding=\"async\" width=\"1024\" height=\"768\" data-wp-class--hide=\"state.isContentHidden\" data-wp-class--show=\"state.isContentVisible\" data-wp-init=\"callbacks.setButtonStyles\" data-wp-on--click=\"actions.showLightbox\" data-wp-on--load=\"callbacks.setButtonStyles\" data-wp-on-window--resize=\"callbacks.setButtonStyles\" src=\"https:\/\/www.forum-soegel.de\/information\/wp-content\/uploads\/2026\/02\/gemeinsame-Kandidatensuche-fu\u2560er-Bu\u2560ergermeisterwahl-4-1024x768.jpeg\" alt=\"\" class=\"wp-image-40933\" srcset=\"https:\/\/www.forum-soegel.de\/information\/wp-content\/uploads\/2026\/02\/gemeinsame-Kandidatensuche-fu\u2560er-Bu\u2560ergermeisterwahl-4-1024x768.jpeg 1024w, https:\/\/www.forum-soegel.de\/information\/wp-content\/uploads\/2026\/02\/gemeinsame-Kandidatensuche-fu\u2560er-Bu\u2560ergermeisterwahl-4-300x225.jpeg 300w, https:\/\/www.forum-soegel.de\/information\/wp-content\/uploads\/2026\/02\/gemeinsame-Kandidatensuche-fu\u2560er-Bu\u2560ergermeisterwahl-4-768x576.jpeg 768w, https:\/\/www.forum-soegel.de\/information\/wp-content\/uploads\/2026\/02\/gemeinsame-Kandidatensuche-fu\u2560er-Bu\u2560ergermeisterwahl-4-1536x1152.jpeg 1536w, https:\/\/www.forum-soegel.de\/information\/wp-content\/uploads\/2026\/02\/gemeinsame-Kandidatensuche-fu\u2560er-Bu\u2560ergermeisterwahl-4.jpeg 1600w\" sizes=\"auto, (max-width: 1024px) 100vw, 1024px\" \/><button\n\t\t\tclass=\"lightbox-trigger\"\n\t\t\ttype=\"button\"\n\t\t\taria-haspopup=\"dialog\"\n\t\t\taria-label=\"Vergr\u00f6\u00dfern\"\n\t\t\tdata-wp-init=\"callbacks.initTriggerButton\"\n\t\t\tdata-wp-on--click=\"actions.showLightbox\"\n\t\t\tdata-wp-style--right=\"state.imageButtonRight\"\n\t\t\tdata-wp-style--top=\"state.imageButtonTop\"\n\t\t>\n\t\t\t<svg xmlns=\"http:\/\/www.w3.org\/2000\/svg\" width=\"12\" height=\"12\" fill=\"none\" viewBox=\"0 0 12 12\">\n\t\t\t\t<path fill=\"#fff\" d=\"M2 0a2 2 0 0 0-2 2v2h1.5V2a.5.5 0 0 1 .5-.5h2V0H2Zm2 10.5H2a.5.5 0 0 1-.5-.5V8H0v2a2 2 0 0 0 2 2h2v-1.5ZM8 12v-1.5h2a.5.5 0 0 0 .5-.5V8H12v2a2 2 0 0 1-2 2H8Zm2-12a2 2 0 0 1 2 2v2h-1.5V2a.5.5 0 0 0-.5-.5H8V0h2Z\" \/>\n\t\t\t<\/svg>\n\t\t<\/button><\/figure>\n","protected":false},"excerpt":{"rendered":"S\u00f6gel &#8211; In der Samtgemeinde S\u00f6gel steht ein Nachfolger f\u00fcr den scheidenden Samtgemeindeb\u00fcrgermeister Frank Kla\u00df an: SPD, UWG und B\u00fcndnis 90\/Die Gr\u00fcnen wollen zur B\u00fcrgermeisterwahl 2026 gemeinsam eine Kandidatin oder einen Kandidaten aufstellen. Mit der partei\u00fcbergreifenden Suche wollen die drei Kr\u00e4fte nach eigenen Angaben fr\u00fchzeitig f\u00fcr Klarheit sorgen \u2013 und den B\u00fcrgerinnen und B\u00fcrgern eine [&hellip;]\n","protected":false},"author":2,"featured_media":0,"comment_status":"closed","ping_status":"closed","sticky":false,"template":"","format":"standard","meta":{"ngg_post_thumbnail":0,"footnotes":""},"categories":[3],"tags":[],"class_list":["post-40928","post","type-post","status-publish","format-standard","hentry","category-aktuelles-aus-der-region"],"_links":{"self":[{"href":"https:\/\/www.forum-soegel.de\/information\/wp-json\/wp\/v2\/posts\/40928","targetHints":{"allow":["GET"]}}],"collection":[{"href":"https:\/\/www.forum-soegel.de\/information\/wp-json\/wp\/v2\/posts"}],"about":[{"href":"https:\/\/www.forum-soegel.de\/information\/wp-json\/wp\/v2\/types\/post"}],"author":[{"embeddable":true,"href":"https:\/\/www.forum-soegel.de\/information\/wp-json\/wp\/v2\/users\/2"}],"replies":[{"embeddable":true,"href":"https:\/\/www.forum-soegel.de\/information\/wp-json\/wp\/v2\/comments?post=40928"}],"version-history":[{"count":2,"href":"https:\/\/www.forum-soegel.de\/information\/wp-json\/wp\/v2\/posts\/40928\/revisions"}],"predecessor-version":[{"id":40934,"href":"https:\/\/www.forum-soegel.de\/information\/wp-json\/wp\/v2\/posts\/40928\/revisions\/40934"}],"wp:attachment":[{"href":"https:\/\/www.forum-soegel.de\/information\/wp-json\/wp\/v2\/media?parent=40928"}],"wp:term":[{"taxonomy":"category","embeddable":true,"href":"https:\/\/www.forum-soegel.de\/information\/wp-json\/wp\/v2\/categories?post=40928"},{"taxonomy":"post_tag","embeddable":true,"href":"https:\/\/www.forum-soegel.de\/information\/wp-json\/wp\/v2\/tags?post=40928"}],"curies":[{"name":"wp","href":"https:\/\/api.w.org\/{rel}","templated":true}]}}