{"id":40925,"date":"2026-02-01T19:32:54","date_gmt":"2026-02-01T18:32:54","guid":{"rendered":"https:\/\/www.forum-soegel.de\/information\/?p=40925"},"modified":"2026-03-09T19:34:04","modified_gmt":"2026-03-09T18:34:04","slug":"cdu-samtgemeindeverband-soegel-waehlt-neuen-vorstand","status":"publish","type":"post","link":"https:\/\/www.forum-soegel.de\/information\/2026\/02\/cdu-samtgemeindeverband-soegel-waehlt-neuen-vorstand\/","title":{"rendered":"CDU-Samtgemeindeverband S\u00f6gel w\u00e4hlt neuen Vorstand"},"content":{"rendered":"\n<p>Zahlreiche Mitglieder des CDU-Samtgemeindeverbandes S\u00f6gel kamen im vor einiger Zeit in B\u00f6rger zur Mitgliederversammlung im Gemeinde- und Kulturzentrum B\u00f6rger zusammen.<\/p>\n\n\n\n<p>Zu Beginn begr\u00fc\u00dfte der Vorsitzende Andreas Jansen die zahlreich erschienenen Mitglieder und blickte in einem kurzen Bericht auf das vergangene Jahr zur\u00fcck. Er hob dabei insbesondere die zunehmende Bedeutung der \u00d6ffentlichkeitsarbeit hervor. Auch die wachsende Anh\u00e4ngerschaft der AfD sei f\u00fcr die CDU Anlass gewesen, auf dem S\u00f6geler Marktplatz mit verschiedenen Aktionen Pr\u00e4senz zu zeigen und den Dialog mit den B\u00fcrgerinnen und B\u00fcrgern zu suchen.<\/p>\n\n\n\n<p>Ein wichtiger Schritt in Richtung moderner Kommunikation war der Aufbau eines Social- Media-Auftritts, der von Sven Grote betreut wird sowie die Einrichtung eines Newsletters, welcher die Mitglieder regelm\u00e4\u00dfig mit Informationen aus dem SG-Rat und anderen wichtigen Informationen versorgt. Zum Abschluss seines Berichts dankte Jansen dem bisherigen Vorstand f\u00fcr die engagierte Arbeit in den vergangenen Jahren.<\/p>\n\n\n\n<p>Bei der anschlie\u00dfenden Vorstandswahl best\u00e4tigten die Mitglieder nahezu das gesamte Team im Amt. Lediglich Stefan Kleimann aus Gro\u00df Ber\u00dfen schied auf eigenen Wunsch aus.<\/p>\n\n\n\n<p>Dem neuen Vorstand geh\u00f6ren an:<\/p>\n\n\n\n<p>\u2022&nbsp;&nbsp;&nbsp;&nbsp;&nbsp;&nbsp;&nbsp;&nbsp;&nbsp; Andreas Jansen (Vorsitzender)<\/p>\n\n\n\n<p>\u2022\u00a0\u00a0\u00a0\u00a0\u00a0\u00a0\u00a0\u00a0\u00a0 Hermann Kuper und Dr. Nils Gepp (stellvertretende Vorsitzende)<\/p>\n\n\n\n<p>\u2022&nbsp;&nbsp;&nbsp;&nbsp;&nbsp;&nbsp;&nbsp;&nbsp;&nbsp; Matthias Niers (Mitgliederbeauftragter)<\/p>\n\n\n\n<p>\u2022&nbsp;&nbsp;&nbsp;&nbsp;&nbsp;&nbsp;&nbsp;&nbsp;&nbsp; Sven Grote (Schriftf\u00fchrer)<\/p>\n\n\n\n<p>Als Beisitzer wurden Markus Freese, Aloys Ull, Swetlana Ertus, Stephanie Behnen und Jannis Kuper gew\u00e4hlt.<\/p>\n\n\n\n<p>Zum Dank \u00fcberreichte Andreas Jansen dem ausscheidenden Stefan Kleimann ein<\/p>\n\n\n\n<p>Pr\u00e4sent und w\u00fcrdigte dessen Einsatz im Vorstand.<\/p>\n\n\n\n<p>Text\/Foto: Sven Grote<\/p>\n\n\n\n<figure data-wp-context=\"{&quot;imageId&quot;:&quot;69ee4dea3559b&quot;}\" data-wp-interactive=\"core\/image\" data-wp-key=\"69ee4dea3559b\" class=\"wp-block-image size-large wp-lightbox-container\"><img loading=\"lazy\" decoding=\"async\" width=\"1024\" height=\"576\" data-wp-class--hide=\"state.isContentHidden\" data-wp-class--show=\"state.isContentVisible\" data-wp-init=\"callbacks.setButtonStyles\" data-wp-on--click=\"actions.showLightbox\" data-wp-on--load=\"callbacks.setButtonStyles\" data-wp-on-window--resize=\"callbacks.setButtonStyles\" src=\"https:\/\/www.forum-soegel.de\/information\/wp-content\/uploads\/2026\/03\/CDU-SG-So\u2560egel-GV-1024x576.jpg\" alt=\"\" class=\"wp-image-40926\" srcset=\"https:\/\/www.forum-soegel.de\/information\/wp-content\/uploads\/2026\/03\/CDU-SG-So\u2560egel-GV-1024x576.jpg 1024w, https:\/\/www.forum-soegel.de\/information\/wp-content\/uploads\/2026\/03\/CDU-SG-So\u2560egel-GV-300x169.jpg 300w, https:\/\/www.forum-soegel.de\/information\/wp-content\/uploads\/2026\/03\/CDU-SG-So\u2560egel-GV-768x432.jpg 768w, https:\/\/www.forum-soegel.de\/information\/wp-content\/uploads\/2026\/03\/CDU-SG-So\u2560egel-GV.jpg 1333w\" sizes=\"auto, (max-width: 1024px) 100vw, 1024px\" \/><button\n\t\t\tclass=\"lightbox-trigger\"\n\t\t\ttype=\"button\"\n\t\t\taria-haspopup=\"dialog\"\n\t\t\taria-label=\"Vergr\u00f6\u00dfern\"\n\t\t\tdata-wp-init=\"callbacks.initTriggerButton\"\n\t\t\tdata-wp-on--click=\"actions.showLightbox\"\n\t\t\tdata-wp-style--right=\"state.imageButtonRight\"\n\t\t\tdata-wp-style--top=\"state.imageButtonTop\"\n\t\t>\n\t\t\t<svg xmlns=\"http:\/\/www.w3.org\/2000\/svg\" width=\"12\" height=\"12\" fill=\"none\" viewBox=\"0 0 12 12\">\n\t\t\t\t<path fill=\"#fff\" d=\"M2 0a2 2 0 0 0-2 2v2h1.5V2a.5.5 0 0 1 .5-.5h2V0H2Zm2 10.5H2a.5.5 0 0 1-.5-.5V8H0v2a2 2 0 0 0 2 2h2v-1.5ZM8 12v-1.5h2a.5.5 0 0 0 .5-.5V8H12v2a2 2 0 0 1-2 2H8Zm2-12a2 2 0 0 1 2 2v2h-1.5V2a.5.5 0 0 0-.5-.5H8V0h2Z\" \/>\n\t\t\t<\/svg>\n\t\t<\/button><\/figure>\n","protected":false},"excerpt":{"rendered":"Zahlreiche Mitglieder des CDU-Samtgemeindeverbandes S\u00f6gel kamen im vor einiger Zeit in B\u00f6rger zur Mitgliederversammlung im Gemeinde- und Kulturzentrum B\u00f6rger zusammen. Zu Beginn begr\u00fc\u00dfte der Vorsitzende Andreas Jansen die zahlreich erschienenen Mitglieder und blickte in einem kurzen Bericht auf das vergangene Jahr zur\u00fcck. Er hob dabei insbesondere die zunehmende Bedeutung der \u00d6ffentlichkeitsarbeit hervor. Auch die wachsende [&hellip;]\n","protected":false},"author":2,"featured_media":0,"comment_status":"closed","ping_status":"closed","sticky":false,"template":"","format":"standard","meta":{"ngg_post_thumbnail":0,"footnotes":""},"categories":[3],"tags":[],"class_list":["post-40925","post","type-post","status-publish","format-standard","hentry","category-aktuelles-aus-der-region"],"_links":{"self":[{"href":"https:\/\/www.forum-soegel.de\/information\/wp-json\/wp\/v2\/posts\/40925","targetHints":{"allow":["GET"]}}],"collection":[{"href":"https:\/\/www.forum-soegel.de\/information\/wp-json\/wp\/v2\/posts"}],"about":[{"href":"https:\/\/www.forum-soegel.de\/information\/wp-json\/wp\/v2\/types\/post"}],"author":[{"embeddable":true,"href":"https:\/\/www.forum-soegel.de\/information\/wp-json\/wp\/v2\/users\/2"}],"replies":[{"embeddable":true,"href":"https:\/\/www.forum-soegel.de\/information\/wp-json\/wp\/v2\/comments?post=40925"}],"version-history":[{"count":1,"href":"https:\/\/www.forum-soegel.de\/information\/wp-json\/wp\/v2\/posts\/40925\/revisions"}],"predecessor-version":[{"id":40927,"href":"https:\/\/www.forum-soegel.de\/information\/wp-json\/wp\/v2\/posts\/40925\/revisions\/40927"}],"wp:attachment":[{"href":"https:\/\/www.forum-soegel.de\/information\/wp-json\/wp\/v2\/media?parent=40925"}],"wp:term":[{"taxonomy":"category","embeddable":true,"href":"https:\/\/www.forum-soegel.de\/information\/wp-json\/wp\/v2\/categories?post=40925"},{"taxonomy":"post_tag","embeddable":true,"href":"https:\/\/www.forum-soegel.de\/information\/wp-json\/wp\/v2\/tags?post=40925"}],"curies":[{"name":"wp","href":"https:\/\/api.w.org\/{rel}","templated":true}]}}