{"id":40919,"date":"2026-02-01T19:28:02","date_gmt":"2026-02-01T18:28:02","guid":{"rendered":"https:\/\/www.forum-soegel.de\/information\/?p=40919"},"modified":"2026-03-09T19:32:52","modified_gmt":"2026-03-09T18:32:52","slug":"1938-hakenkreuz-besiegt-tradition","status":"publish","type":"post","link":"https:\/\/www.forum-soegel.de\/information\/2026\/02\/1938-hakenkreuz-besiegt-tradition\/","title":{"rendered":"1938 \u2013 Hakenkreuz besiegt Tradition"},"content":{"rendered":"\n<p><strong>2026 \u2013 Baustein f\u00fcr Gedenk- und Lernort setzt Zeichen der Wiedergutmachung<\/strong><\/p>\n\n\n<div class=\"wp-block-image\">\n<figure class=\"alignleft size-large is-resized\"><img loading=\"lazy\" decoding=\"async\" width=\"768\" height=\"1024\" src=\"https:\/\/www.forum-soegel.de\/information\/wp-content\/uploads\/2026\/03\/Schu\u2560etzenverein-Holocaust-1-768x1024.jpg\" alt=\"\" class=\"wp-image-40923\" style=\"width:253px;height:auto\" srcset=\"https:\/\/www.forum-soegel.de\/information\/wp-content\/uploads\/2026\/03\/Schu\u2560etzenverein-Holocaust-1-768x1024.jpg 768w, https:\/\/www.forum-soegel.de\/information\/wp-content\/uploads\/2026\/03\/Schu\u2560etzenverein-Holocaust-1-225x300.jpg 225w, https:\/\/www.forum-soegel.de\/information\/wp-content\/uploads\/2026\/03\/Schu\u2560etzenverein-Holocaust-1-1152x1536.jpg 1152w, https:\/\/www.forum-soegel.de\/information\/wp-content\/uploads\/2026\/03\/Schu\u2560etzenverein-Holocaust-1-1536x2048.jpg 1536w, https:\/\/www.forum-soegel.de\/information\/wp-content\/uploads\/2026\/03\/Schu\u2560etzenverein-Holocaust-1-scaled.jpg 1920w\" sizes=\"auto, (max-width: 768px) 100vw, 768px\" \/><\/figure>\n<\/div>\n\n\n<p>S\u00f6gel &#8211;&nbsp; Zur Unterst\u00fctzung des vom Forum initiierten und mittels vieler gro\u00dfherziger Spenden realisierte Gedenk- und Lernort zur Erinnerung an die durch die Shoa ermordeten j\u00fcdischen S\u00f6geler B\u00fcrgerinnen und B\u00fcrger, kam jetzt eine ganz besondere Spende hinzu. Der Sch\u00fctzenverein S\u00f6gel \u00fcbergab einen Baustein in H\u00f6he von 500,00 \u20ac zur Unterst\u00fctzung des Projektes an den Verein Forum S\u00f6gel f\u00fcr die weitere Erinnerungsarbeit.<\/p>\n\n\n\n<p>Die Aktion im Umfeld des Holocaustgedenktages am 27. Januar 2026 hatte einen besonderen historischen Hintergrund. Im Jahr 1938 wurde beim gro\u00dfen Festumzug anl\u00e4sslich des 100 j\u00e4hrigen Vereinsjubil\u00e4ums eine Person von der Mitfahrt auf dem Ehrenwagen mit den noch lebenden ehemaligen Sch\u00fctzenk\u00f6nigen ausgeschlossen. Nur weil er Jude war, durfte Gottfried<\/p>\n\n\n\n<p>Gr\u00fcnberg \u2013 der Sch\u00fctzenk\u00f6nig von 1923\u2013 nicht auf dem festlichen \u201eK\u00f6nigswagen\u201c Platz nehmen. Nach den damaligen Vereinsstatuten war Juden die Mitgliedschaft im Verein verboten worden.<\/p>\n\n\n\n<p>Im Rahmen eines gemeinsamen Treffens von Vorstandmitgliedern des Sch\u00fctzenvereins mit Oberst Heinz Robbers und des Forums, wurde in der Geschichts- und Zukunftswerkstatt des Forums dieses irrsinnigen und unverst\u00e4ndlichen Handels gedacht und die Spende \u00fcbergeben.<\/p>\n\n\n\n<p>Der Vorsitzende des Forums, Bernd Eggert, bedankte sich und versprach, diese Summe im Rahmen der weiteren Erinnerungsarbeit, besonders mit Jugendlichen und Schulen, zu verwenden.<\/p>\n\n\n\n<p>Text\/Fotos: Forum S\u00f6gel<\/p>\n\n\n\n<figure data-wp-context=\"{&quot;imageId&quot;:&quot;69ee4e5f11f7f&quot;}\" data-wp-interactive=\"core\/image\" data-wp-key=\"69ee4e5f11f7f\" class=\"wp-block-image size-large wp-lightbox-container\"><img loading=\"lazy\" decoding=\"async\" width=\"1024\" height=\"680\" data-wp-class--hide=\"state.isContentHidden\" data-wp-class--show=\"state.isContentVisible\" data-wp-init=\"callbacks.setButtonStyles\" data-wp-on--click=\"actions.showLightbox\" data-wp-on--load=\"callbacks.setButtonStyles\" data-wp-on-window--resize=\"callbacks.setButtonStyles\" src=\"https:\/\/www.forum-soegel.de\/information\/wp-content\/uploads\/2026\/03\/Schu\u2560etzenverein-Spende-1024x680.jpg\" alt=\"\" class=\"wp-image-40921\" srcset=\"https:\/\/www.forum-soegel.de\/information\/wp-content\/uploads\/2026\/03\/Schu\u2560etzenverein-Spende-1024x680.jpg 1024w, https:\/\/www.forum-soegel.de\/information\/wp-content\/uploads\/2026\/03\/Schu\u2560etzenverein-Spende-300x199.jpg 300w, https:\/\/www.forum-soegel.de\/information\/wp-content\/uploads\/2026\/03\/Schu\u2560etzenverein-Spende-768x510.jpg 768w, https:\/\/www.forum-soegel.de\/information\/wp-content\/uploads\/2026\/03\/Schu\u2560etzenverein-Spende-1536x1020.jpg 1536w, https:\/\/www.forum-soegel.de\/information\/wp-content\/uploads\/2026\/03\/Schu\u2560etzenverein-Spende-2048x1360.jpg 2048w\" sizes=\"auto, (max-width: 1024px) 100vw, 1024px\" \/><button\n\t\t\tclass=\"lightbox-trigger\"\n\t\t\ttype=\"button\"\n\t\t\taria-haspopup=\"dialog\"\n\t\t\taria-label=\"Vergr\u00f6\u00dfern\"\n\t\t\tdata-wp-init=\"callbacks.initTriggerButton\"\n\t\t\tdata-wp-on--click=\"actions.showLightbox\"\n\t\t\tdata-wp-style--right=\"state.imageButtonRight\"\n\t\t\tdata-wp-style--top=\"state.imageButtonTop\"\n\t\t>\n\t\t\t<svg xmlns=\"http:\/\/www.w3.org\/2000\/svg\" width=\"12\" height=\"12\" fill=\"none\" viewBox=\"0 0 12 12\">\n\t\t\t\t<path fill=\"#fff\" d=\"M2 0a2 2 0 0 0-2 2v2h1.5V2a.5.5 0 0 1 .5-.5h2V0H2Zm2 10.5H2a.5.5 0 0 1-.5-.5V8H0v2a2 2 0 0 0 2 2h2v-1.5ZM8 12v-1.5h2a.5.5 0 0 0 .5-.5V8H12v2a2 2 0 0 1-2 2H8Zm2-12a2 2 0 0 1 2 2v2h-1.5V2a.5.5 0 0 0-.5-.5H8V0h2Z\" \/>\n\t\t\t<\/svg>\n\t\t<\/button><figcaption class=\"wp-element-caption\">v.l.: Bernd Eggert (Forum S\u00f6gel), Heinz Robbers (Sch\u00fctzenverein S\u00f6gel), Kerstin Segbers (Sch\u00fctzenverein S\u00f6gel), Gerlinde Lammers (Forum S\u00f6gel), Helmut Farwick (Sch\u00fctzenverein S\u00f6gel), Jef le Granse (Forum S\u00f6gel)<\/figcaption><\/figure>\n","protected":false},"excerpt":{"rendered":"2026 \u2013 Baustein f\u00fcr Gedenk- und Lernort setzt Zeichen der Wiedergutmachung S\u00f6gel &#8211;&nbsp; Zur Unterst\u00fctzung des vom Forum initiierten und mittels vieler gro\u00dfherziger Spenden realisierte Gedenk- und Lernort zur Erinnerung an die durch die Shoa ermordeten j\u00fcdischen S\u00f6geler B\u00fcrgerinnen und B\u00fcrger, kam jetzt eine ganz besondere Spende hinzu. Der Sch\u00fctzenverein S\u00f6gel \u00fcbergab einen Baustein in [&hellip;]\n","protected":false},"author":2,"featured_media":0,"comment_status":"closed","ping_status":"closed","sticky":false,"template":"","format":"standard","meta":{"ngg_post_thumbnail":0,"footnotes":""},"categories":[3],"tags":[],"class_list":["post-40919","post","type-post","status-publish","format-standard","hentry","category-aktuelles-aus-der-region"],"_links":{"self":[{"href":"https:\/\/www.forum-soegel.de\/information\/wp-json\/wp\/v2\/posts\/40919","targetHints":{"allow":["GET"]}}],"collection":[{"href":"https:\/\/www.forum-soegel.de\/information\/wp-json\/wp\/v2\/posts"}],"about":[{"href":"https:\/\/www.forum-soegel.de\/information\/wp-json\/wp\/v2\/types\/post"}],"author":[{"embeddable":true,"href":"https:\/\/www.forum-soegel.de\/information\/wp-json\/wp\/v2\/users\/2"}],"replies":[{"embeddable":true,"href":"https:\/\/www.forum-soegel.de\/information\/wp-json\/wp\/v2\/comments?post=40919"}],"version-history":[{"count":1,"href":"https:\/\/www.forum-soegel.de\/information\/wp-json\/wp\/v2\/posts\/40919\/revisions"}],"predecessor-version":[{"id":40924,"href":"https:\/\/www.forum-soegel.de\/information\/wp-json\/wp\/v2\/posts\/40919\/revisions\/40924"}],"wp:attachment":[{"href":"https:\/\/www.forum-soegel.de\/information\/wp-json\/wp\/v2\/media?parent=40919"}],"wp:term":[{"taxonomy":"category","embeddable":true,"href":"https:\/\/www.forum-soegel.de\/information\/wp-json\/wp\/v2\/categories?post=40919"},{"taxonomy":"post_tag","embeddable":true,"href":"https:\/\/www.forum-soegel.de\/information\/wp-json\/wp\/v2\/tags?post=40919"}],"curies":[{"name":"wp","href":"https:\/\/api.w.org\/{rel}","templated":true}]}}