{"id":4091,"date":"2011-01-01T00:56:05","date_gmt":"2010-12-31T23:56:05","guid":{"rendered":"https:\/\/www.forum-soegel.de\/information\/?p=4091"},"modified":"2010-12-28T20:04:34","modified_gmt":"2010-12-28T19:04:34","slug":"teilnahme-der-madchen-mannschaft-e3-an-dem-schnupperabzeichen-des-dfb-und-mc-donald%c2%b4s-fusballabzeichen-2010","status":"publish","type":"post","link":"https:\/\/www.forum-soegel.de\/information\/2011\/01\/teilnahme-der-madchen-mannschaft-e3-an-dem-schnupperabzeichen-des-dfb-und-mc-donald%c2%b4s-fusballabzeichen-2010\/","title":{"rendered":"Teilnahme der M\u00e4dchen Mannschaft E3 an dem Schnupperabzeichen des DFB und Mc Donald\u00b4s Fu\u00dfballabzeichen 2010"},"content":{"rendered":"<p>\u00c4u\u00dferst motivierte Kinder starteten am 1. November, beim DFB und Mc Donald\u00b4s Fu\u00dfballabzeichen in der Sporthalle des H\u00fcmmling-Gymnasiums so richtig durch.<\/p>\n<p>Die beiden Trainerinnen Michela Eilers und Sunny Kla\u00df des Sportvereins S\u00f6gel f\u00fchrten gemeinsam mit dem Trainer des Sportvereins Eisten\/H\u00fcven Klaus Rickermann das Projekt durch.<\/p>\n<p>\u00a0Im Rahmen des durch den \u00dcbungsleiter Klaus Rickermann organisierten Projektes konnte er gemeinsam mit den Trainerinnen des Sportvereins S\u00f6gel die Geschicklichkeit im Umgang mit dem Fu\u00dfball an mehreren Stationen \u00fcberpr\u00fcfen.<\/p>\n<p>\u00a0Die vielf\u00e4ltigen \u00dcbungen der Trainerinnen mit der Mannschaft, um die Geschicklichkeit zu verbessern, haben sich gelohnt.<\/p>\n<p>Alle Kinder konnten am 15. November von Rickermann die Urkunde und die Anstecknadel in Empfang nehmen.<\/p>\n<p>Aufgrund der gro\u00dfen Motivation der Kinder ist die Abnahme des Fu\u00dfballabzeichens bereits im Fr\u00fchjahr 2011 geplant.<\/p>\n<p><span style=\"text-decoration: underline;\">Allgemeine Informationen:<\/span><\/p>\n<p>Die Fu\u00dfballweltmeisterschaft hat gezeigt, welche Begeisterung und Leidenschaft der Fu\u00dfball entfachen kann.<\/p>\n<p>Aus dem Grunde hat der Deutsche Fu\u00dfballbund mit dem Partner McDonald\u00b4s ein\u00a0 gemeinsames Projekt geplant. Dieses Projekt hat das Ziel, das DFB u. Mc Donald\u00b4s Fu\u00dfballabzeichen weiter zu st\u00e4rken und zu unterst\u00fctzen.<\/p>\n<p>Dieses Projekt ist gekennzeichnet durch die Reduzierung der \u00dcbungen von sieben auf f\u00fcnf und die Einf\u00fchrung eines \u201eSchnupperabzeichens\u201c f\u00fcr die Kleinsten ab sechs Jahren. Der DFB und MC Donald\u00b4s m\u00f6chten dadurch eine gr\u00f6\u00dfere Zielgruppe ansprechen.<\/p>\n<p>Das Projekt baut auch weiterhin auf eine regelkonforme Durchf\u00fchrung und sorgf\u00e4ltige Betreuung der \u00dcbungen. Jeder Teilnehmer darf sich als Sieger f\u00fchlen.<\/p>\n<p>F\u00fcr die Projektplanung und Durchf\u00fchrung sind die ausgebildeten \u00dcbungsleiter zust\u00e4ndig.<\/p>\n<p>Klaus Rickermann \u00fcbernahm mit den Kolleginnen aus S\u00f6gel die Vorbereitung, die Organisation und die Durchf\u00fchrung.<\/p>\n<p>Folgende Stationen mussten durchlaufen werden.<\/p>\n<p><span style=\"text-decoration: underline;\">Stationen des Schnupperabzeichens:<\/span><\/p>\n<ol>\n<li>Station: Dribbelk\u00fcnstler<\/li>\n<li>Station: Kurzpass- Ass<\/li>\n<li>Station: Elferk\u00f6nig<\/li>\n<\/ol>\n<p>Die Stationen des Schnupperabzeichens sind nicht so anspruchsvoll und umfangreich wie die des Fu\u00dfballabzeichens.<\/p>\n<p><span style=\"text-decoration: underline;\">Stationen zum Fu\u00dfballabzeichen:<\/span><\/p>\n<ol>\n<li>Station: Dribbelk\u00fcnstler<\/li>\n<li>Station: Kurzpass-Ass<\/li>\n<li>Station: Kopfballk\u00f6nig<\/li>\n<li>Station: Flankengeber<\/li>\n<li>Station: Elferk\u00f6nig<\/li>\n<\/ol>\n<p>Die Veranstaltung war f\u00fcr die gesamte Mannschaft und alle beteiligten Personen sehr motivierend, so dass bereits das Anschlussprojekt geplant ist.<\/p>\n<p>Falls Interesse seitens anderer Vereine oder Institutionen besteht, so k\u00f6nnen Informationen der Internetadresse <a href=\"https:\/\/www.fussballabzeichen.de\/\">www.fussballabzeichen.de<\/a> \u00a0entnommen werden. Sie k\u00f6nnen auch Kontakt mit dem Trainer Klaus Rickermann (05961\/99572238) aufnehmen.<\/p>\n<p>Text: Mechthild Wigbers<\/p>\n","protected":false},"excerpt":{"rendered":"\u00c4u\u00dferst motivierte Kinder starteten am 1. November, beim DFB und Mc Donald\u00b4s Fu\u00dfballabzeichen in der Sporthalle des H\u00fcmmling-Gymnasiums so richtig durch. Die beiden Trainerinnen Michela Eilers und Sunny Kla\u00df des Sportvereins S\u00f6gel f\u00fchrten gemeinsam mit dem Trainer des Sportvereins Eisten\/H\u00fcven Klaus Rickermann das Projekt durch. \u00a0Im Rahmen des durch den \u00dcbungsleiter Klaus Rickermann organisierten Projektes [&hellip;]\n","protected":false},"author":2,"featured_media":0,"comment_status":"closed","ping_status":"closed","sticky":false,"template":"","format":"standard","meta":{"ngg_post_thumbnail":0,"footnotes":""},"categories":[6],"tags":[541],"class_list":["post-4091","post","type-post","status-publish","format-standard","hentry","category-aus-der-schule-geplaudert","tag-fusballabzeichen"],"_links":{"self":[{"href":"https:\/\/www.forum-soegel.de\/information\/wp-json\/wp\/v2\/posts\/4091","targetHints":{"allow":["GET"]}}],"collection":[{"href":"https:\/\/www.forum-soegel.de\/information\/wp-json\/wp\/v2\/posts"}],"about":[{"href":"https:\/\/www.forum-soegel.de\/information\/wp-json\/wp\/v2\/types\/post"}],"author":[{"embeddable":true,"href":"https:\/\/www.forum-soegel.de\/information\/wp-json\/wp\/v2\/users\/2"}],"replies":[{"embeddable":true,"href":"https:\/\/www.forum-soegel.de\/information\/wp-json\/wp\/v2\/comments?post=4091"}],"version-history":[{"count":3,"href":"https:\/\/www.forum-soegel.de\/information\/wp-json\/wp\/v2\/posts\/4091\/revisions"}],"predecessor-version":[{"id":4093,"href":"https:\/\/www.forum-soegel.de\/information\/wp-json\/wp\/v2\/posts\/4091\/revisions\/4093"}],"wp:attachment":[{"href":"https:\/\/www.forum-soegel.de\/information\/wp-json\/wp\/v2\/media?parent=4091"}],"wp:term":[{"taxonomy":"category","embeddable":true,"href":"https:\/\/www.forum-soegel.de\/information\/wp-json\/wp\/v2\/categories?post=4091"},{"taxonomy":"post_tag","embeddable":true,"href":"https:\/\/www.forum-soegel.de\/information\/wp-json\/wp\/v2\/tags?post=4091"}],"curies":[{"name":"wp","href":"https:\/\/api.w.org\/{rel}","templated":true}]}}