{"id":40893,"date":"2026-02-01T19:17:41","date_gmt":"2026-02-01T18:17:41","guid":{"rendered":"https:\/\/www.forum-soegel.de\/information\/?p=40893"},"modified":"2026-03-09T19:24:11","modified_gmt":"2026-03-09T18:24:11","slug":"neujahrsempfang-der-gemeinde-soegel-3","status":"publish","type":"post","link":"https:\/\/www.forum-soegel.de\/information\/2026\/02\/neujahrsempfang-der-gemeinde-soegel-3\/","title":{"rendered":"Neujahrsempfang der Gemeinde S\u00f6gel"},"content":{"rendered":"\n<p>S\u00f6gel &#8211; Am ersten Sonntag im Januar des neuen Jahres herrschte wieder gro\u00dfer Andrang beim Neujahrsempfang der Gemeinde S\u00f6gel im Heimathaus S\u00f6gel. B\u00fcrgermeister Johannes V\u00f6lker und Gemeindedirektor Frank Kla\u00df begr\u00fc\u00dften alle G\u00e4ste ganz herzlich, besonders die aus der Partnerstadt Norg und stie\u00dfen anschlie\u00dfend mit allen Besuchern auf das neue Jahr 2026 mit einem \u201eGl\u00fccksengs Neijoahr\u201c an. Auch die Sternsinger waren zu Gast und bereicherten mit ihren Segensw\u00fcnschen den Empfang.<\/p>\n\n\n\n<p>B\u00fcrgermeister Johannes V\u00f6lker bedankte sich in seiner Ansprache f\u00fcr das vielf\u00e4ltige ehrenamtliche Engagement der B\u00fcrgerinnen und B\u00fcrger in den Vereinen und Organisationen der Gemeinde. Ohne diesen Einsatz w\u00fcrde eine Dorfgemeinschaft nicht funktionieren. Es sei wichtig, wieder mehr an die Gemeinschaft zu denken und auch einfach mal mit anzupacken. Dann hob V\u00f6lker besonders hervor: \u201eDieses Jahr ist ein Jahr mit mehreren Kommunalwahlen. Mit eurer Stimme entscheidet ihr \u00fcber unsere Zukunft. Ihr seid herzlich willkommen, euch als Kandidatin oder Kandidat f\u00fcr die kommenden Kommunalwahlen mit einzubringen und so aktiv die n\u00e4chsten Jahre zu gestalten.\u201c Und weiter: \u201eWir haben allen Anlass, positiver in die Zukunft zu blicken und nicht immer nur das Negative in den Vordergrund zu r\u00fccken,\u201c so V\u00f6lker.<\/p>\n\n\n\n<p>Gemeindedirektor Frank Kla\u00df lie\u00df dann mit Cornelia Willigmann-Kassner in einer Pr\u00e4sentation das vergangene Jahr Revue passieren. Anhand umfangreicher Beispiele aus Wirtschaft, Kultur und Veranstaltungen wurde das vielf\u00e4ltige und ereignisreiche Jahr 2025 noch einmal lebendig.<\/p>\n\n\n\n<p>Im Verlauf des Empfangs wurden Bernd Eggert und Herman Wichmann vom B\u00fcrgermeister V\u00f6lker f\u00fcr ihr langj\u00e4hriges Engagement beim Forum S\u00f6gel geehrt. Ihre ehrenamtliche Arbeit sei beispielhaft und bilde ein wichtiges kulturelles Element f\u00fcr S\u00f6gel. Zugleich feierte der Jugend-Award Premiere: diese Auszeichnung, der dem Einsatz junger Erwachsener gewidmet ist, erhielt in diesem Jahr erstmals die Jugendfeuerwehr S\u00f6gel, die in diesem Jahr ihr 25-j\u00e4hriges Jubil\u00e4um feiert.<\/p>\n\n\n\n<p>Gelungen musikalisch umrahmt wurde der Neujahrsempfang von der Schulband der Schule am Schloss unter der Leitung von J\u00fcrgen Jansen.<\/p>\n\n\n\n<p>Text: Gemeinde S\u00f6gel<\/p>\n\n\n\n<p>Fotos: Bart Talens und Gemeinde S\u00f6gel<\/p>\n\n\n\n<figure class=\"wp-block-image size-large\"><img loading=\"lazy\" decoding=\"async\" width=\"1024\" height=\"680\" src=\"https:\/\/www.forum-soegel.de\/information\/wp-content\/uploads\/2026\/03\/Neujahrsempfang-2026-2-1024x680.jpg\" alt=\"\" class=\"wp-image-40894\" srcset=\"https:\/\/www.forum-soegel.de\/information\/wp-content\/uploads\/2026\/03\/Neujahrsempfang-2026-2-1024x680.jpg 1024w, https:\/\/www.forum-soegel.de\/information\/wp-content\/uploads\/2026\/03\/Neujahrsempfang-2026-2-300x199.jpg 300w, https:\/\/www.forum-soegel.de\/information\/wp-content\/uploads\/2026\/03\/Neujahrsempfang-2026-2-768x510.jpg 768w, https:\/\/www.forum-soegel.de\/information\/wp-content\/uploads\/2026\/03\/Neujahrsempfang-2026-2-1536x1021.jpg 1536w, https:\/\/www.forum-soegel.de\/information\/wp-content\/uploads\/2026\/03\/Neujahrsempfang-2026-2-2048x1361.jpg 2048w\" sizes=\"auto, (max-width: 1024px) 100vw, 1024px\" \/><figcaption class=\"wp-element-caption\">v. l. Frank Ka\u00df \u2013 SG B\u00fcrgermeister, Bernd Eggert \u2013 Forum S\u00f6gel, Hermann Wichmann \u2013 Forum S\u00f6gel, Hendrik Eveld \u2013 Jugendfeuerwehr, Johannes V\u00f6lker \u2013 B\u00fcrgermeister<br>\u00a0<\/figcaption><\/figure>\n\n\n\n<figure class=\"wp-block-gallery has-nested-images columns-default is-cropped wp-block-gallery-1 is-layout-flex wp-block-gallery-is-layout-flex\">\n<figure data-wp-context=\"{&quot;imageId&quot;:&quot;69ee4ceedd098&quot;}\" data-wp-interactive=\"core\/image\" data-wp-key=\"69ee4ceedd098\" class=\"wp-block-image size-large wp-lightbox-container\"><img loading=\"lazy\" decoding=\"async\" width=\"1024\" height=\"680\" data-wp-class--hide=\"state.isContentHidden\" data-wp-class--show=\"state.isContentVisible\" data-wp-init=\"callbacks.setButtonStyles\" data-wp-on--click=\"actions.showLightbox\" data-wp-on--load=\"callbacks.setButtonStyles\" data-wp-on-window--resize=\"callbacks.setButtonStyles\" data-id=\"40895\" src=\"https:\/\/www.forum-soegel.de\/information\/wp-content\/uploads\/2026\/03\/Neujahrsempfang-2026-1-1024x680.jpg\" alt=\"\" class=\"wp-image-40895\" srcset=\"https:\/\/www.forum-soegel.de\/information\/wp-content\/uploads\/2026\/03\/Neujahrsempfang-2026-1-1024x680.jpg 1024w, https:\/\/www.forum-soegel.de\/information\/wp-content\/uploads\/2026\/03\/Neujahrsempfang-2026-1-300x199.jpg 300w, https:\/\/www.forum-soegel.de\/information\/wp-content\/uploads\/2026\/03\/Neujahrsempfang-2026-1-768x510.jpg 768w, https:\/\/www.forum-soegel.de\/information\/wp-content\/uploads\/2026\/03\/Neujahrsempfang-2026-1-1536x1021.jpg 1536w, https:\/\/www.forum-soegel.de\/information\/wp-content\/uploads\/2026\/03\/Neujahrsempfang-2026-1-2048x1361.jpg 2048w\" sizes=\"auto, (max-width: 1024px) 100vw, 1024px\" \/><button\n\t\t\tclass=\"lightbox-trigger\"\n\t\t\ttype=\"button\"\n\t\t\taria-haspopup=\"dialog\"\n\t\t\taria-label=\"Vergr\u00f6\u00dfern\"\n\t\t\tdata-wp-init=\"callbacks.initTriggerButton\"\n\t\t\tdata-wp-on--click=\"actions.showLightbox\"\n\t\t\tdata-wp-style--right=\"state.imageButtonRight\"\n\t\t\tdata-wp-style--top=\"state.imageButtonTop\"\n\t\t>\n\t\t\t<svg xmlns=\"http:\/\/www.w3.org\/2000\/svg\" width=\"12\" height=\"12\" fill=\"none\" viewBox=\"0 0 12 12\">\n\t\t\t\t<path fill=\"#fff\" d=\"M2 0a2 2 0 0 0-2 2v2h1.5V2a.5.5 0 0 1 .5-.5h2V0H2Zm2 10.5H2a.5.5 0 0 1-.5-.5V8H0v2a2 2 0 0 0 2 2h2v-1.5ZM8 12v-1.5h2a.5.5 0 0 0 .5-.5V8H12v2a2 2 0 0 1-2 2H8Zm2-12a2 2 0 0 1 2 2v2h-1.5V2a.5.5 0 0 0-.5-.5H8V0h2Z\" \/>\n\t\t\t<\/svg>\n\t\t<\/button><\/figure>\n\n\n\n<figure data-wp-context=\"{&quot;imageId&quot;:&quot;69ee4ceeddced&quot;}\" data-wp-interactive=\"core\/image\" data-wp-key=\"69ee4ceeddced\" class=\"wp-block-image size-large wp-lightbox-container\"><img loading=\"lazy\" decoding=\"async\" width=\"1024\" height=\"680\" data-wp-class--hide=\"state.isContentHidden\" data-wp-class--show=\"state.isContentVisible\" data-wp-init=\"callbacks.setButtonStyles\" data-wp-on--click=\"actions.showLightbox\" data-wp-on--load=\"callbacks.setButtonStyles\" data-wp-on-window--resize=\"callbacks.setButtonStyles\" data-id=\"40897\" src=\"https:\/\/www.forum-soegel.de\/information\/wp-content\/uploads\/2026\/03\/Neujahrsempfang-2026-3-1024x680.jpg\" alt=\"\" class=\"wp-image-40897\" srcset=\"https:\/\/www.forum-soegel.de\/information\/wp-content\/uploads\/2026\/03\/Neujahrsempfang-2026-3-1024x680.jpg 1024w, https:\/\/www.forum-soegel.de\/information\/wp-content\/uploads\/2026\/03\/Neujahrsempfang-2026-3-300x199.jpg 300w, https:\/\/www.forum-soegel.de\/information\/wp-content\/uploads\/2026\/03\/Neujahrsempfang-2026-3-768x510.jpg 768w, https:\/\/www.forum-soegel.de\/information\/wp-content\/uploads\/2026\/03\/Neujahrsempfang-2026-3-1536x1021.jpg 1536w, https:\/\/www.forum-soegel.de\/information\/wp-content\/uploads\/2026\/03\/Neujahrsempfang-2026-3-2048x1361.jpg 2048w\" sizes=\"auto, (max-width: 1024px) 100vw, 1024px\" \/><button\n\t\t\tclass=\"lightbox-trigger\"\n\t\t\ttype=\"button\"\n\t\t\taria-haspopup=\"dialog\"\n\t\t\taria-label=\"Vergr\u00f6\u00dfern\"\n\t\t\tdata-wp-init=\"callbacks.initTriggerButton\"\n\t\t\tdata-wp-on--click=\"actions.showLightbox\"\n\t\t\tdata-wp-style--right=\"state.imageButtonRight\"\n\t\t\tdata-wp-style--top=\"state.imageButtonTop\"\n\t\t>\n\t\t\t<svg xmlns=\"http:\/\/www.w3.org\/2000\/svg\" width=\"12\" height=\"12\" fill=\"none\" viewBox=\"0 0 12 12\">\n\t\t\t\t<path fill=\"#fff\" d=\"M2 0a2 2 0 0 0-2 2v2h1.5V2a.5.5 0 0 1 .5-.5h2V0H2Zm2 10.5H2a.5.5 0 0 1-.5-.5V8H0v2a2 2 0 0 0 2 2h2v-1.5ZM8 12v-1.5h2a.5.5 0 0 0 .5-.5V8H12v2a2 2 0 0 1-2 2H8Zm2-12a2 2 0 0 1 2 2v2h-1.5V2a.5.5 0 0 0-.5-.5H8V0h2Z\" \/>\n\t\t\t<\/svg>\n\t\t<\/button><\/figure>\n\n\n\n<figure data-wp-context=\"{&quot;imageId&quot;:&quot;69ee4ceede6c4&quot;}\" data-wp-interactive=\"core\/image\" data-wp-key=\"69ee4ceede6c4\" class=\"wp-block-image size-large wp-lightbox-container\"><img loading=\"lazy\" decoding=\"async\" width=\"1024\" height=\"680\" data-wp-class--hide=\"state.isContentHidden\" data-wp-class--show=\"state.isContentVisible\" data-wp-init=\"callbacks.setButtonStyles\" data-wp-on--click=\"actions.showLightbox\" data-wp-on--load=\"callbacks.setButtonStyles\" data-wp-on-window--resize=\"callbacks.setButtonStyles\" data-id=\"40896\" src=\"https:\/\/www.forum-soegel.de\/information\/wp-content\/uploads\/2026\/03\/Neujahrsempfang-2026-4-1024x680.jpg\" alt=\"\" class=\"wp-image-40896\" srcset=\"https:\/\/www.forum-soegel.de\/information\/wp-content\/uploads\/2026\/03\/Neujahrsempfang-2026-4-1024x680.jpg 1024w, https:\/\/www.forum-soegel.de\/information\/wp-content\/uploads\/2026\/03\/Neujahrsempfang-2026-4-300x199.jpg 300w, https:\/\/www.forum-soegel.de\/information\/wp-content\/uploads\/2026\/03\/Neujahrsempfang-2026-4-768x510.jpg 768w, https:\/\/www.forum-soegel.de\/information\/wp-content\/uploads\/2026\/03\/Neujahrsempfang-2026-4-1536x1021.jpg 1536w, https:\/\/www.forum-soegel.de\/information\/wp-content\/uploads\/2026\/03\/Neujahrsempfang-2026-4-2048x1361.jpg 2048w\" sizes=\"auto, (max-width: 1024px) 100vw, 1024px\" \/><button\n\t\t\tclass=\"lightbox-trigger\"\n\t\t\ttype=\"button\"\n\t\t\taria-haspopup=\"dialog\"\n\t\t\taria-label=\"Vergr\u00f6\u00dfern\"\n\t\t\tdata-wp-init=\"callbacks.initTriggerButton\"\n\t\t\tdata-wp-on--click=\"actions.showLightbox\"\n\t\t\tdata-wp-style--right=\"state.imageButtonRight\"\n\t\t\tdata-wp-style--top=\"state.imageButtonTop\"\n\t\t>\n\t\t\t<svg xmlns=\"http:\/\/www.w3.org\/2000\/svg\" width=\"12\" height=\"12\" fill=\"none\" viewBox=\"0 0 12 12\">\n\t\t\t\t<path fill=\"#fff\" d=\"M2 0a2 2 0 0 0-2 2v2h1.5V2a.5.5 0 0 1 .5-.5h2V0H2Zm2 10.5H2a.5.5 0 0 1-.5-.5V8H0v2a2 2 0 0 0 2 2h2v-1.5ZM8 12v-1.5h2a.5.5 0 0 0 .5-.5V8H12v2a2 2 0 0 1-2 2H8Zm2-12a2 2 0 0 1 2 2v2h-1.5V2a.5.5 0 0 0-.5-.5H8V0h2Z\" \/>\n\t\t\t<\/svg>\n\t\t<\/button><\/figure>\n<\/figure>\n\n\n\n<p><\/p>\n","protected":false},"excerpt":{"rendered":"S\u00f6gel &#8211; Am ersten Sonntag im Januar des neuen Jahres herrschte wieder gro\u00dfer Andrang beim Neujahrsempfang der Gemeinde S\u00f6gel im Heimathaus S\u00f6gel. B\u00fcrgermeister Johannes V\u00f6lker und Gemeindedirektor Frank Kla\u00df begr\u00fc\u00dften alle G\u00e4ste ganz herzlich, besonders die aus der Partnerstadt Norg und stie\u00dfen anschlie\u00dfend mit allen Besuchern auf das neue Jahr 2026 mit einem \u201eGl\u00fccksengs Neijoahr\u201c [&hellip;]\n","protected":false},"author":2,"featured_media":0,"comment_status":"closed","ping_status":"closed","sticky":false,"template":"","format":"standard","meta":{"ngg_post_thumbnail":0,"footnotes":""},"categories":[3],"tags":[],"class_list":["post-40893","post","type-post","status-publish","format-standard","hentry","category-aktuelles-aus-der-region"],"_links":{"self":[{"href":"https:\/\/www.forum-soegel.de\/information\/wp-json\/wp\/v2\/posts\/40893","targetHints":{"allow":["GET"]}}],"collection":[{"href":"https:\/\/www.forum-soegel.de\/information\/wp-json\/wp\/v2\/posts"}],"about":[{"href":"https:\/\/www.forum-soegel.de\/information\/wp-json\/wp\/v2\/types\/post"}],"author":[{"embeddable":true,"href":"https:\/\/www.forum-soegel.de\/information\/wp-json\/wp\/v2\/users\/2"}],"replies":[{"embeddable":true,"href":"https:\/\/www.forum-soegel.de\/information\/wp-json\/wp\/v2\/comments?post=40893"}],"version-history":[{"count":1,"href":"https:\/\/www.forum-soegel.de\/information\/wp-json\/wp\/v2\/posts\/40893\/revisions"}],"predecessor-version":[{"id":40898,"href":"https:\/\/www.forum-soegel.de\/information\/wp-json\/wp\/v2\/posts\/40893\/revisions\/40898"}],"wp:attachment":[{"href":"https:\/\/www.forum-soegel.de\/information\/wp-json\/wp\/v2\/media?parent=40893"}],"wp:term":[{"taxonomy":"category","embeddable":true,"href":"https:\/\/www.forum-soegel.de\/information\/wp-json\/wp\/v2\/categories?post=40893"},{"taxonomy":"post_tag","embeddable":true,"href":"https:\/\/www.forum-soegel.de\/information\/wp-json\/wp\/v2\/tags?post=40893"}],"curies":[{"name":"wp","href":"https:\/\/api.w.org\/{rel}","templated":true}]}}