{"id":40891,"date":"2026-02-01T19:16:49","date_gmt":"2026-02-01T18:16:49","guid":{"rendered":"https:\/\/www.forum-soegel.de\/information\/?p=40891"},"modified":"2026-03-09T19:17:32","modified_gmt":"2026-03-09T18:17:32","slug":"paradox","status":"publish","type":"post","link":"https:\/\/www.forum-soegel.de\/information\/2026\/02\/paradox\/","title":{"rendered":"Paradox"},"content":{"rendered":"\n<p>Der Krieg in der Ukraine geht nun schon ins 5. Jahr. Tagt\u00e4glich erfahren wir aus den Medien von Kampfhandlungen, V\u00f6lkerrechtsverletzungen und Drohgeb\u00e4rden in aller Welt. Und trotzdem ist unsere Lebenszufriedenheit in Deutschland durchgehend stabil. Ist doch irgendwie paradox, diese Diskrepanz.<\/p>\n\n\n\n<p>Erkl\u00e4rungsversuche in einem Satz sind kaum m\u00f6glich. Mit ihren pers\u00f6nlichen Lebensumst\u00e4nden sind die Menschen zufrieden, wenn der Alltag vergleichsweise \u00fcberschaubar und vieles handhabbar ist. F\u00fcr Kriege, Krisen, KI usw. gilt das eben nicht. Doch gerade jetzt im Neuen Jahr sind die Aussichten pers\u00f6nlich wie \u00fcbergeordnet ged\u00e4mpft. Steigende Kosten bei Versicherungen, bei Lebensmitteln, an der Tankstelle usw. tr\u00fcben die Einkommenszufriedenheit. \u00dcbergeordnet bestimmen welt- und sicherheitspolitische sowie terroristische Ereignisse unser Meinungsbild. Nehmen wir mal als krasses Beispiel den terroristisch verursachten Stromausfall in Berlin Anfang Januar. Deutlicher l\u00e4sst sich unser technische Abh\u00e4ngigkeit nicht erleben.<\/p>\n\n\n\n<p>Vorsorge ist ein wesentlicher Teil unseres Sicherheitsgef\u00fchls. Deshalb sind wir gut beraten, die Empfehlungen des Bundesamts f\u00fcr Bev\u00f6lkerungsschutz und Katastrophenhilfe ernst zu nehmen. Die pers\u00f6nlichen Krisenvorkehrungen getroffen zu haben, schafft beruhigende Zuversicht. Dort, wo die Menschen verunsichert sind, sich hilflos f\u00fchlen, w\u00e4chst der Zuspruch f\u00fcr die politischen R\u00e4nder. Doch Angstsch\u00fcrern und Verschw\u00f6rungstheoretikern geben wir kein Geh\u00f6r. Im angemessenen Rahmen unserer pers\u00f6nlichen M\u00f6glichkeiten treffen wir Vorsorge f\u00fcr unsere Familien, Freunde und Nachbarn.<\/p>\n\n\n\n<p>Bernd Eggert<\/p>\n\n\n\n<p>Vorsitzender FORUM S\u00f6gel e.V.<\/p>\n","protected":false},"excerpt":{"rendered":"Der Krieg in der Ukraine geht nun schon ins 5. Jahr. Tagt\u00e4glich erfahren wir aus den Medien von Kampfhandlungen, V\u00f6lkerrechtsverletzungen und Drohgeb\u00e4rden in aller Welt. Und trotzdem ist unsere Lebenszufriedenheit in Deutschland durchgehend stabil. Ist doch irgendwie paradox, diese Diskrepanz. Erkl\u00e4rungsversuche in einem Satz sind kaum m\u00f6glich. Mit ihren pers\u00f6nlichen Lebensumst\u00e4nden sind die Menschen zufrieden, [&hellip;]\n","protected":false},"author":2,"featured_media":0,"comment_status":"closed","ping_status":"closed","sticky":false,"template":"","format":"standard","meta":{"ngg_post_thumbnail":0,"footnotes":""},"categories":[393],"tags":[],"class_list":["post-40891","post","type-post","status-publish","format-standard","hentry","category-vorwort"],"_links":{"self":[{"href":"https:\/\/www.forum-soegel.de\/information\/wp-json\/wp\/v2\/posts\/40891","targetHints":{"allow":["GET"]}}],"collection":[{"href":"https:\/\/www.forum-soegel.de\/information\/wp-json\/wp\/v2\/posts"}],"about":[{"href":"https:\/\/www.forum-soegel.de\/information\/wp-json\/wp\/v2\/types\/post"}],"author":[{"embeddable":true,"href":"https:\/\/www.forum-soegel.de\/information\/wp-json\/wp\/v2\/users\/2"}],"replies":[{"embeddable":true,"href":"https:\/\/www.forum-soegel.de\/information\/wp-json\/wp\/v2\/comments?post=40891"}],"version-history":[{"count":1,"href":"https:\/\/www.forum-soegel.de\/information\/wp-json\/wp\/v2\/posts\/40891\/revisions"}],"predecessor-version":[{"id":40892,"href":"https:\/\/www.forum-soegel.de\/information\/wp-json\/wp\/v2\/posts\/40891\/revisions\/40892"}],"wp:attachment":[{"href":"https:\/\/www.forum-soegel.de\/information\/wp-json\/wp\/v2\/media?parent=40891"}],"wp:term":[{"taxonomy":"category","embeddable":true,"href":"https:\/\/www.forum-soegel.de\/information\/wp-json\/wp\/v2\/categories?post=40891"},{"taxonomy":"post_tag","embeddable":true,"href":"https:\/\/www.forum-soegel.de\/information\/wp-json\/wp\/v2\/tags?post=40891"}],"curies":[{"name":"wp","href":"https:\/\/api.w.org\/{rel}","templated":true}]}}