{"id":4085,"date":"2011-01-01T00:52:37","date_gmt":"2010-12-31T23:52:37","guid":{"rendered":"https:\/\/www.forum-soegel.de\/information\/?p=4085"},"modified":"2010-12-28T19:54:54","modified_gmt":"2010-12-28T18:54:54","slug":"advent-im-forum-2","status":"publish","type":"post","link":"https:\/\/www.forum-soegel.de\/information\/2011\/01\/advent-im-forum-2\/","title":{"rendered":"Advent im Forum"},"content":{"rendered":"<p>Am 4. 12. 10 nachmittags pr\u00e4sentierte sich die Zukunfts- und Geschichtswerkstatt den Mitgliedern des Forum und deren G\u00e4sten im Adventsgewand. In einem weihnachtlich geschm\u00fcckten Raum wurde bei Spekulatius, Printen und Co. den knapp 30 Damen und Herren erl\u00e4utert, was das Forum im letzten Jahr geleistet hat und was es f\u00fcrs kommende Jahr in der &#8222;Ideenkiste&#8220; hat. \u00dcber die vielen Veranstaltungen im abgelaufenen Jahr wurde immer wieder berichtet. Sie sollen nicht alle nochmal aufgez\u00e4hlt werden. F\u00fcr 2011 l\u00fcften wir den Deckel der &#8222;Ideenkiste&#8220; nur so weit, da\u00df ein bi\u00dfchen Sch\u00fccking herauslugt. Alles andere bleibt mit einem Schleier bedeckt, auf dem &#8222;\u00dcberraschungen&#8220; steht. Es lohnt sich, in den IfS und in der Presse zu verfolgen, wenn der Schleier gel\u00fcftet wird.<\/p>\n<p>Die &#8222;Leistungsschau&#8220; des Forum am 4. 12., von dessen Vorsitzendem Bernd Eggert vorgetragen, wurde ausgeschm\u00fcckt (Neudeutsch: aufgepeppt) mit einer Lichtbildschau zur Struktur des Forum, mit lebendigen Bildern \u00fcber seine Aktivit\u00e4ten und winterlichen Bildern von S\u00f6gel sowie Umgebung. Musik fehlte selbstverst\u00e4ndlich nicht. Die Werkstattr\u00e4ume und insbesondere die neue &#8222;Multimediaabteilung&#8220; wurden erl\u00e4utert. Bernd Schulte stellte sein Begleitbuch zur Werkstattausstellung sowie die zusammen mit Herman Wichmann gestaltete \u201eperformance\u201c zum Thema \u201eWald\u201c vor. Eine vom Forum in Zusammenarbeit mit Heimatverein, Tourismusverein und K\u00d6B in deren R\u00e4umen eingerichtete B\u00fccherwand mit Literatur zu Geschichte und Heimat fand besondere Aufmerksamkeit. Reges Interesse weckten die Erkl\u00e4rungen zur laufenden Umgestaltung der Werkstatt, damit sie die Zeit bis zum Ende des 2. Weltkiegs vermittelt.<\/p>\n<p>Als die Besucher\/innen aus der wohlige Atmosph\u00e4re der Werkstatt in die kalte Winternacht entlassen wurden, h\u00f6rte man den einhelligen Kommentar: &#8222;Weiter so!&#8220; Dieser Auforderung kommt das Forum gerne nach.<\/p>\n<p>Text\/Foto: Uwe M\u00fcller<\/p>\n<p><a href=\"https:\/\/www.forum-soegel.de\/information\/wp-content\/uploads\/2010\/12\/Forum-Advent1.jpg\"><img loading=\"lazy\" decoding=\"async\" class=\"alignnone size-thumbnail wp-image-4086\" title=\"Forum Advent1\" src=\"https:\/\/www.forum-soegel.de\/information\/wp-content\/uploads\/2010\/12\/Forum-Advent1-150x150.jpg\" alt=\"\" width=\"150\" height=\"150\" \/><\/a>\u00a0 <a href=\"https:\/\/www.forum-soegel.de\/information\/wp-content\/uploads\/2010\/12\/Forum-Advent2.jpg\"><img loading=\"lazy\" decoding=\"async\" class=\"alignnone size-thumbnail wp-image-4087\" title=\"Forum Advent2\" src=\"https:\/\/www.forum-soegel.de\/information\/wp-content\/uploads\/2010\/12\/Forum-Advent2-150x150.jpg\" alt=\"\" width=\"150\" height=\"150\" \/><\/a>\u00a0 <a href=\"https:\/\/www.forum-soegel.de\/information\/wp-content\/uploads\/2010\/12\/Forum-Advent3.jpg\"><img loading=\"lazy\" decoding=\"async\" class=\"alignnone size-thumbnail wp-image-4088\" title=\"Forum Advent3\" src=\"https:\/\/www.forum-soegel.de\/information\/wp-content\/uploads\/2010\/12\/Forum-Advent3-150x150.jpg\" alt=\"\" width=\"150\" height=\"150\" \/><\/a><\/p>\n","protected":false},"excerpt":{"rendered":"Am 4. 12. 10 nachmittags pr\u00e4sentierte sich die Zukunfts- und Geschichtswerkstatt den Mitgliedern des Forum und deren G\u00e4sten im Adventsgewand. In einem weihnachtlich geschm\u00fcckten Raum wurde bei Spekulatius, Printen und Co. den knapp 30 Damen und Herren erl\u00e4utert, was das Forum im letzten Jahr geleistet hat und was es f\u00fcrs kommende Jahr in der &#8222;Ideenkiste&#8220; [&hellip;]\n","protected":false},"author":2,"featured_media":0,"comment_status":"closed","ping_status":"closed","sticky":false,"template":"","format":"standard","meta":{"ngg_post_thumbnail":0,"footnotes":""},"categories":[5],"tags":[156],"class_list":["post-4085","post","type-post","status-publish","format-standard","hentry","category-was-machen-die-vereine","tag-forum-sogel"],"_links":{"self":[{"href":"https:\/\/www.forum-soegel.de\/information\/wp-json\/wp\/v2\/posts\/4085","targetHints":{"allow":["GET"]}}],"collection":[{"href":"https:\/\/www.forum-soegel.de\/information\/wp-json\/wp\/v2\/posts"}],"about":[{"href":"https:\/\/www.forum-soegel.de\/information\/wp-json\/wp\/v2\/types\/post"}],"author":[{"embeddable":true,"href":"https:\/\/www.forum-soegel.de\/information\/wp-json\/wp\/v2\/users\/2"}],"replies":[{"embeddable":true,"href":"https:\/\/www.forum-soegel.de\/information\/wp-json\/wp\/v2\/comments?post=4085"}],"version-history":[{"count":2,"href":"https:\/\/www.forum-soegel.de\/information\/wp-json\/wp\/v2\/posts\/4085\/revisions"}],"predecessor-version":[{"id":4090,"href":"https:\/\/www.forum-soegel.de\/information\/wp-json\/wp\/v2\/posts\/4085\/revisions\/4090"}],"wp:attachment":[{"href":"https:\/\/www.forum-soegel.de\/information\/wp-json\/wp\/v2\/media?parent=4085"}],"wp:term":[{"taxonomy":"category","embeddable":true,"href":"https:\/\/www.forum-soegel.de\/information\/wp-json\/wp\/v2\/categories?post=4085"},{"taxonomy":"post_tag","embeddable":true,"href":"https:\/\/www.forum-soegel.de\/information\/wp-json\/wp\/v2\/tags?post=4085"}],"curies":[{"name":"wp","href":"https:\/\/api.w.org\/{rel}","templated":true}]}}