{"id":4070,"date":"2011-01-01T00:35:03","date_gmt":"2010-12-31T23:35:03","guid":{"rendered":"https:\/\/www.forum-soegel.de\/information\/?p=4070"},"modified":"2010-12-28T19:42:47","modified_gmt":"2010-12-28T18:42:47","slug":"weihnachtsreiten-des-reit-und-fahrsportclub-spahn","status":"publish","type":"post","link":"https:\/\/www.forum-soegel.de\/information\/2011\/01\/weihnachtsreiten-des-reit-und-fahrsportclub-spahn\/","title":{"rendered":"Weihnachtsreiten des Reit- und Fahrsportclub Spahn"},"content":{"rendered":"<p>Am 12. Dez. fand im Reitsportzentrum &#8222;at Home Stables&#8220; das Weihnachtsreiten statt.<\/p>\n<p>Der Reit- und Fahrsportverein Spahnharrenst\u00e4tte hatte ein sehr interessantes Programm auf die Beine gestellt.<\/p>\n<p>Der Western- und Rodeo-Club H\u00fcmmling zeigte einige &#8222;Line Dance&#8220; Vorf\u00fchrungen inkl. Westernreit-Einlagen.<\/p>\n<p>Unter anderem war der Nikolaus zu Besuch. Der Nikolaus verteilte dabei S\u00fc\u00dfigkeiten an die Kinder.<\/p>\n<p>Mitglieder des Reit- und Fahrsportclubs zeigten bei diversen Vorf\u00fchrungen ihr K\u00f6nnen.<\/p>\n<p>Unter anderem wurde das M\u00e4rchen &#8222;Schneewittchen&#8220; zu Pferd vorgef\u00fchrt.<\/p>\n<p>F\u00fcr Speisen und Getr\u00e4nke hatte der Reit- und Sportclub ebenfalls gesorgt.<\/p>\n<p>Der 3. Advent-Nachmittag unter dem Motto &#8222;Weihnachtsreiten&#8220; war somit ein rundum gelungene Veranstaltungen.<\/p>\n<p>Text\/Foto: Spahnharrenst\u00e4tter Vereine<\/p>\n<p><a href=\"https:\/\/www.forum-soegel.de\/information\/wp-content\/uploads\/2010\/12\/Weichnachtsreiten-023.jpg\"><img loading=\"lazy\" decoding=\"async\" class=\"alignnone size-thumbnail wp-image-4071\" title=\"Weichnachtsreiten 023\" src=\"https:\/\/www.forum-soegel.de\/information\/wp-content\/uploads\/2010\/12\/Weichnachtsreiten-023-150x150.jpg\" alt=\"\" width=\"150\" height=\"150\" \/><\/a>\u00a0 <a href=\"https:\/\/www.forum-soegel.de\/information\/wp-content\/uploads\/2010\/12\/Weichnachtsreiten-061.jpg\"><img loading=\"lazy\" decoding=\"async\" class=\"alignnone size-thumbnail wp-image-4072\" title=\"Weichnachtsreiten 061\" src=\"https:\/\/www.forum-soegel.de\/information\/wp-content\/uploads\/2010\/12\/Weichnachtsreiten-061-150x150.jpg\" alt=\"\" width=\"150\" height=\"150\" \/><\/a><\/p>\n","protected":false},"excerpt":{"rendered":"Am 12. Dez. fand im Reitsportzentrum &#8222;at Home Stables&#8220; das Weihnachtsreiten statt. Der Reit- und Fahrsportverein Spahnharrenst\u00e4tte hatte ein sehr interessantes Programm auf die Beine gestellt. Der Western- und Rodeo-Club H\u00fcmmling zeigte einige &#8222;Line Dance&#8220; Vorf\u00fchrungen inkl. Westernreit-Einlagen. Unter anderem war der Nikolaus zu Besuch. Der Nikolaus verteilte dabei S\u00fc\u00dfigkeiten an die Kinder. Mitglieder des [&hellip;]\n","protected":false},"author":2,"featured_media":0,"comment_status":"closed","ping_status":"closed","sticky":false,"template":"","format":"standard","meta":{"ngg_post_thumbnail":0,"footnotes":""},"categories":[5],"tags":[540],"class_list":["post-4070","post","type-post","status-publish","format-standard","hentry","category-was-machen-die-vereine","tag-weihnachtsreiten"],"_links":{"self":[{"href":"https:\/\/www.forum-soegel.de\/information\/wp-json\/wp\/v2\/posts\/4070","targetHints":{"allow":["GET"]}}],"collection":[{"href":"https:\/\/www.forum-soegel.de\/information\/wp-json\/wp\/v2\/posts"}],"about":[{"href":"https:\/\/www.forum-soegel.de\/information\/wp-json\/wp\/v2\/types\/post"}],"author":[{"embeddable":true,"href":"https:\/\/www.forum-soegel.de\/information\/wp-json\/wp\/v2\/users\/2"}],"replies":[{"embeddable":true,"href":"https:\/\/www.forum-soegel.de\/information\/wp-json\/wp\/v2\/comments?post=4070"}],"version-history":[{"count":1,"href":"https:\/\/www.forum-soegel.de\/information\/wp-json\/wp\/v2\/posts\/4070\/revisions"}],"predecessor-version":[{"id":4073,"href":"https:\/\/www.forum-soegel.de\/information\/wp-json\/wp\/v2\/posts\/4070\/revisions\/4073"}],"wp:attachment":[{"href":"https:\/\/www.forum-soegel.de\/information\/wp-json\/wp\/v2\/media?parent=4070"}],"wp:term":[{"taxonomy":"category","embeddable":true,"href":"https:\/\/www.forum-soegel.de\/information\/wp-json\/wp\/v2\/categories?post=4070"},{"taxonomy":"post_tag","embeddable":true,"href":"https:\/\/www.forum-soegel.de\/information\/wp-json\/wp\/v2\/tags?post=4070"}],"curies":[{"name":"wp","href":"https:\/\/api.w.org\/{rel}","templated":true}]}}