{"id":407,"date":"2010-02-08T18:10:50","date_gmt":"2010-02-08T16:10:50","guid":{"rendered":"https:\/\/www.forum-soegel.de\/information\/?p=407"},"modified":"2010-03-17T20:45:00","modified_gmt":"2010-03-17T18:45:00","slug":"kiga-sogel-eroffnungsausstellung","status":"publish","type":"post","link":"https:\/\/www.forum-soegel.de\/information\/2010\/02\/kiga-sogel-eroffnungsausstellung\/","title":{"rendered":"KIGA S\u00f6gel &#8211; Er\u00f6ffnungsausstellung"},"content":{"rendered":"<p>\u00a0\u201eDie Verankerung der Kindertagespflege in den geschaffenen Familienzentren des Landkreises Emslandes angedockt an die Kindertagesst\u00e4tten empfinde ich als optimale L\u00f6sung und als eine gewinnbringende Kooperation\u201c, berichtete die Leiterin des Familienzentrums S\u00f6gel, Irmgard Welling, aus Ihrer bisherigen Erfahrung w\u00e4hrend der Er\u00f6ffnung der Wanderausstellung \u201eChancen durch Kindertagespflege\u201c des Nieders\u00e4chsischen Ministeriums f\u00fcr Soziales, Frauen, Familie und Gesundheit in ihrem Hause.<\/p>\n<p>Das Team des Familienzentrums wolle mit der Ausstellung zeigen, dass Kindertagespflege und Kindertagesst\u00e4tte zusammengewachsen seien und auch weiterhin wachsen werden. Bereits mehr als 40 Tagesm\u00fctter und \u2013V\u00e4ter seien in S\u00f6gel vermittelt worden. Fallbeispiele aus der Ausstellung seien auch auf S\u00f6gel \u00fcbertragbar.<\/p>\n<p>Mit dem Landesprogramm \u201eFamilien mit Zukunft \u2013 Kinder bilden und betreuen\u201c habe es sich die Landesregierung zum Ziel gemacht, die Familienfreundlichkeit in Niedersachsen zu st\u00e4rken, berichtete Dr. Gesa Schirrmacher vom Sozialministerium in ihrer Begr\u00fc\u00dfungsrede. Sie warb f\u00fcr die Betreuungsform Kindertagespflege, denn diese gewinne als gleichrangiges Betreuungsangebot neben der institutionellen Kinderbetreuung immer mehr an Bedeutung. Als neue positive Entwicklung bezeichnete sie, dass die Betreuung der Kinder in Tagespflege nun im Verantwortungsbereich der \u00f6ffentlichen Kinder- und Jugendhilfe stattfinde und dass auf die Qualit\u00e4t und die Geeignetheit von Tagespflegepersonen und R\u00e4umlichkeiten geachtet werde.<\/p>\n<p>\u201eWir im Landkreis Emsland haben die gesellschaftliche Ver\u00e4nderung fr\u00fch erkannt und setzen bereits seit geraumer Zeit auf die fr\u00fchkindliche Bildung\u201c, konnte Erster Kreisrat Reinhard Winter nicht ohne Stolz vermelden. Dabei sei insbesondere Wert auf die Betreuung f\u00fcr Kinder unter drei Jahren Wert gelegt worden. Denn die Kindertagespflege werde aufgrund der Flexibilisierung der Arbeitswelt zunehmend zum Instrument einer passgenauen Vereinbarkeit von Beruf und Familie, so Winter.<\/p>\n<p>Des Weiteren verwies er auf das Projekt \u201eAktionsprogramm Kindertagespflege\u201c des Landkreises Emsland. Ute Norder sei Ansprechpartnerin beim Landkreis Emsland f\u00fcr dieses Projekt und stehe allen Kindertageseinrichtungen zur Verf\u00fcgung.<\/p>\n<p>Musikalisch umrahmt wurde die Er\u00f6ffnungsveranstaltung von Greta Hinrichs an der Geige.<\/p>\n<div id=\"attachment_1101\" style=\"width: 310px\" class=\"wp-caption alignnone\"><a href=\"https:\/\/www.forum-soegel.de\/information\/wp-content\/uploads\/2010\/02\/KigaS\u00f6gelEr\u00f6ffnungAusstellung1.jpg\"><img loading=\"lazy\" decoding=\"async\" aria-describedby=\"caption-attachment-1101\" class=\"size-medium wp-image-1101\" title=\"KigaS\u00f6gelEr\u00f6ffnungAusstellung\" src=\"https:\/\/www.forum-soegel.de\/information\/wp-content\/uploads\/2010\/02\/KigaS\u00f6gelEr\u00f6ffnungAusstellung1-300x225.jpg\" alt=\"\" width=\"300\" height=\"225\" srcset=\"https:\/\/www.forum-soegel.de\/information\/wp-content\/uploads\/2010\/02\/KigaS\u00f6gelEr\u00f6ffnungAusstellung1-300x225.jpg 300w, https:\/\/www.forum-soegel.de\/information\/wp-content\/uploads\/2010\/02\/KigaS\u00f6gelEr\u00f6ffnungAusstellung1.jpg 1024w\" sizes=\"auto, (max-width: 300px) 100vw, 300px\" \/><\/a><p id=\"caption-attachment-1101\" class=\"wp-caption-text\">Pfarrer Bernhard Horstmann, Stellv. Gemeindedirektor Hans Nowak, Greta HinrichsDr. Gesa Schirrmann vom Nds. Sozialministerium, Erster Kreisrat Reinhard Winter, Andrea Flickner und Larissa mit Claudia Grote (Tagesm\u00fctter) und Irmgard Welling (Leiterin des Familienzentrums S\u00f6gel)<\/p><\/div>\n<p>Text\/Foto: IC<\/p>\n","protected":false},"excerpt":{"rendered":"\u00a0\u201eDie Verankerung der Kindertagespflege in den geschaffenen Familienzentren des Landkreises Emslandes angedockt an die Kindertagesst\u00e4tten empfinde ich als optimale L\u00f6sung und als eine gewinnbringende Kooperation\u201c, berichtete die Leiterin des Familienzentrums S\u00f6gel, Irmgard Welling, aus Ihrer bisherigen Erfahrung w\u00e4hrend der Er\u00f6ffnung der Wanderausstellung \u201eChancen durch Kindertagespflege\u201c des Nieders\u00e4chsischen Ministeriums f\u00fcr Soziales, Frauen, Familie und Gesundheit in [&hellip;]\n","protected":false},"author":2,"featured_media":0,"comment_status":"closed","ping_status":"closed","sticky":false,"template":"","format":"standard","meta":{"ngg_post_thumbnail":0,"footnotes":""},"categories":[3],"tags":[],"class_list":["post-407","post","type-post","status-publish","format-standard","hentry","category-aktuelles-aus-der-region"],"_links":{"self":[{"href":"https:\/\/www.forum-soegel.de\/information\/wp-json\/wp\/v2\/posts\/407","targetHints":{"allow":["GET"]}}],"collection":[{"href":"https:\/\/www.forum-soegel.de\/information\/wp-json\/wp\/v2\/posts"}],"about":[{"href":"https:\/\/www.forum-soegel.de\/information\/wp-json\/wp\/v2\/types\/post"}],"author":[{"embeddable":true,"href":"https:\/\/www.forum-soegel.de\/information\/wp-json\/wp\/v2\/users\/2"}],"replies":[{"embeddable":true,"href":"https:\/\/www.forum-soegel.de\/information\/wp-json\/wp\/v2\/comments?post=407"}],"version-history":[{"count":6,"href":"https:\/\/www.forum-soegel.de\/information\/wp-json\/wp\/v2\/posts\/407\/revisions"}],"predecessor-version":[{"id":1103,"href":"https:\/\/www.forum-soegel.de\/information\/wp-json\/wp\/v2\/posts\/407\/revisions\/1103"}],"wp:attachment":[{"href":"https:\/\/www.forum-soegel.de\/information\/wp-json\/wp\/v2\/media?parent=407"}],"wp:term":[{"taxonomy":"category","embeddable":true,"href":"https:\/\/www.forum-soegel.de\/information\/wp-json\/wp\/v2\/categories?post=407"},{"taxonomy":"post_tag","embeddable":true,"href":"https:\/\/www.forum-soegel.de\/information\/wp-json\/wp\/v2\/tags?post=407"}],"curies":[{"name":"wp","href":"https:\/\/api.w.org\/{rel}","templated":true}]}}