{"id":4068,"date":"2011-01-01T00:28:07","date_gmt":"2010-12-31T23:28:07","guid":{"rendered":"https:\/\/www.forum-soegel.de\/information\/?p=4068"},"modified":"2010-12-28T19:34:17","modified_gmt":"2010-12-28T18:34:17","slug":"verklarung-und-erhabene-raumsprache-im-emsland","status":"publish","type":"post","link":"https:\/\/www.forum-soegel.de\/information\/2011\/01\/verklarung-und-erhabene-raumsprache-im-emsland\/","title":{"rendered":"Verkl\u00e4rung und erhabene Raumsprache im Emsland"},"content":{"rendered":"<p>Kann der menschliche Geist unter dem Einflu\u00df eines Geb\u00e4udes zur Verkl\u00e4rung aufsteigen? Er kann! Wer das bezweifelt, besuche die Kirchen eines Oscar Niemeyer, den Petersdom, die Alexander Newski Kathedrale in Sofia, den Dom zu Aachen oder eine gotische Kathedrale. Man f\u00fchlt sich klein und zugleich erhoben zu einer Macht, die in ihrer Unerkl\u00e4rlichkeit Geborgenheit vermittelt. Wer eine Kirche betritt, wird von ihrem Raum angesprochen.<\/p>\n<p>Dieser r\u00e4tselhaften Wirkung von Stein, Glas, Farbe und Form versuchte das Forum S\u00f6gel nachzugehen mit seiner Ehrung des Dombaumeisters Johann Bernhard Hensen (geb. 5. 9. 1828, gest. 16. 1. 1870) unter dem Motto &#8222;Architektur pr\u00e4gt den Geist&#8220;. Eine Hensen gewidmete Ausstellung im S\u00f6geler Rathaus wurde am 7. 5. 2010 er\u00f6ffnet. (Wir berichteten dar\u00fcber.) Die Erinnerung an den Sohn S\u00f6gels wurde am Sonntag, dem 16. 5. 2010, fortgesetzt. Neben zahlreichen S\u00f6geler B\u00fcrgern erschienen dankenswerterweise Repr\u00e4sentanten vieler Gemeinden, in denen Hensen Kirchen errichtet hat.<\/p>\n<p>In der Kirche S\u00f6gels, die zweifellos ein erhebender H\u00f6hepunkt des hensenschen Schaffens ist, zeigte eine kleine Videoschau Ereignisse\u00a0 in und um dieses Gotteshaus. Daran schlo\u00df sich ein nachdenklicher und analytischer\u00a0 Vortrag von Pfarrer Bernhard Horstmann unter der Thematik &#8222;Architektur in Spannung zu Geschichte und Gegenwart&#8220; an. Er ging auf den m\u00fchsamen Weg der Vergegenw\u00e4rtigung der Sprache des Raums ein. Dieser Vortrag \u00fcber den Kirchenraum als geistigen Raum, der Halt und Geborgenheit gegen\u00fcber den Wirrnissen drau\u00dfen mit einer einladenden Raumsprache gibt, dieser Vortrag ebnete den genannten m\u00fchsamen Weg f\u00fcr den Zuh\u00f6rer. &#8211; Auf gleichem hohem sowie ansprechendem Niveau wie der Vortrag bewegte\u00a0 sich die optische Anmutung von Andreas\u00a0 Sch\u00fcring. Er hatte mit einer beeindruckenden Lichtbildersequenz Details der S\u00f6geler Kirche zusammengestellt, die in eine Luftschau des Geb\u00e4udes m\u00fcndete. Diese Bilder des und im Gotteshaus stimmten and\u00e4chtig. Sie wurden intensiviert und\u00a0 gingen besonders zu Herzen durch das begleitende Orgelspiel von Werner Sch\u00fcler. Zuletzt stimmte die Gemeinde zum Thema passend das Lied an &#8222;Ein Haus voller Glorie schauet weit \u00fcber alle Lande&#8220; mit dem Endvers &#8222;Dich, Gott, wir preisen dich. Oh la\u00df im Hause dein uns all geborgen sein&#8220;.<\/p>\n<p>Nachdem der Forumsvorsitzende Bernd Schulte sich bei allen bedankt hatte, lud er in die Geschichts- und Zukunftswerkstatt sowie die Ausstellung im Rathaus ein. Bei Kaffee und Geb\u00e4ck referierte Bernd Schulte in der Werkstatt \u00fcber Johann Bernhard Hensen und sein Lebensumfeld anhand der Exponate, w\u00e4hrend der Heimatforscher Heinz Schmees im Rathaus die dortige Ausstellung fachkundig und lebendig erl\u00e4uterte.<\/p>\n<p>Den Abschlu\u00df bildete ein gem\u00fctliches Beisammensein bei einem Imbi\u00df im Heimathaus. Man lie\u00df den Nachmittag Revue passieren, dr\u00fcckte seine Zufriedenheit aus und hatte auch gen\u00fcgend Zeit zum Proaten und Einander-n\u00e4her-Kommen. Nach dem Weg \u00fcber Erhabenheit fand man zum\u00a0 Miteinander, was nicht die schlechteste Form einer auf menschliches Ma\u00df zur\u00fcckgef\u00fchrten Erhabenheit ist.<\/p>\n<p>Nach der Verkl\u00e4rung, die man beim Betreten der Gottesh\u00e4user Hensens empfindet, wenn man nur bereit ist, seine Seele zu \u00f6ffnen, bildete die gesamte Ehrung Hensens und seines Werkes einen geistigen, sozialen, menschlichen und heimatverbundenen H\u00f6hepunkt. Wenn Architektur den Geist pr\u00e4gt und die vielf\u00e4ltigen Ehrungen Hensens am 7. und 16. 5. 2010 auf sein Werk verweisen, dann haben die Bem\u00fchungen des Forum S\u00f6gel und der vielen Helfer ihren Zweck erf\u00fcllt.<\/p>\n<p>Text: Uwe M\u00fcller<\/p>\n","protected":false},"excerpt":{"rendered":"Kann der menschliche Geist unter dem Einflu\u00df eines Geb\u00e4udes zur Verkl\u00e4rung aufsteigen? Er kann! Wer das bezweifelt, besuche die Kirchen eines Oscar Niemeyer, den Petersdom, die Alexander Newski Kathedrale in Sofia, den Dom zu Aachen oder eine gotische Kathedrale. Man f\u00fchlt sich klein und zugleich erhoben zu einer Macht, die in ihrer Unerkl\u00e4rlichkeit Geborgenheit vermittelt. [&hellip;]\n","protected":false},"author":2,"featured_media":0,"comment_status":"closed","ping_status":"closed","sticky":false,"template":"","format":"standard","meta":{"ngg_post_thumbnail":0,"footnotes":""},"categories":[5],"tags":[156],"class_list":["post-4068","post","type-post","status-publish","format-standard","hentry","category-was-machen-die-vereine","tag-forum-sogel"],"_links":{"self":[{"href":"https:\/\/www.forum-soegel.de\/information\/wp-json\/wp\/v2\/posts\/4068","targetHints":{"allow":["GET"]}}],"collection":[{"href":"https:\/\/www.forum-soegel.de\/information\/wp-json\/wp\/v2\/posts"}],"about":[{"href":"https:\/\/www.forum-soegel.de\/information\/wp-json\/wp\/v2\/types\/post"}],"author":[{"embeddable":true,"href":"https:\/\/www.forum-soegel.de\/information\/wp-json\/wp\/v2\/users\/2"}],"replies":[{"embeddable":true,"href":"https:\/\/www.forum-soegel.de\/information\/wp-json\/wp\/v2\/comments?post=4068"}],"version-history":[{"count":1,"href":"https:\/\/www.forum-soegel.de\/information\/wp-json\/wp\/v2\/posts\/4068\/revisions"}],"predecessor-version":[{"id":4069,"href":"https:\/\/www.forum-soegel.de\/information\/wp-json\/wp\/v2\/posts\/4068\/revisions\/4069"}],"wp:attachment":[{"href":"https:\/\/www.forum-soegel.de\/information\/wp-json\/wp\/v2\/media?parent=4068"}],"wp:term":[{"taxonomy":"category","embeddable":true,"href":"https:\/\/www.forum-soegel.de\/information\/wp-json\/wp\/v2\/categories?post=4068"},{"taxonomy":"post_tag","embeddable":true,"href":"https:\/\/www.forum-soegel.de\/information\/wp-json\/wp\/v2\/tags?post=4068"}],"curies":[{"name":"wp","href":"https:\/\/api.w.org\/{rel}","templated":true}]}}