{"id":4053,"date":"2011-01-01T00:09:54","date_gmt":"2010-12-31T23:09:54","guid":{"rendered":"https:\/\/www.forum-soegel.de\/information\/?p=4053"},"modified":"2010-12-28T19:13:08","modified_gmt":"2010-12-28T18:13:08","slug":"%e2%80%9ejugend-forscht%e2%80%9c","status":"publish","type":"post","link":"https:\/\/www.forum-soegel.de\/information\/2011\/01\/%e2%80%9ejugend-forscht%e2%80%9c\/","title":{"rendered":"\u201eJugend forscht\u201c"},"content":{"rendered":"<p>So k\u00f6nnte man es zusammenfassen, was zurzeit Schulklassen und Kindergartengruppen Tag f\u00fcr Tag in der \u201eGeschichts- und Zukunftswerkstatt\u201c des Forum S\u00f6gel e.V. erleben.<\/p>\n<p>Nach der offiziellen Er\u00f6ffnung der Ausstellung rundum das Thema \u201eWald\u201c im Kreise der Vereinsmitglieder des Forums besteht nun bis Weihnachten f\u00fcr alle Besucher die M\u00f6glichkeit, den Wald und seine B\u00e4ume im wahrsten Sinne der Worte zu erarbeiten und zu begreifen.<\/p>\n<p>Bernd Schulte, der das Konzept f\u00fcr den Lern-Parcours entwickelt hat, sagt dazu: \u201cDer Wald hat fundamentale Bedeutung f\u00fcr den H\u00fcmmling. Vor 150 Jahren war er durch Menschenhand fast vollst\u00e4ndig verschwunden. Dank der Initiative des Herzogs von Arenberg geh\u00f6rt die Region heute zu den waldreichsten in ganz Nordwestdeutschland.\u201c Die Werkstatt w\u00fcrde ihrem Namen \u201eGeschichts- und Zukunftswerkstatt\u201c nicht gerecht, wenn in diesem Zusammenhang nicht auf die zuk\u00fcnftigen Folgen von einseitigen Eingriffen in die Natur hingewiesen w\u00fcrde.<\/p>\n<p>Boden-Analysen, Baumarten, Bl\u00e4tter und Fr\u00fcchte bestimmen, Fachliteratur sichten: das sind nur einige Stationen des Lern- und Erlebnisparcours.<\/p>\n<p>Zeitgleich mit der Er\u00f6ffnung der Waldausstellung wurde auch die zusammengefasste geschichtliche Literatursammlung ihrer Bestimmung \u00fcbergeben. Zusammengefasst deswegen, weil nun die regionalgeschichtlichen Werke des Heimatvereins S\u00f6gel, der Katholischen \u00f6ffentlichen B\u00fccherei(K\u00f6B) sowie des Forums unter einem Dach zusammengetragen sind und f\u00fcr jeden Interessierten zur Verf\u00fcgung stehen. Wer also zum Beispiel die Chronik seines Dorfes einsehen m\u00f6chte ist herzlich willkommen in den R\u00e4umen des Bildungszentrums S\u00f6gel in der Sigiltrastra\u00dfe 10a.<\/p>\n<p>Text: IC<\/p>\n","protected":false},"excerpt":{"rendered":"So k\u00f6nnte man es zusammenfassen, was zurzeit Schulklassen und Kindergartengruppen Tag f\u00fcr Tag in der \u201eGeschichts- und Zukunftswerkstatt\u201c des Forum S\u00f6gel e.V. erleben. Nach der offiziellen Er\u00f6ffnung der Ausstellung rundum das Thema \u201eWald\u201c im Kreise der Vereinsmitglieder des Forums besteht nun bis Weihnachten f\u00fcr alle Besucher die M\u00f6glichkeit, den Wald und seine B\u00e4ume im wahrsten [&hellip;]\n","protected":false},"author":2,"featured_media":0,"comment_status":"closed","ping_status":"closed","sticky":false,"template":"","format":"standard","meta":{"ngg_post_thumbnail":0,"footnotes":""},"categories":[5],"tags":[156,43],"class_list":["post-4053","post","type-post","status-publish","format-standard","hentry","category-was-machen-die-vereine","tag-forum-sogel","tag-jugend-forscht"],"_links":{"self":[{"href":"https:\/\/www.forum-soegel.de\/information\/wp-json\/wp\/v2\/posts\/4053","targetHints":{"allow":["GET"]}}],"collection":[{"href":"https:\/\/www.forum-soegel.de\/information\/wp-json\/wp\/v2\/posts"}],"about":[{"href":"https:\/\/www.forum-soegel.de\/information\/wp-json\/wp\/v2\/types\/post"}],"author":[{"embeddable":true,"href":"https:\/\/www.forum-soegel.de\/information\/wp-json\/wp\/v2\/users\/2"}],"replies":[{"embeddable":true,"href":"https:\/\/www.forum-soegel.de\/information\/wp-json\/wp\/v2\/comments?post=4053"}],"version-history":[{"count":1,"href":"https:\/\/www.forum-soegel.de\/information\/wp-json\/wp\/v2\/posts\/4053\/revisions"}],"predecessor-version":[{"id":4054,"href":"https:\/\/www.forum-soegel.de\/information\/wp-json\/wp\/v2\/posts\/4053\/revisions\/4054"}],"wp:attachment":[{"href":"https:\/\/www.forum-soegel.de\/information\/wp-json\/wp\/v2\/media?parent=4053"}],"wp:term":[{"taxonomy":"category","embeddable":true,"href":"https:\/\/www.forum-soegel.de\/information\/wp-json\/wp\/v2\/categories?post=4053"},{"taxonomy":"post_tag","embeddable":true,"href":"https:\/\/www.forum-soegel.de\/information\/wp-json\/wp\/v2\/tags?post=4053"}],"curies":[{"name":"wp","href":"https:\/\/api.w.org\/{rel}","templated":true}]}}