{"id":4051,"date":"2011-01-01T00:05:03","date_gmt":"2010-12-31T23:05:03","guid":{"rendered":"https:\/\/www.forum-soegel.de\/information\/?p=4051"},"modified":"2010-12-28T19:09:46","modified_gmt":"2010-12-28T18:09:46","slug":"kurzer-ruckblick-auf-das-forumjahr-2010","status":"publish","type":"post","link":"https:\/\/www.forum-soegel.de\/information\/2011\/01\/kurzer-ruckblick-auf-das-forumjahr-2010\/","title":{"rendered":"Kurzer R\u00fcckblick auf das Forumjahr 2010"},"content":{"rendered":"<p>Das Forum S\u00f6gel e. V. ist, man kann es nicht oft genug wiederholen, Tr\u00e4ger zweier Institutionen: der Zeitschrift \u201e Informationen f\u00fcr S\u00f6gel und Umgebung (IfS)\u201c sowie der Geschichts- und Zukunftswerkstatt. Beide sind inzwischen Teil der geistigen und sozialen Ausstattung von S\u00f6gel und Umgebung geworden, deshalb ganz bewu\u00dft auch der Ausdruck \u201eInstitutionen\u201c. \u00dcber die IfS braucht nicht viel berichtet zu werden, da sie Ihnen gut bekannt sind. Sie existieren ebenso wie die Geschichtswerkstatt bereits l\u00e4nger. Gleichwohl ist es erstaunlich, welchen Aufschwung das Forum S\u00f6gel seit seinem Dasein (gut 2,5 Jahre) genommen hat. Die Macher des Forums k\u00f6nnen es oft selbst nicht glauben, zumal IfS und Geschichtswerkstatt auch vorher schon ihren festen Rang in S\u00f6gel hatten. (Nichts ist eben so erfolgreich wie der Erfolg.) Wu\u00dften Sie z. B., da\u00df die Geschichtswerkstatt im Jahr 2010 &#8211; wie auch zuvor &#8211; nicht nur<\/p>\n<p>Einzelpersonen mit der hiesigen Heimat vertraut gemacht hat, sondern viele Gruppen empfangen hat? Einer gro\u00dfen Zahl von Schulklassen und Kindergartengruppen &#8211; alleine im Dezember ca. 10 &#8211; wurde mit p\u00e4dagogisch-spannenden Lernspielen verdeutlicht, was Emsland, H\u00fcmmling und S\u00f6gel sowie Umgebung zu bedeuten haben. Die Universit\u00e4t Vechta \u00fcbergab im Rathaus einen Zwischenbericht zur Forschung \u00fcber Migration im Emsland nach dem 2. Weltkrieg. Diese Forschung f\u00fchrt die Uni zusammen mit dem Forum unterst\u00fctzt vom Heimatforscher Heinz Schmees durch. Der Kirchenchor Spahnharrenst\u00e4tte und Heimatvereine benachbarter Orte lie\u00dfen sich mit gro\u00dfem Interesse durch die Werkstatt f\u00fchren. Der Rotary Club und der Verein f\u00fcr emsl\u00e4ndische Geschichte zollten mit ihrem Besuch Anerkennung. Unbedingt genannt werden mu\u00df die Mitmachausstellung im Dezember \u00fcber den H\u00fcmmlinger Wald mit seiner Bedeutung f\u00fcr Regionalgeschichte, Wirtschaft und B\u00f6den. &#8211; Sollten Sie diese Sonderausstellung vers\u00e4umt haben, dann ist das zwar schade, jedoch keine Angst, es geht im Jahr 2011 weiter mit heimatkundlichen \u201eExtratouren\u201c, die zeigen, wie sch\u00f6n und spannend Lernen sein kann.<\/p>\n<p>Zwei ganz besondere Veranstaltungen des Forums verdienen, wie die Waldausstellung hervorgehoben zu werden: Die Projektwoche \u201eZukunft\u201c mit mehreren Schulklassen und namhaften Dozenten sowie die zweiteilige Hensenausstellung. Wegen der besonderen und \u00fcberregionalen Bedeutung des S\u00f6geler Dombaumeisters sei ihm und der Ausstellung ein ausf\u00fchrlicher Artikel gewidmet.<\/p>\n<p>Text.: Uwe M\u00fcller<\/p>\n","protected":false},"excerpt":{"rendered":"Das Forum S\u00f6gel e. V. ist, man kann es nicht oft genug wiederholen, Tr\u00e4ger zweier Institutionen: der Zeitschrift \u201e Informationen f\u00fcr S\u00f6gel und Umgebung (IfS)\u201c sowie der Geschichts- und Zukunftswerkstatt. Beide sind inzwischen Teil der geistigen und sozialen Ausstattung von S\u00f6gel und Umgebung geworden, deshalb ganz bewu\u00dft auch der Ausdruck \u201eInstitutionen\u201c. \u00dcber die IfS braucht [&hellip;]\n","protected":false},"author":2,"featured_media":0,"comment_status":"closed","ping_status":"closed","sticky":false,"template":"","format":"standard","meta":{"ngg_post_thumbnail":0,"footnotes":""},"categories":[5],"tags":[156],"class_list":["post-4051","post","type-post","status-publish","format-standard","hentry","category-was-machen-die-vereine","tag-forum-sogel"],"_links":{"self":[{"href":"https:\/\/www.forum-soegel.de\/information\/wp-json\/wp\/v2\/posts\/4051","targetHints":{"allow":["GET"]}}],"collection":[{"href":"https:\/\/www.forum-soegel.de\/information\/wp-json\/wp\/v2\/posts"}],"about":[{"href":"https:\/\/www.forum-soegel.de\/information\/wp-json\/wp\/v2\/types\/post"}],"author":[{"embeddable":true,"href":"https:\/\/www.forum-soegel.de\/information\/wp-json\/wp\/v2\/users\/2"}],"replies":[{"embeddable":true,"href":"https:\/\/www.forum-soegel.de\/information\/wp-json\/wp\/v2\/comments?post=4051"}],"version-history":[{"count":1,"href":"https:\/\/www.forum-soegel.de\/information\/wp-json\/wp\/v2\/posts\/4051\/revisions"}],"predecessor-version":[{"id":4052,"href":"https:\/\/www.forum-soegel.de\/information\/wp-json\/wp\/v2\/posts\/4051\/revisions\/4052"}],"wp:attachment":[{"href":"https:\/\/www.forum-soegel.de\/information\/wp-json\/wp\/v2\/media?parent=4051"}],"wp:term":[{"taxonomy":"category","embeddable":true,"href":"https:\/\/www.forum-soegel.de\/information\/wp-json\/wp\/v2\/categories?post=4051"},{"taxonomy":"post_tag","embeddable":true,"href":"https:\/\/www.forum-soegel.de\/information\/wp-json\/wp\/v2\/tags?post=4051"}],"curies":[{"name":"wp","href":"https:\/\/api.w.org\/{rel}","templated":true}]}}