{"id":40380,"date":"2025-11-01T15:42:04","date_gmt":"2025-11-01T14:42:04","guid":{"rendered":"https:\/\/www.forum-soegel.de\/information\/?p=40380"},"modified":"2025-12-02T15:42:50","modified_gmt":"2025-12-02T14:42:50","slug":"waldjugendspiele-an-der-grundschule-sued-huemmling","status":"publish","type":"post","link":"https:\/\/www.forum-soegel.de\/information\/2025\/11\/waldjugendspiele-an-der-grundschule-sued-huemmling\/","title":{"rendered":"Waldjugendspiele an der Grundschule S\u00fcd-H\u00fcmmling"},"content":{"rendered":"\n<p>Klein Ber\u00dfen &#8211; Am Dienstag, dem 7. Oktober 2025 fanden an der Grundschule S\u00fcd-H\u00fcmmling die Waldjugendspiele f\u00fcr die Schuljahrg\u00e4nge 3 und 4 statt, die alle zwei Jahre mit einigen J\u00e4gern aus der Schulgemeinschaft geplant und durchgef\u00fchrt werden. Im Vorfeld wurde unser Fachkonferenzleiter Sachunterricht Herr Gappel bei der Planung der Stationen im neu ausgew\u00e4hlten Waldgebiet \u201eAm Aschgarten\u201c von Herrn Beelmann tatkr\u00e4ftig unterst\u00fctzt.<\/p>\n\n\n\n<p>Einen ganzen Vormittag verbrachten die Sch\u00fclerinnen und Sch\u00fcler der Klassen 3 und 4 im Wald und l\u00f6sten in klassen- und jahrgangs\u00fcbergreifenden Teams verschiedene theoretische und praktische Aufgaben. Sie konnten Aufgaben zu den Verhaltensregeln im Wald, den Baumarten und Stockwerken des Waldes praxisnah l\u00f6sen und lernten von den Experten einiges \u00fcber Hochsitze und Wildkameras. Am Waldmobil der J\u00e4gerschaft bestimmten die Sch\u00fclerinnen und Sch\u00fcler zahlreiche Tiere unseres heimischen Waldes.<\/p>\n\n\n\n<p>Am Projekttag selbst waren Herr Kleimann, Herr Schleper, Herr Beelmann und Herr Sandmann als J\u00e4ger aktiv dabei. Zur Freude der Kinder wurden zwei J\u00e4ger von ihren Jagdhunden \u201eSenta\u201c und \u201ePrimus\u201c begleitet. Zudem unterst\u00fctzten uns einige Eltern aus der Schulgemeinschaft, indem sie die Sch\u00fclerinnen und Sch\u00fcler in Kleingruppen durch den Wald begleiteten, w\u00e4hrend die Lehrkr\u00e4fte einzelne Stationen betreuten.<\/p>\n\n\n\n<p>Allen Helferinnen und Helfern ein gro\u00dfes Dankesch\u00f6n!<\/p>\n\n\n\n<p>Text: Lea Hensen und Matthias Wraga<\/p>\n","protected":false},"excerpt":{"rendered":"Klein Ber\u00dfen &#8211; Am Dienstag, dem 7. Oktober 2025 fanden an der Grundschule S\u00fcd-H\u00fcmmling die Waldjugendspiele f\u00fcr die Schuljahrg\u00e4nge 3 und 4 statt, die alle zwei Jahre mit einigen J\u00e4gern aus der Schulgemeinschaft geplant und durchgef\u00fchrt werden. Im Vorfeld wurde unser Fachkonferenzleiter Sachunterricht Herr Gappel bei der Planung der Stationen im neu ausgew\u00e4hlten Waldgebiet \u201eAm [&hellip;]\n","protected":false},"author":2,"featured_media":0,"comment_status":"closed","ping_status":"closed","sticky":false,"template":"","format":"standard","meta":{"ngg_post_thumbnail":0,"footnotes":""},"categories":[6],"tags":[],"class_list":["post-40380","post","type-post","status-publish","format-standard","hentry","category-aus-der-schule-geplaudert"],"_links":{"self":[{"href":"https:\/\/www.forum-soegel.de\/information\/wp-json\/wp\/v2\/posts\/40380","targetHints":{"allow":["GET"]}}],"collection":[{"href":"https:\/\/www.forum-soegel.de\/information\/wp-json\/wp\/v2\/posts"}],"about":[{"href":"https:\/\/www.forum-soegel.de\/information\/wp-json\/wp\/v2\/types\/post"}],"author":[{"embeddable":true,"href":"https:\/\/www.forum-soegel.de\/information\/wp-json\/wp\/v2\/users\/2"}],"replies":[{"embeddable":true,"href":"https:\/\/www.forum-soegel.de\/information\/wp-json\/wp\/v2\/comments?post=40380"}],"version-history":[{"count":1,"href":"https:\/\/www.forum-soegel.de\/information\/wp-json\/wp\/v2\/posts\/40380\/revisions"}],"predecessor-version":[{"id":40381,"href":"https:\/\/www.forum-soegel.de\/information\/wp-json\/wp\/v2\/posts\/40380\/revisions\/40381"}],"wp:attachment":[{"href":"https:\/\/www.forum-soegel.de\/information\/wp-json\/wp\/v2\/media?parent=40380"}],"wp:term":[{"taxonomy":"category","embeddable":true,"href":"https:\/\/www.forum-soegel.de\/information\/wp-json\/wp\/v2\/categories?post=40380"},{"taxonomy":"post_tag","embeddable":true,"href":"https:\/\/www.forum-soegel.de\/information\/wp-json\/wp\/v2\/tags?post=40380"}],"curies":[{"name":"wp","href":"https:\/\/api.w.org\/{rel}","templated":true}]}}