{"id":40377,"date":"2025-11-01T15:40:07","date_gmt":"2025-11-01T14:40:07","guid":{"rendered":"https:\/\/www.forum-soegel.de\/information\/?p=40377"},"modified":"2025-12-02T15:41:57","modified_gmt":"2025-12-02T14:41:57","slug":"klassentreffen-50-jahre-nach-schulentlassung-aus-der-realschule-soegel","status":"publish","type":"post","link":"https:\/\/www.forum-soegel.de\/information\/2025\/11\/klassentreffen-50-jahre-nach-schulentlassung-aus-der-realschule-soegel\/","title":{"rendered":"Klassentreffen 50 Jahre nach Schulentlassung aus der Realschule S\u00f6gel"},"content":{"rendered":"\n<p>32 von 75 ehemaligen Realsch\u00fclern aus dem dreiz\u00fcgigen Abschlussjahrgang 1975 kamen zu einem Klassentreffen in S\u00f6gel wieder zusammen. Erste Anlaufstelle war am Nachmittag das ehemalige Realschulgeb\u00e4ude, wo das Organisationsteam mit Bernd Norda, Anita Geers, Heinrich Timmermann, Renate Albers und Gisela Arling sie in Empfang nahm und zu Kaffee und Geb\u00e4ck einlud.<\/p>\n\n\n\n<p>Gro\u00df war die Freude auch \u00fcber das Wiedersehen mit ihrem einstigen Klassenlehrer Heiner Wellenbrock, der vieles an Erinnerungen beisteuerte. Der ebenfalls eingeladene Klassenlehrer Wolfgang Hoffmann, der an diesem Tag nicht anwesend sein konnte, hatte dem Orga-Team eine von ihm erstellte Fotosammlung von einer Klassenfahrt nach Rotenburg zur Verf\u00fcgung gestellt und lie\u00df seine besten Gr\u00fc\u00dfe an die Ehemaligen ausrichten.<\/p>\n\n\n\n<p>Bernd Norda gedachte in seiner Begr\u00fc\u00dfungsansprache auch der inzwischen verstorbenen Klassenkameraden sowie ihrem damaligen Schulleiter und Klassenlehrer Kurt Grie\u00df. \u201eVor zehn Jahren hat unser erstes Klassentreffen nach der Schulentlassung stattgefunden. Wir freuen uns, dass wir heute auch einige ehemalige Mitsch\u00fcler begr\u00fc\u00dfen k\u00f6nnen, die wir hier nach 50 Jahren zum ersten Mal wiedersehen\u201c, sagte Bernd Norda.<\/p>\n\n\n\n<p>Beim anschlie\u00dfenden Rundgang durch die alte Wirkungsst\u00e4tte erfuhren die Ehemaligen von den inzwischen ver\u00e4nderten Schulstrukturen. Die damalige Realschule stellt seit 2012 die Nebenstelle der heutigen Oberschule \u2013 Schule am Schloss \u2013 dar, wo die Jahrgangsstufen 9 und 10 unterrichtet werden. Zudem sind dort seit 2015 einige Klassen der Von-Velen-Schule (Tagesbildungsst\u00e4tte des Lukas-Heims Papenburg) untergebracht. Das Hauptgeb\u00e4ude der Oberschule mit den Jahrg\u00e4ngen 5 \u2013 8 befindet sich in der ehemaligen Orientierungsstufe S\u00f6gel. Schulleiterin der Oberschule ist Maria Lau, die ebenfalls ihre Gr\u00fc\u00dfe \u00fcbermitteln lie\u00df.<\/p>\n\n\n\n<p>Reger Gedankenaustausch herrschte sodann beim Betreten der ehemaligen Klassenr\u00e4ume, die von den einstigen Sch\u00fclern sofort wiedererkannt wurden. Statt gr\u00fcne Kreidetafeln entdeckten sie dort nun moderne Whiteboards, Tablets und Spinning-R\u00e4der und erfuhren vom digitalen Klassenbuch. Auch Inklusion und Schulmensa waren damals noch kein Thema.<\/p>\n\n\n\n<p>Nach einem gemeinsamen Abendessen bei der Einrichtung A &amp; W in S\u00f6gel lie\u00dfen die Ehemaligen die Wiedersehensfeier mit einer Pr\u00e4sentation alter Schulfotos und regem Austausch ausklingen.<\/p>\n\n\n\n<p>Text: Gisela Arling<\/p>\n\n\n\n<p>Foto: Stefanie Olliges<\/p>\n\n\n\n<figure data-wp-context=\"{&quot;imageId&quot;:&quot;69f54f9381330&quot;}\" data-wp-interactive=\"core\/image\" data-wp-key=\"69f54f9381330\" class=\"wp-block-image size-large wp-lightbox-container\"><img loading=\"lazy\" decoding=\"async\" width=\"1024\" height=\"714\" data-wp-class--hide=\"state.isContentHidden\" data-wp-class--show=\"state.isContentVisible\" data-wp-init=\"callbacks.setButtonStyles\" data-wp-on--click=\"actions.showLightbox\" data-wp-on--load=\"callbacks.setButtonStyles\" data-wp-on-window--resize=\"callbacks.setButtonStyles\" src=\"https:\/\/www.forum-soegel.de\/information\/wp-content\/uploads\/2025\/12\/Klassentreffen-nah-50-Jahren-Realschule-1024x714.jpg\" alt=\"\" class=\"wp-image-40378\" srcset=\"https:\/\/www.forum-soegel.de\/information\/wp-content\/uploads\/2025\/12\/Klassentreffen-nah-50-Jahren-Realschule-1024x714.jpg 1024w, https:\/\/www.forum-soegel.de\/information\/wp-content\/uploads\/2025\/12\/Klassentreffen-nah-50-Jahren-Realschule-300x209.jpg 300w, https:\/\/www.forum-soegel.de\/information\/wp-content\/uploads\/2025\/12\/Klassentreffen-nah-50-Jahren-Realschule-768x536.jpg 768w, https:\/\/www.forum-soegel.de\/information\/wp-content\/uploads\/2025\/12\/Klassentreffen-nah-50-Jahren-Realschule-1536x1071.jpg 1536w, https:\/\/www.forum-soegel.de\/information\/wp-content\/uploads\/2025\/12\/Klassentreffen-nah-50-Jahren-Realschule-2048x1429.jpg 2048w\" sizes=\"auto, (max-width: 1024px) 100vw, 1024px\" \/><button\n\t\t\tclass=\"lightbox-trigger\"\n\t\t\ttype=\"button\"\n\t\t\taria-haspopup=\"dialog\"\n\t\t\taria-label=\"Vergr\u00f6\u00dfern\"\n\t\t\tdata-wp-init=\"callbacks.initTriggerButton\"\n\t\t\tdata-wp-on--click=\"actions.showLightbox\"\n\t\t\tdata-wp-style--right=\"state.imageButtonRight\"\n\t\t\tdata-wp-style--top=\"state.imageButtonTop\"\n\t\t>\n\t\t\t<svg xmlns=\"http:\/\/www.w3.org\/2000\/svg\" width=\"12\" height=\"12\" fill=\"none\" viewBox=\"0 0 12 12\">\n\t\t\t\t<path fill=\"#fff\" d=\"M2 0a2 2 0 0 0-2 2v2h1.5V2a.5.5 0 0 1 .5-.5h2V0H2Zm2 10.5H2a.5.5 0 0 1-.5-.5V8H0v2a2 2 0 0 0 2 2h2v-1.5ZM8 12v-1.5h2a.5.5 0 0 0 .5-.5V8H12v2a2 2 0 0 1-2 2H8Zm2-12a2 2 0 0 1 2 2v2h-1.5V2a.5.5 0 0 0-.5-.5H8V0h2Z\" \/>\n\t\t\t<\/svg>\n\t\t<\/button><figcaption class=\"wp-element-caption\">Nach einem halben Jahrhundert platzierten sich die einstigen Realsch\u00fcler noch einmal mit Klassenlehrer Heiner Wellenbrock (Zweiter von links in der vorderen Reihe) vor ihrer alten Schule. Nicht mit auf dem Foto: Arnold Welling u. Heinz M\u00fcller (kamen sp\u00e4ter dazu)<\/figcaption><\/figure>\n","protected":false},"excerpt":{"rendered":"32 von 75 ehemaligen Realsch\u00fclern aus dem dreiz\u00fcgigen Abschlussjahrgang 1975 kamen zu einem Klassentreffen in S\u00f6gel wieder zusammen. Erste Anlaufstelle war am Nachmittag das ehemalige Realschulgeb\u00e4ude, wo das Organisationsteam mit Bernd Norda, Anita Geers, Heinrich Timmermann, Renate Albers und Gisela Arling sie in Empfang nahm und zu Kaffee und Geb\u00e4ck einlud. Gro\u00df war die Freude [&hellip;]\n","protected":false},"author":2,"featured_media":0,"comment_status":"closed","ping_status":"closed","sticky":false,"template":"","format":"standard","meta":{"ngg_post_thumbnail":0,"footnotes":""},"categories":[6],"tags":[],"class_list":["post-40377","post","type-post","status-publish","format-standard","hentry","category-aus-der-schule-geplaudert"],"_links":{"self":[{"href":"https:\/\/www.forum-soegel.de\/information\/wp-json\/wp\/v2\/posts\/40377","targetHints":{"allow":["GET"]}}],"collection":[{"href":"https:\/\/www.forum-soegel.de\/information\/wp-json\/wp\/v2\/posts"}],"about":[{"href":"https:\/\/www.forum-soegel.de\/information\/wp-json\/wp\/v2\/types\/post"}],"author":[{"embeddable":true,"href":"https:\/\/www.forum-soegel.de\/information\/wp-json\/wp\/v2\/users\/2"}],"replies":[{"embeddable":true,"href":"https:\/\/www.forum-soegel.de\/information\/wp-json\/wp\/v2\/comments?post=40377"}],"version-history":[{"count":1,"href":"https:\/\/www.forum-soegel.de\/information\/wp-json\/wp\/v2\/posts\/40377\/revisions"}],"predecessor-version":[{"id":40379,"href":"https:\/\/www.forum-soegel.de\/information\/wp-json\/wp\/v2\/posts\/40377\/revisions\/40379"}],"wp:attachment":[{"href":"https:\/\/www.forum-soegel.de\/information\/wp-json\/wp\/v2\/media?parent=40377"}],"wp:term":[{"taxonomy":"category","embeddable":true,"href":"https:\/\/www.forum-soegel.de\/information\/wp-json\/wp\/v2\/categories?post=40377"},{"taxonomy":"post_tag","embeddable":true,"href":"https:\/\/www.forum-soegel.de\/information\/wp-json\/wp\/v2\/tags?post=40377"}],"curies":[{"name":"wp","href":"https:\/\/api.w.org\/{rel}","templated":true}]}}