{"id":40366,"date":"2025-11-01T15:34:36","date_gmt":"2025-11-01T14:34:36","guid":{"rendered":"https:\/\/www.forum-soegel.de\/information\/?p=40366"},"modified":"2025-12-02T15:39:59","modified_gmt":"2025-12-02T14:39:59","slug":"fair-handeln-vielfalt-erleben","status":"publish","type":"post","link":"https:\/\/www.forum-soegel.de\/information\/2025\/11\/fair-handeln-vielfalt-erleben\/","title":{"rendered":"\u201eFair handeln \u2013 Vielfalt erleben\u201c"},"content":{"rendered":"\n<p><strong>Erfolgreiches Marktfr\u00fchst\u00fcck zum Auftakt der Fairen Woche in S\u00f6gel<\/strong><\/p>\n\n\n\n<p>S\u00f6gel &#8211; Unter dem Motto&nbsp;\u201eFair handeln \u2013 Vielfalt erleben\u201c&nbsp;fand auf dem S\u00f6geler Marktplatz das beliebte&nbsp;Faire Marktfr\u00fchst\u00fcck&nbsp;statt \u2013 ein gelungener Auftakt zur bundesweiten Fairen Woche 2025, wie viele Besucher feststellten. Die Veranstaltung war ein gemeinschaftliches Projekt der&nbsp;Steuergruppe Fairtrade Town S\u00f6gel, des&nbsp;Weltladens S\u00f6gel und des&nbsp;H\u00fcmmling-Gymnasiums, unterst\u00fctzt von&nbsp;Rosi H\u00f6lscher&nbsp;von der Kirchengemeinde St. Jakobus und&nbsp;Marktleiter Paul Bongart. Neben einem reichhaltigen Fr\u00fchst\u00fccksangebot aus&nbsp;fair gehandelten&nbsp;und&nbsp;regionalen Produkten&nbsp;\u2013 darunter Baguettes von Anneken aus Werpeloh, K\u00e4se, Aufschnitt, Fisch, Marmelade, Honig, Eier, Gem\u00fcse sowie Tee, Kaffee und Orangensaft aus dem Weltladen \u2013 sorgte auch das&nbsp;sonnige Herbstwetter&nbsp;f\u00fcr eine rundum angenehme Atmosph\u00e4re. Auch&nbsp;Aufstriche, Snacks und Bananenbrot&nbsp;standen zur Verkostung bereit, w\u00e4hrend Kinder aus dem Familienzentrum St. Jakobus mit ihrem eigenen kleinen&nbsp;Weltladenstand&nbsp;gro\u00dfen Erfolg hatten. Ein besonderer H\u00f6hepunkt war der Besuch der&nbsp;Austauschsch\u00fclerinnen und -sch\u00fcler aus Schweden, Polen und Slowenien, die zusammen mit ihren deutschen Gastgebern durch traditionelle T\u00e4nze und kulinarische Beitr\u00e4ge \u2013 wie selbstgebackene&nbsp;schwedische Nussecken&nbsp;\u2013 das Motto \u201eVielfalt erleben\u201c auf eindrucksvolle Weise mit Leben f\u00fcllten. Die Besucherinnen und Besucher konnten sich zudem an verschiedenen&nbsp;Infost\u00e4nden&nbsp;informieren: Die&nbsp;Katholische Erwachsenenbildung&nbsp;und die Initiative&nbsp;\u201eOmas gegen rechts\u201c&nbsp;waren ebenso vertreten wie engagierte Sch\u00fclerInnen des H\u00fcmmling-Gymnasiums, die ein&nbsp;faires Quiz&nbsp;mit kleinen Preisen sowie eine Umfrage zur Frage&nbsp;\u201eWas bedeutet Vielfalt f\u00fcr dich?\u201c&nbsp;durchf\u00fchrten. Das Faire Marktfr\u00fchst\u00fcck erzielte auch einen&nbsp;sozialen Mehrwert: Durch freiwillige Spenden kam ein beachtlicher \u00dcberschuss zusammen. Dieser wird an eine&nbsp;Vorschule in Rajasthan, Indien, gespendet, um die Kinder von Steinbrucharbeitern zu unterst\u00fctzen. Die Organisatoren zeigten sich sehr zufrieden mit der Veranstaltung und dem gro\u00dfen Interesse der Bev\u00f6lkerung: \u201eEs war eine wunderbare Gelegenheit, fairen Handel und kulturelle Vielfalt im Alltag erlebbar zu machen\u201c, so das Fazit von Diana Schmitz und der Steuergruppe.<\/p>\n\n\n\n<p>Text: Lambert Brand und Steuerungsgruppe<\/p>\n\n\n\n<p>Fotos: Lambert Brand<\/p>\n\n\n\n<figure data-wp-context=\"{&quot;imageId&quot;:&quot;69f54ebcb9c53&quot;}\" data-wp-interactive=\"core\/image\" data-wp-key=\"69f54ebcb9c53\" class=\"wp-block-image size-large wp-lightbox-container\"><img loading=\"lazy\" decoding=\"async\" width=\"990\" height=\"1024\" data-wp-class--hide=\"state.isContentHidden\" data-wp-class--show=\"state.isContentVisible\" data-wp-init=\"callbacks.setButtonStyles\" data-wp-on--click=\"actions.showLightbox\" data-wp-on--load=\"callbacks.setButtonStyles\" data-wp-on-window--resize=\"callbacks.setButtonStyles\" src=\"https:\/\/www.forum-soegel.de\/information\/wp-content\/uploads\/2025\/12\/Erfolgreiches-Marktfru\u2560ehstu\u2560eck-zum-Auftakt-der-Fairen-Woche-in-So\u2560egel_4-1-990x1024.jpeg\" alt=\"\" class=\"wp-image-40368\" srcset=\"https:\/\/www.forum-soegel.de\/information\/wp-content\/uploads\/2025\/12\/Erfolgreiches-Marktfru\u2560ehstu\u2560eck-zum-Auftakt-der-Fairen-Woche-in-So\u2560egel_4-1-990x1024.jpeg 990w, https:\/\/www.forum-soegel.de\/information\/wp-content\/uploads\/2025\/12\/Erfolgreiches-Marktfru\u2560ehstu\u2560eck-zum-Auftakt-der-Fairen-Woche-in-So\u2560egel_4-1-290x300.jpeg 290w, https:\/\/www.forum-soegel.de\/information\/wp-content\/uploads\/2025\/12\/Erfolgreiches-Marktfru\u2560ehstu\u2560eck-zum-Auftakt-der-Fairen-Woche-in-So\u2560egel_4-1-768x794.jpeg 768w, https:\/\/www.forum-soegel.de\/information\/wp-content\/uploads\/2025\/12\/Erfolgreiches-Marktfru\u2560ehstu\u2560eck-zum-Auftakt-der-Fairen-Woche-in-So\u2560egel_4-1.jpeg 1238w\" sizes=\"auto, (max-width: 990px) 100vw, 990px\" \/><button\n\t\t\tclass=\"lightbox-trigger\"\n\t\t\ttype=\"button\"\n\t\t\taria-haspopup=\"dialog\"\n\t\t\taria-label=\"Vergr\u00f6\u00dfern\"\n\t\t\tdata-wp-init=\"callbacks.initTriggerButton\"\n\t\t\tdata-wp-on--click=\"actions.showLightbox\"\n\t\t\tdata-wp-style--right=\"state.imageButtonRight\"\n\t\t\tdata-wp-style--top=\"state.imageButtonTop\"\n\t\t>\n\t\t\t<svg xmlns=\"http:\/\/www.w3.org\/2000\/svg\" width=\"12\" height=\"12\" fill=\"none\" viewBox=\"0 0 12 12\">\n\t\t\t\t<path fill=\"#fff\" d=\"M2 0a2 2 0 0 0-2 2v2h1.5V2a.5.5 0 0 1 .5-.5h2V0H2Zm2 10.5H2a.5.5 0 0 1-.5-.5V8H0v2a2 2 0 0 0 2 2h2v-1.5ZM8 12v-1.5h2a.5.5 0 0 0 .5-.5V8H12v2a2 2 0 0 1-2 2H8Zm2-12a2 2 0 0 1 2 2v2h-1.5V2a.5.5 0 0 0-.5-.5H8V0h2Z\" \/>\n\t\t\t<\/svg>\n\t\t<\/button><figcaption class=\"wp-element-caption\">Fair gehandelte\u00a0und\u00a0regionale Produkte im Angebot<\/figcaption><\/figure>\n\n\n\n<figure data-wp-context=\"{&quot;imageId&quot;:&quot;69f54ebcbaa30&quot;}\" data-wp-interactive=\"core\/image\" data-wp-key=\"69f54ebcbaa30\" class=\"wp-block-image size-large wp-lightbox-container\"><img loading=\"lazy\" decoding=\"async\" width=\"1024\" height=\"746\" data-wp-class--hide=\"state.isContentHidden\" data-wp-class--show=\"state.isContentVisible\" data-wp-init=\"callbacks.setButtonStyles\" data-wp-on--click=\"actions.showLightbox\" data-wp-on--load=\"callbacks.setButtonStyles\" data-wp-on-window--resize=\"callbacks.setButtonStyles\" src=\"https:\/\/www.forum-soegel.de\/information\/wp-content\/uploads\/2025\/12\/Erfolgreiches-Marktfru\u2560ehstu\u2560eck-zum-Auftakt-der-Fairen-Woche-in-So\u2560egel_6-1024x746.jpeg\" alt=\"\" class=\"wp-image-40369\" srcset=\"https:\/\/www.forum-soegel.de\/information\/wp-content\/uploads\/2025\/12\/Erfolgreiches-Marktfru\u2560ehstu\u2560eck-zum-Auftakt-der-Fairen-Woche-in-So\u2560egel_6-1024x746.jpeg 1024w, https:\/\/www.forum-soegel.de\/information\/wp-content\/uploads\/2025\/12\/Erfolgreiches-Marktfru\u2560ehstu\u2560eck-zum-Auftakt-der-Fairen-Woche-in-So\u2560egel_6-300x218.jpeg 300w, https:\/\/www.forum-soegel.de\/information\/wp-content\/uploads\/2025\/12\/Erfolgreiches-Marktfru\u2560ehstu\u2560eck-zum-Auftakt-der-Fairen-Woche-in-So\u2560egel_6-768x559.jpeg 768w, https:\/\/www.forum-soegel.de\/information\/wp-content\/uploads\/2025\/12\/Erfolgreiches-Marktfru\u2560ehstu\u2560eck-zum-Auftakt-der-Fairen-Woche-in-So\u2560egel_6.jpeg 1280w\" sizes=\"auto, (max-width: 1024px) 100vw, 1024px\" \/><button\n\t\t\tclass=\"lightbox-trigger\"\n\t\t\ttype=\"button\"\n\t\t\taria-haspopup=\"dialog\"\n\t\t\taria-label=\"Vergr\u00f6\u00dfern\"\n\t\t\tdata-wp-init=\"callbacks.initTriggerButton\"\n\t\t\tdata-wp-on--click=\"actions.showLightbox\"\n\t\t\tdata-wp-style--right=\"state.imageButtonRight\"\n\t\t\tdata-wp-style--top=\"state.imageButtonTop\"\n\t\t>\n\t\t\t<svg xmlns=\"http:\/\/www.w3.org\/2000\/svg\" width=\"12\" height=\"12\" fill=\"none\" viewBox=\"0 0 12 12\">\n\t\t\t\t<path fill=\"#fff\" d=\"M2 0a2 2 0 0 0-2 2v2h1.5V2a.5.5 0 0 1 .5-.5h2V0H2Zm2 10.5H2a.5.5 0 0 1-.5-.5V8H0v2a2 2 0 0 0 2 2h2v-1.5ZM8 12v-1.5h2a.5.5 0 0 0 .5-.5V8H12v2a2 2 0 0 1-2 2H8Zm2-12a2 2 0 0 1 2 2v2h-1.5V2a.5.5 0 0 0-.5-.5H8V0h2Z\" \/>\n\t\t\t<\/svg>\n\t\t<\/button><figcaption class=\"wp-element-caption\">Die Kinder aus dem Familienzentrum St. Jakobus mit den KiTa-Mitarbeiterinnen Karina Jansen und Claudia Grote<\/figcaption><\/figure>\n\n\n\n<figure data-wp-context=\"{&quot;imageId&quot;:&quot;69f54ebcbb6fa&quot;}\" data-wp-interactive=\"core\/image\" data-wp-key=\"69f54ebcbb6fa\" class=\"wp-block-image size-large wp-lightbox-container\"><img loading=\"lazy\" decoding=\"async\" width=\"1024\" height=\"611\" data-wp-class--hide=\"state.isContentHidden\" data-wp-class--show=\"state.isContentVisible\" data-wp-init=\"callbacks.setButtonStyles\" data-wp-on--click=\"actions.showLightbox\" data-wp-on--load=\"callbacks.setButtonStyles\" data-wp-on-window--resize=\"callbacks.setButtonStyles\" src=\"https:\/\/www.forum-soegel.de\/information\/wp-content\/uploads\/2025\/12\/Erfolgreiches-Marktfru\u2560ehstu\u2560eck-zum-Auftakt-der-Fairen-Woche-in-So\u2560egel_1-1024x611.jpeg\" alt=\"\" class=\"wp-image-40370\" srcset=\"https:\/\/www.forum-soegel.de\/information\/wp-content\/uploads\/2025\/12\/Erfolgreiches-Marktfru\u2560ehstu\u2560eck-zum-Auftakt-der-Fairen-Woche-in-So\u2560egel_1-1024x611.jpeg 1024w, https:\/\/www.forum-soegel.de\/information\/wp-content\/uploads\/2025\/12\/Erfolgreiches-Marktfru\u2560ehstu\u2560eck-zum-Auftakt-der-Fairen-Woche-in-So\u2560egel_1-300x179.jpeg 300w, https:\/\/www.forum-soegel.de\/information\/wp-content\/uploads\/2025\/12\/Erfolgreiches-Marktfru\u2560ehstu\u2560eck-zum-Auftakt-der-Fairen-Woche-in-So\u2560egel_1-768x458.jpeg 768w, https:\/\/www.forum-soegel.de\/information\/wp-content\/uploads\/2025\/12\/Erfolgreiches-Marktfru\u2560ehstu\u2560eck-zum-Auftakt-der-Fairen-Woche-in-So\u2560egel_1.jpeg 1280w\" sizes=\"auto, (max-width: 1024px) 100vw, 1024px\" \/><button\n\t\t\tclass=\"lightbox-trigger\"\n\t\t\ttype=\"button\"\n\t\t\taria-haspopup=\"dialog\"\n\t\t\taria-label=\"Vergr\u00f6\u00dfern\"\n\t\t\tdata-wp-init=\"callbacks.initTriggerButton\"\n\t\t\tdata-wp-on--click=\"actions.showLightbox\"\n\t\t\tdata-wp-style--right=\"state.imageButtonRight\"\n\t\t\tdata-wp-style--top=\"state.imageButtonTop\"\n\t\t>\n\t\t\t<svg xmlns=\"http:\/\/www.w3.org\/2000\/svg\" width=\"12\" height=\"12\" fill=\"none\" viewBox=\"0 0 12 12\">\n\t\t\t\t<path fill=\"#fff\" d=\"M2 0a2 2 0 0 0-2 2v2h1.5V2a.5.5 0 0 1 .5-.5h2V0H2Zm2 10.5H2a.5.5 0 0 1-.5-.5V8H0v2a2 2 0 0 0 2 2h2v-1.5ZM8 12v-1.5h2a.5.5 0 0 0 .5-.5V8H12v2a2 2 0 0 1-2 2H8Zm2-12a2 2 0 0 1 2 2v2h-1.5V2a.5.5 0 0 0-.5-.5H8V0h2Z\" \/>\n\t\t\t<\/svg>\n\t\t<\/button><figcaption class=\"wp-element-caption\">Gut angenommen \u2013 Das Faire Fr\u00fchst\u00fcck<\/figcaption><\/figure>\n\n\n\n<figure class=\"wp-block-gallery has-nested-images columns-default is-cropped wp-block-gallery-1 is-layout-flex wp-block-gallery-is-layout-flex\">\n<figure data-wp-context=\"{&quot;imageId&quot;:&quot;69f54ebcbc412&quot;}\" data-wp-interactive=\"core\/image\" data-wp-key=\"69f54ebcbc412\" class=\"wp-block-image size-large wp-lightbox-container\"><img loading=\"lazy\" decoding=\"async\" width=\"1024\" height=\"768\" data-wp-class--hide=\"state.isContentHidden\" data-wp-class--show=\"state.isContentVisible\" data-wp-init=\"callbacks.setButtonStyles\" data-wp-on--click=\"actions.showLightbox\" data-wp-on--load=\"callbacks.setButtonStyles\" data-wp-on-window--resize=\"callbacks.setButtonStyles\" data-id=\"40374\" src=\"https:\/\/www.forum-soegel.de\/information\/wp-content\/uploads\/2025\/12\/Erfolgreiches-Marktfru\u2560ehstu\u2560eck-zum-Auftakt-der-Fairen-Woche-in-So\u2560egel_10-1024x768.jpeg\" alt=\"\" class=\"wp-image-40374\" srcset=\"https:\/\/www.forum-soegel.de\/information\/wp-content\/uploads\/2025\/12\/Erfolgreiches-Marktfru\u2560ehstu\u2560eck-zum-Auftakt-der-Fairen-Woche-in-So\u2560egel_10-1024x768.jpeg 1024w, https:\/\/www.forum-soegel.de\/information\/wp-content\/uploads\/2025\/12\/Erfolgreiches-Marktfru\u2560ehstu\u2560eck-zum-Auftakt-der-Fairen-Woche-in-So\u2560egel_10-300x225.jpeg 300w, https:\/\/www.forum-soegel.de\/information\/wp-content\/uploads\/2025\/12\/Erfolgreiches-Marktfru\u2560ehstu\u2560eck-zum-Auftakt-der-Fairen-Woche-in-So\u2560egel_10-768x576.jpeg 768w, https:\/\/www.forum-soegel.de\/information\/wp-content\/uploads\/2025\/12\/Erfolgreiches-Marktfru\u2560ehstu\u2560eck-zum-Auftakt-der-Fairen-Woche-in-So\u2560egel_10.jpeg 1280w\" sizes=\"auto, (max-width: 1024px) 100vw, 1024px\" \/><button\n\t\t\tclass=\"lightbox-trigger\"\n\t\t\ttype=\"button\"\n\t\t\taria-haspopup=\"dialog\"\n\t\t\taria-label=\"Vergr\u00f6\u00dfern\"\n\t\t\tdata-wp-init=\"callbacks.initTriggerButton\"\n\t\t\tdata-wp-on--click=\"actions.showLightbox\"\n\t\t\tdata-wp-style--right=\"state.imageButtonRight\"\n\t\t\tdata-wp-style--top=\"state.imageButtonTop\"\n\t\t>\n\t\t\t<svg xmlns=\"http:\/\/www.w3.org\/2000\/svg\" width=\"12\" height=\"12\" fill=\"none\" viewBox=\"0 0 12 12\">\n\t\t\t\t<path fill=\"#fff\" d=\"M2 0a2 2 0 0 0-2 2v2h1.5V2a.5.5 0 0 1 .5-.5h2V0H2Zm2 10.5H2a.5.5 0 0 1-.5-.5V8H0v2a2 2 0 0 0 2 2h2v-1.5ZM8 12v-1.5h2a.5.5 0 0 0 .5-.5V8H12v2a2 2 0 0 1-2 2H8Zm2-12a2 2 0 0 1 2 2v2h-1.5V2a.5.5 0 0 0-.5-.5H8V0h2Z\" \/>\n\t\t\t<\/svg>\n\t\t<\/button><\/figure>\n\n\n\n<figure data-wp-context=\"{&quot;imageId&quot;:&quot;69f54ebcbd4e0&quot;}\" data-wp-interactive=\"core\/image\" data-wp-key=\"69f54ebcbd4e0\" class=\"wp-block-image size-large wp-lightbox-container\"><img loading=\"lazy\" decoding=\"async\" width=\"1024\" height=\"768\" data-wp-class--hide=\"state.isContentHidden\" data-wp-class--show=\"state.isContentVisible\" data-wp-init=\"callbacks.setButtonStyles\" data-wp-on--click=\"actions.showLightbox\" data-wp-on--load=\"callbacks.setButtonStyles\" data-wp-on-window--resize=\"callbacks.setButtonStyles\" data-id=\"40373\" src=\"https:\/\/www.forum-soegel.de\/information\/wp-content\/uploads\/2025\/12\/Erfolgreiches-Marktfru\u2560ehstu\u2560eck-zum-Auftakt-der-Fairen-Woche-in-So\u2560egel_5-1024x768.jpeg\" alt=\"\" class=\"wp-image-40373\" srcset=\"https:\/\/www.forum-soegel.de\/information\/wp-content\/uploads\/2025\/12\/Erfolgreiches-Marktfru\u2560ehstu\u2560eck-zum-Auftakt-der-Fairen-Woche-in-So\u2560egel_5-1024x768.jpeg 1024w, https:\/\/www.forum-soegel.de\/information\/wp-content\/uploads\/2025\/12\/Erfolgreiches-Marktfru\u2560ehstu\u2560eck-zum-Auftakt-der-Fairen-Woche-in-So\u2560egel_5-300x225.jpeg 300w, https:\/\/www.forum-soegel.de\/information\/wp-content\/uploads\/2025\/12\/Erfolgreiches-Marktfru\u2560ehstu\u2560eck-zum-Auftakt-der-Fairen-Woche-in-So\u2560egel_5-768x576.jpeg 768w, https:\/\/www.forum-soegel.de\/information\/wp-content\/uploads\/2025\/12\/Erfolgreiches-Marktfru\u2560ehstu\u2560eck-zum-Auftakt-der-Fairen-Woche-in-So\u2560egel_5.jpeg 1280w\" sizes=\"auto, (max-width: 1024px) 100vw, 1024px\" \/><button\n\t\t\tclass=\"lightbox-trigger\"\n\t\t\ttype=\"button\"\n\t\t\taria-haspopup=\"dialog\"\n\t\t\taria-label=\"Vergr\u00f6\u00dfern\"\n\t\t\tdata-wp-init=\"callbacks.initTriggerButton\"\n\t\t\tdata-wp-on--click=\"actions.showLightbox\"\n\t\t\tdata-wp-style--right=\"state.imageButtonRight\"\n\t\t\tdata-wp-style--top=\"state.imageButtonTop\"\n\t\t>\n\t\t\t<svg xmlns=\"http:\/\/www.w3.org\/2000\/svg\" width=\"12\" height=\"12\" fill=\"none\" viewBox=\"0 0 12 12\">\n\t\t\t\t<path fill=\"#fff\" d=\"M2 0a2 2 0 0 0-2 2v2h1.5V2a.5.5 0 0 1 .5-.5h2V0H2Zm2 10.5H2a.5.5 0 0 1-.5-.5V8H0v2a2 2 0 0 0 2 2h2v-1.5ZM8 12v-1.5h2a.5.5 0 0 0 .5-.5V8H12v2a2 2 0 0 1-2 2H8Zm2-12a2 2 0 0 1 2 2v2h-1.5V2a.5.5 0 0 0-.5-.5H8V0h2Z\" \/>\n\t\t\t<\/svg>\n\t\t<\/button><\/figure>\n\n\n\n<figure data-wp-context=\"{&quot;imageId&quot;:&quot;69f54ebcbe186&quot;}\" data-wp-interactive=\"core\/image\" data-wp-key=\"69f54ebcbe186\" class=\"wp-block-image size-large wp-lightbox-container\"><img loading=\"lazy\" decoding=\"async\" width=\"1024\" height=\"693\" data-wp-class--hide=\"state.isContentHidden\" data-wp-class--show=\"state.isContentVisible\" data-wp-init=\"callbacks.setButtonStyles\" data-wp-on--click=\"actions.showLightbox\" data-wp-on--load=\"callbacks.setButtonStyles\" data-wp-on-window--resize=\"callbacks.setButtonStyles\" data-id=\"40371\" src=\"https:\/\/www.forum-soegel.de\/information\/wp-content\/uploads\/2025\/12\/Erfolgreiches-Marktfru\u2560ehstu\u2560eck-zum-Auftakt-der-Fairen-Woche-in-So\u2560egel_7-1024x693.jpeg\" alt=\"\" class=\"wp-image-40371\" srcset=\"https:\/\/www.forum-soegel.de\/information\/wp-content\/uploads\/2025\/12\/Erfolgreiches-Marktfru\u2560ehstu\u2560eck-zum-Auftakt-der-Fairen-Woche-in-So\u2560egel_7-1024x693.jpeg 1024w, https:\/\/www.forum-soegel.de\/information\/wp-content\/uploads\/2025\/12\/Erfolgreiches-Marktfru\u2560ehstu\u2560eck-zum-Auftakt-der-Fairen-Woche-in-So\u2560egel_7-300x203.jpeg 300w, https:\/\/www.forum-soegel.de\/information\/wp-content\/uploads\/2025\/12\/Erfolgreiches-Marktfru\u2560ehstu\u2560eck-zum-Auftakt-der-Fairen-Woche-in-So\u2560egel_7-768x520.jpeg 768w, https:\/\/www.forum-soegel.de\/information\/wp-content\/uploads\/2025\/12\/Erfolgreiches-Marktfru\u2560ehstu\u2560eck-zum-Auftakt-der-Fairen-Woche-in-So\u2560egel_7.jpeg 1280w\" sizes=\"auto, (max-width: 1024px) 100vw, 1024px\" \/><button\n\t\t\tclass=\"lightbox-trigger\"\n\t\t\ttype=\"button\"\n\t\t\taria-haspopup=\"dialog\"\n\t\t\taria-label=\"Vergr\u00f6\u00dfern\"\n\t\t\tdata-wp-init=\"callbacks.initTriggerButton\"\n\t\t\tdata-wp-on--click=\"actions.showLightbox\"\n\t\t\tdata-wp-style--right=\"state.imageButtonRight\"\n\t\t\tdata-wp-style--top=\"state.imageButtonTop\"\n\t\t>\n\t\t\t<svg xmlns=\"http:\/\/www.w3.org\/2000\/svg\" width=\"12\" height=\"12\" fill=\"none\" viewBox=\"0 0 12 12\">\n\t\t\t\t<path fill=\"#fff\" d=\"M2 0a2 2 0 0 0-2 2v2h1.5V2a.5.5 0 0 1 .5-.5h2V0H2Zm2 10.5H2a.5.5 0 0 1-.5-.5V8H0v2a2 2 0 0 0 2 2h2v-1.5ZM8 12v-1.5h2a.5.5 0 0 0 .5-.5V8H12v2a2 2 0 0 1-2 2H8Zm2-12a2 2 0 0 1 2 2v2h-1.5V2a.5.5 0 0 0-.5-.5H8V0h2Z\" \/>\n\t\t\t<\/svg>\n\t\t<\/button><\/figure>\n\n\n\n<figure data-wp-context=\"{&quot;imageId&quot;:&quot;69f54ebcbeda3&quot;}\" data-wp-interactive=\"core\/image\" data-wp-key=\"69f54ebcbeda3\" class=\"wp-block-image size-large wp-lightbox-container\"><img loading=\"lazy\" decoding=\"async\" width=\"1024\" height=\"898\" data-wp-class--hide=\"state.isContentHidden\" data-wp-class--show=\"state.isContentVisible\" data-wp-init=\"callbacks.setButtonStyles\" data-wp-on--click=\"actions.showLightbox\" data-wp-on--load=\"callbacks.setButtonStyles\" data-wp-on-window--resize=\"callbacks.setButtonStyles\" data-id=\"40372\" src=\"https:\/\/www.forum-soegel.de\/information\/wp-content\/uploads\/2025\/12\/Erfolgreiches-Marktfru\u2560ehstu\u2560eck-zum-Auftakt-der-Fairen-Woche-in-So\u2560egel_8-1024x898.jpeg\" alt=\"\" class=\"wp-image-40372\" srcset=\"https:\/\/www.forum-soegel.de\/information\/wp-content\/uploads\/2025\/12\/Erfolgreiches-Marktfru\u2560ehstu\u2560eck-zum-Auftakt-der-Fairen-Woche-in-So\u2560egel_8-1024x898.jpeg 1024w, https:\/\/www.forum-soegel.de\/information\/wp-content\/uploads\/2025\/12\/Erfolgreiches-Marktfru\u2560ehstu\u2560eck-zum-Auftakt-der-Fairen-Woche-in-So\u2560egel_8-300x263.jpeg 300w, https:\/\/www.forum-soegel.de\/information\/wp-content\/uploads\/2025\/12\/Erfolgreiches-Marktfru\u2560ehstu\u2560eck-zum-Auftakt-der-Fairen-Woche-in-So\u2560egel_8-768x674.jpeg 768w, https:\/\/www.forum-soegel.de\/information\/wp-content\/uploads\/2025\/12\/Erfolgreiches-Marktfru\u2560ehstu\u2560eck-zum-Auftakt-der-Fairen-Woche-in-So\u2560egel_8.jpeg 1280w\" sizes=\"auto, (max-width: 1024px) 100vw, 1024px\" \/><button\n\t\t\tclass=\"lightbox-trigger\"\n\t\t\ttype=\"button\"\n\t\t\taria-haspopup=\"dialog\"\n\t\t\taria-label=\"Vergr\u00f6\u00dfern\"\n\t\t\tdata-wp-init=\"callbacks.initTriggerButton\"\n\t\t\tdata-wp-on--click=\"actions.showLightbox\"\n\t\t\tdata-wp-style--right=\"state.imageButtonRight\"\n\t\t\tdata-wp-style--top=\"state.imageButtonTop\"\n\t\t>\n\t\t\t<svg xmlns=\"http:\/\/www.w3.org\/2000\/svg\" width=\"12\" height=\"12\" fill=\"none\" viewBox=\"0 0 12 12\">\n\t\t\t\t<path fill=\"#fff\" d=\"M2 0a2 2 0 0 0-2 2v2h1.5V2a.5.5 0 0 1 .5-.5h2V0H2Zm2 10.5H2a.5.5 0 0 1-.5-.5V8H0v2a2 2 0 0 0 2 2h2v-1.5ZM8 12v-1.5h2a.5.5 0 0 0 .5-.5V8H12v2a2 2 0 0 1-2 2H8Zm2-12a2 2 0 0 1 2 2v2h-1.5V2a.5.5 0 0 0-.5-.5H8V0h2Z\" \/>\n\t\t\t<\/svg>\n\t\t<\/button><\/figure>\n\n\n\n<figure data-wp-context=\"{&quot;imageId&quot;:&quot;69f54ebcbf853&quot;}\" data-wp-interactive=\"core\/image\" data-wp-key=\"69f54ebcbf853\" class=\"wp-block-image size-large wp-lightbox-container\"><img loading=\"lazy\" decoding=\"async\" width=\"1024\" height=\"768\" data-wp-class--hide=\"state.isContentHidden\" data-wp-class--show=\"state.isContentVisible\" data-wp-init=\"callbacks.setButtonStyles\" data-wp-on--click=\"actions.showLightbox\" data-wp-on--load=\"callbacks.setButtonStyles\" data-wp-on-window--resize=\"callbacks.setButtonStyles\" data-id=\"40375\" src=\"https:\/\/www.forum-soegel.de\/information\/wp-content\/uploads\/2025\/12\/Erfolgreiches-Marktfru\u2560ehstu\u2560eck-zum-Auftakt-der-Fairen-Woche-in-So\u2560egel_9-1024x768.jpeg\" alt=\"\" class=\"wp-image-40375\" srcset=\"https:\/\/www.forum-soegel.de\/information\/wp-content\/uploads\/2025\/12\/Erfolgreiches-Marktfru\u2560ehstu\u2560eck-zum-Auftakt-der-Fairen-Woche-in-So\u2560egel_9-1024x768.jpeg 1024w, https:\/\/www.forum-soegel.de\/information\/wp-content\/uploads\/2025\/12\/Erfolgreiches-Marktfru\u2560ehstu\u2560eck-zum-Auftakt-der-Fairen-Woche-in-So\u2560egel_9-300x225.jpeg 300w, https:\/\/www.forum-soegel.de\/information\/wp-content\/uploads\/2025\/12\/Erfolgreiches-Marktfru\u2560ehstu\u2560eck-zum-Auftakt-der-Fairen-Woche-in-So\u2560egel_9-768x576.jpeg 768w, https:\/\/www.forum-soegel.de\/information\/wp-content\/uploads\/2025\/12\/Erfolgreiches-Marktfru\u2560ehstu\u2560eck-zum-Auftakt-der-Fairen-Woche-in-So\u2560egel_9.jpeg 1280w\" sizes=\"auto, (max-width: 1024px) 100vw, 1024px\" \/><button\n\t\t\tclass=\"lightbox-trigger\"\n\t\t\ttype=\"button\"\n\t\t\taria-haspopup=\"dialog\"\n\t\t\taria-label=\"Vergr\u00f6\u00dfern\"\n\t\t\tdata-wp-init=\"callbacks.initTriggerButton\"\n\t\t\tdata-wp-on--click=\"actions.showLightbox\"\n\t\t\tdata-wp-style--right=\"state.imageButtonRight\"\n\t\t\tdata-wp-style--top=\"state.imageButtonTop\"\n\t\t>\n\t\t\t<svg xmlns=\"http:\/\/www.w3.org\/2000\/svg\" width=\"12\" height=\"12\" fill=\"none\" viewBox=\"0 0 12 12\">\n\t\t\t\t<path fill=\"#fff\" d=\"M2 0a2 2 0 0 0-2 2v2h1.5V2a.5.5 0 0 1 .5-.5h2V0H2Zm2 10.5H2a.5.5 0 0 1-.5-.5V8H0v2a2 2 0 0 0 2 2h2v-1.5ZM8 12v-1.5h2a.5.5 0 0 0 .5-.5V8H12v2a2 2 0 0 1-2 2H8Zm2-12a2 2 0 0 1 2 2v2h-1.5V2a.5.5 0 0 0-.5-.5H8V0h2Z\" \/>\n\t\t\t<\/svg>\n\t\t<\/button><\/figure>\n<\/figure>\n","protected":false},"excerpt":{"rendered":"Erfolgreiches Marktfr\u00fchst\u00fcck zum Auftakt der Fairen Woche in S\u00f6gel S\u00f6gel &#8211; Unter dem Motto&nbsp;\u201eFair handeln \u2013 Vielfalt erleben\u201c&nbsp;fand auf dem S\u00f6geler Marktplatz das beliebte&nbsp;Faire Marktfr\u00fchst\u00fcck&nbsp;statt \u2013 ein gelungener Auftakt zur bundesweiten Fairen Woche 2025, wie viele Besucher feststellten. Die Veranstaltung war ein gemeinschaftliches Projekt der&nbsp;Steuergruppe Fairtrade Town S\u00f6gel, des&nbsp;Weltladens S\u00f6gel und des&nbsp;H\u00fcmmling-Gymnasiums, unterst\u00fctzt von&nbsp;Rosi H\u00f6lscher&nbsp;von [&hellip;]\n","protected":false},"author":2,"featured_media":0,"comment_status":"closed","ping_status":"closed","sticky":false,"template":"","format":"standard","meta":{"ngg_post_thumbnail":0,"footnotes":""},"categories":[6],"tags":[],"class_list":["post-40366","post","type-post","status-publish","format-standard","hentry","category-aus-der-schule-geplaudert"],"_links":{"self":[{"href":"https:\/\/www.forum-soegel.de\/information\/wp-json\/wp\/v2\/posts\/40366","targetHints":{"allow":["GET"]}}],"collection":[{"href":"https:\/\/www.forum-soegel.de\/information\/wp-json\/wp\/v2\/posts"}],"about":[{"href":"https:\/\/www.forum-soegel.de\/information\/wp-json\/wp\/v2\/types\/post"}],"author":[{"embeddable":true,"href":"https:\/\/www.forum-soegel.de\/information\/wp-json\/wp\/v2\/users\/2"}],"replies":[{"embeddable":true,"href":"https:\/\/www.forum-soegel.de\/information\/wp-json\/wp\/v2\/comments?post=40366"}],"version-history":[{"count":1,"href":"https:\/\/www.forum-soegel.de\/information\/wp-json\/wp\/v2\/posts\/40366\/revisions"}],"predecessor-version":[{"id":40376,"href":"https:\/\/www.forum-soegel.de\/information\/wp-json\/wp\/v2\/posts\/40366\/revisions\/40376"}],"wp:attachment":[{"href":"https:\/\/www.forum-soegel.de\/information\/wp-json\/wp\/v2\/media?parent=40366"}],"wp:term":[{"taxonomy":"category","embeddable":true,"href":"https:\/\/www.forum-soegel.de\/information\/wp-json\/wp\/v2\/categories?post=40366"},{"taxonomy":"post_tag","embeddable":true,"href":"https:\/\/www.forum-soegel.de\/information\/wp-json\/wp\/v2\/tags?post=40366"}],"curies":[{"name":"wp","href":"https:\/\/api.w.org\/{rel}","templated":true}]}}