{"id":4030,"date":"2011-01-01T00:35:24","date_gmt":"2010-12-31T23:35:24","guid":{"rendered":"https:\/\/www.forum-soegel.de\/information\/?p=4030"},"modified":"2011-01-29T13:57:17","modified_gmt":"2011-01-29T12:57:17","slug":"der-schonste-dank-ist-jener-der-aus-lauter-freude-vergessen-wird","status":"publish","type":"post","link":"https:\/\/www.forum-soegel.de\/information\/2011\/01\/der-schonste-dank-ist-jener-der-aus-lauter-freude-vergessen-wird\/","title":{"rendered":"Der sch\u00f6nste Dank ist jener, der aus lauter Freude vergessen wird."},"content":{"rendered":"<p>Den Spruch des Schweizer Journalisten und Buchautors Walter Ludin wollen wir nicht ganz so w\u00f6rtlich nehmen.<\/p>\n<p>Nat\u00fcrlich war unsere Freude riesengro\u00df \u00fcber so viele Einzelspenden.<\/p>\n<p>Aber unseren Dank an Sie, liebe Leserinnen und Leser, wollen wir auf gar keinen Fall vergessen.<\/p>\n<p>Neben dem pers\u00f6nlich ausgesprochenen Dank an dieser Stelle wollen wir nat\u00fcrlich auch in Zukunft mit unserer Leistung danken.<\/p>\n<p>Wir wollen nicht nachlassen, Ihnen auch im neuen Jahr 2011 Monat f\u00fcr Monat eine unterhaltsame und spannende Lekt\u00fcre zu liefern.<\/p>\n<p>Es f\u00e4llt uns, was das betrifft nat\u00fcrlich nicht schwer vielseitig zu informieren, in einer Region in der so wahnsinnig viel \u201eauf die Beine gestellt wird\u201c,\u00a0<\/p>\n<p>Deshalb schlie\u00dfen wir in unseren Dank auch gleich diejenigen mit ein, die uns als \u201efreie Redakteure\u201c immer wieder mit Themen versorgen, die sie h\u00e4ufig nicht nur in Schriftform kleiden, sondern an denen sie selbst aktiv beteiligt sind.<\/p>\n<p>Ob es sich um die Beteiligung an den regionalen Weihnachtsm\u00e4rkten handelt oder die gemeinn\u00fctzigen Unternehmungen der Vereine, Schulen und Kirchen.<\/p>\n<p>Nicht zu vergessen die Aktivit\u00e4ten der Gemeinden und der Gesch\u00e4ftswelt.<\/p>\n<p>Mit anderen Worten, \u201ees ist viel los in S\u00f6gel und Umgebung\u201c<\/p>\n<p>Das Redaktionsteam sollte sich nat\u00fcrlich nicht selber loben aber unseren j\u00fcngsten Kollegen, der Jugendredaktion \u201eDruckerpatronen\u201c m\u00fcssen wir doch eine besondere Anerkennung aussprechen.<\/p>\n<p>Und wenn wir <span style=\"text-decoration: underline;\">dann<\/span>\u00a0 vor lauter Freude mal vergessen danke zu sagen &#8211; was soll\u2018s &#8211;<\/p>\n<p>In diesem Sinne, auf ein Neues.<\/p>\n<p>Ihr Redaktionsteam<\/p>\n","protected":false},"excerpt":{"rendered":"Den Spruch des Schweizer Journalisten und Buchautors Walter Ludin wollen wir nicht ganz so w\u00f6rtlich nehmen. Nat\u00fcrlich war unsere Freude riesengro\u00df \u00fcber so viele Einzelspenden. Aber unseren Dank an Sie, liebe Leserinnen und Leser, wollen wir auf gar keinen Fall vergessen. Neben dem pers\u00f6nlich ausgesprochenen Dank an dieser Stelle wollen wir nat\u00fcrlich auch in Zukunft [&hellip;]\n","protected":false},"author":2,"featured_media":0,"comment_status":"closed","ping_status":"closed","sticky":false,"template":"","format":"standard","meta":{"ngg_post_thumbnail":0,"footnotes":""},"categories":[393],"tags":[],"class_list":["post-4030","post","type-post","status-publish","format-standard","hentry","category-vorwort"],"_links":{"self":[{"href":"https:\/\/www.forum-soegel.de\/information\/wp-json\/wp\/v2\/posts\/4030","targetHints":{"allow":["GET"]}}],"collection":[{"href":"https:\/\/www.forum-soegel.de\/information\/wp-json\/wp\/v2\/posts"}],"about":[{"href":"https:\/\/www.forum-soegel.de\/information\/wp-json\/wp\/v2\/types\/post"}],"author":[{"embeddable":true,"href":"https:\/\/www.forum-soegel.de\/information\/wp-json\/wp\/v2\/users\/2"}],"replies":[{"embeddable":true,"href":"https:\/\/www.forum-soegel.de\/information\/wp-json\/wp\/v2\/comments?post=4030"}],"version-history":[{"count":4,"href":"https:\/\/www.forum-soegel.de\/information\/wp-json\/wp\/v2\/posts\/4030\/revisions"}],"predecessor-version":[{"id":4357,"href":"https:\/\/www.forum-soegel.de\/information\/wp-json\/wp\/v2\/posts\/4030\/revisions\/4357"}],"wp:attachment":[{"href":"https:\/\/www.forum-soegel.de\/information\/wp-json\/wp\/v2\/media?parent=4030"}],"wp:term":[{"taxonomy":"category","embeddable":true,"href":"https:\/\/www.forum-soegel.de\/information\/wp-json\/wp\/v2\/categories?post=4030"},{"taxonomy":"post_tag","embeddable":true,"href":"https:\/\/www.forum-soegel.de\/information\/wp-json\/wp\/v2\/tags?post=4030"}],"curies":[{"name":"wp","href":"https:\/\/api.w.org\/{rel}","templated":true}]}}