{"id":40187,"date":"2025-10-26T17:22:31","date_gmt":"2025-10-26T16:22:31","guid":{"rendered":"https:\/\/www.forum-soegel.de\/information\/?p=40187"},"modified":"2025-10-26T17:22:31","modified_gmt":"2025-10-26T16:22:31","slug":"grundschule-zu-besuch-bei-den-oldtimer-treckerfreunde-berssen","status":"publish","type":"post","link":"https:\/\/www.forum-soegel.de\/information\/2025\/10\/grundschule-zu-besuch-bei-den-oldtimer-treckerfreunde-berssen\/","title":{"rendered":"Grundschule zu Besuch bei den Oldtimer-Treckerfreunde Ber\u00dfen"},"content":{"rendered":"\n<p>Ber\u00dfen \u2013 K\u00fcrzlich hatten die Oldtimer-Treckerfreunde Ber\u00dfen besonderen Besuch: Die Klassen 2a und 2b der Grundschule S\u00fcd-H\u00fcmmling wanderten vom Schulstandort in Klein Ber\u00dfen zum Vereinsgel\u00e4nde der Oldtimer-Treckerfreunde in Gro\u00df Ber\u00dfen. F\u00fcr die Treckerfreunde war es eine Freude, nach den Kindergartenkindern nun auch den Grundsch\u00fclerinnen und -sch\u00fclern nicht nur die alten Fahrzeuge zu zeigen, sondern auch die Natur rund um das Clubgel\u00e4nde n\u00e4herzubringen.<\/p>\n\n\n\n<p>Rudi Schlangen, Franz Meyer und Gerd Deimann f\u00fchrten die Kinder durch die Anlage und wurden dabei durch die Lehrkr\u00e4fte Frau Roth und Frau Klingenburg unterst\u00fctzt. Dabei erkl\u00e4rten sie anschaulich, welche Obstb\u00e4ume auf dem Gel\u00e4nde wachsen und welche Feldfr\u00fcchte angebaut werden. \u201eUns ist es wichtig, den Kindern zu zeigen, wie Landwirtschaft funktioniert und woher unsere Lebensmittel kommen\u201c, so einer der Vereinsmitglieder.<\/p>\n\n\n\n<p>F\u00fcr die Oldtimerfreunde war der Besuch eine willkommene Gelegenheit, ihre Leidenschaft f\u00fcr Landwirtschaft, Technik und Natur an die j\u00fcngere Generation weiterzugeben. Auch die Kinder h\u00f6rten aufmerksam zu und stellten viele Fragen \u2013 ein lebendiger Austausch, der allen Beteiligten Freude bereitete.<\/p>\n\n\n\n<p>Text: Markus Abeln<\/p>\n\n\n\n<p>Foto: Oldtimer -Treckerfreunde<\/p>\n\n\n\n<figure data-wp-context=\"{&quot;imageId&quot;:&quot;69f3bc95e3f72&quot;}\" data-wp-interactive=\"core\/image\" data-wp-key=\"69f3bc95e3f72\" class=\"wp-block-image size-large wp-lightbox-container\"><img loading=\"lazy\" decoding=\"async\" width=\"1024\" height=\"472\" data-wp-class--hide=\"state.isContentHidden\" data-wp-class--show=\"state.isContentVisible\" data-wp-init=\"callbacks.setButtonStyles\" data-wp-on--click=\"actions.showLightbox\" data-wp-on--load=\"callbacks.setButtonStyles\" data-wp-on-window--resize=\"callbacks.setButtonStyles\" src=\"https:\/\/www.forum-soegel.de\/information\/wp-content\/uploads\/2025\/10\/Grundschule-zu-Besuch-bei-den-Oldtimer-Treckerfreunde-1024x472.jpg\" alt=\"\" class=\"wp-image-40188\" srcset=\"https:\/\/www.forum-soegel.de\/information\/wp-content\/uploads\/2025\/10\/Grundschule-zu-Besuch-bei-den-Oldtimer-Treckerfreunde-1024x472.jpg 1024w, https:\/\/www.forum-soegel.de\/information\/wp-content\/uploads\/2025\/10\/Grundschule-zu-Besuch-bei-den-Oldtimer-Treckerfreunde-300x138.jpg 300w, https:\/\/www.forum-soegel.de\/information\/wp-content\/uploads\/2025\/10\/Grundschule-zu-Besuch-bei-den-Oldtimer-Treckerfreunde-768x354.jpg 768w, https:\/\/www.forum-soegel.de\/information\/wp-content\/uploads\/2025\/10\/Grundschule-zu-Besuch-bei-den-Oldtimer-Treckerfreunde-1536x709.jpg 1536w, https:\/\/www.forum-soegel.de\/information\/wp-content\/uploads\/2025\/10\/Grundschule-zu-Besuch-bei-den-Oldtimer-Treckerfreunde.jpg 2016w\" sizes=\"auto, (max-width: 1024px) 100vw, 1024px\" \/><button\n\t\t\tclass=\"lightbox-trigger\"\n\t\t\ttype=\"button\"\n\t\t\taria-haspopup=\"dialog\"\n\t\t\taria-label=\"Vergr\u00f6\u00dfern\"\n\t\t\tdata-wp-init=\"callbacks.initTriggerButton\"\n\t\t\tdata-wp-on--click=\"actions.showLightbox\"\n\t\t\tdata-wp-style--right=\"state.imageButtonRight\"\n\t\t\tdata-wp-style--top=\"state.imageButtonTop\"\n\t\t>\n\t\t\t<svg xmlns=\"http:\/\/www.w3.org\/2000\/svg\" width=\"12\" height=\"12\" fill=\"none\" viewBox=\"0 0 12 12\">\n\t\t\t\t<path fill=\"#fff\" d=\"M2 0a2 2 0 0 0-2 2v2h1.5V2a.5.5 0 0 1 .5-.5h2V0H2Zm2 10.5H2a.5.5 0 0 1-.5-.5V8H0v2a2 2 0 0 0 2 2h2v-1.5ZM8 12v-1.5h2a.5.5 0 0 0 .5-.5V8H12v2a2 2 0 0 1-2 2H8Zm2-12a2 2 0 0 1 2 2v2h-1.5V2a.5.5 0 0 0-.5-.5H8V0h2Z\" \/>\n\t\t\t<\/svg>\n\t\t<\/button><\/figure>\n","protected":false},"excerpt":{"rendered":"Ber\u00dfen \u2013 K\u00fcrzlich hatten die Oldtimer-Treckerfreunde Ber\u00dfen besonderen Besuch: Die Klassen 2a und 2b der Grundschule S\u00fcd-H\u00fcmmling wanderten vom Schulstandort in Klein Ber\u00dfen zum Vereinsgel\u00e4nde der Oldtimer-Treckerfreunde in Gro\u00df Ber\u00dfen. F\u00fcr die Treckerfreunde war es eine Freude, nach den Kindergartenkindern nun auch den Grundsch\u00fclerinnen und -sch\u00fclern nicht nur die alten Fahrzeuge zu zeigen, sondern auch [&hellip;]\n","protected":false},"author":2,"featured_media":0,"comment_status":"closed","ping_status":"closed","sticky":false,"template":"","format":"standard","meta":{"ngg_post_thumbnail":0,"footnotes":""},"categories":[6],"tags":[],"class_list":["post-40187","post","type-post","status-publish","format-standard","hentry","category-aus-der-schule-geplaudert"],"_links":{"self":[{"href":"https:\/\/www.forum-soegel.de\/information\/wp-json\/wp\/v2\/posts\/40187","targetHints":{"allow":["GET"]}}],"collection":[{"href":"https:\/\/www.forum-soegel.de\/information\/wp-json\/wp\/v2\/posts"}],"about":[{"href":"https:\/\/www.forum-soegel.de\/information\/wp-json\/wp\/v2\/types\/post"}],"author":[{"embeddable":true,"href":"https:\/\/www.forum-soegel.de\/information\/wp-json\/wp\/v2\/users\/2"}],"replies":[{"embeddable":true,"href":"https:\/\/www.forum-soegel.de\/information\/wp-json\/wp\/v2\/comments?post=40187"}],"version-history":[{"count":1,"href":"https:\/\/www.forum-soegel.de\/information\/wp-json\/wp\/v2\/posts\/40187\/revisions"}],"predecessor-version":[{"id":40189,"href":"https:\/\/www.forum-soegel.de\/information\/wp-json\/wp\/v2\/posts\/40187\/revisions\/40189"}],"wp:attachment":[{"href":"https:\/\/www.forum-soegel.de\/information\/wp-json\/wp\/v2\/media?parent=40187"}],"wp:term":[{"taxonomy":"category","embeddable":true,"href":"https:\/\/www.forum-soegel.de\/information\/wp-json\/wp\/v2\/categories?post=40187"},{"taxonomy":"post_tag","embeddable":true,"href":"https:\/\/www.forum-soegel.de\/information\/wp-json\/wp\/v2\/tags?post=40187"}],"curies":[{"name":"wp","href":"https:\/\/api.w.org\/{rel}","templated":true}]}}