{"id":40184,"date":"2025-10-26T17:21:17","date_gmt":"2025-10-26T16:21:17","guid":{"rendered":"https:\/\/www.forum-soegel.de\/information\/?p=40184"},"modified":"2025-10-26T17:21:17","modified_gmt":"2025-10-26T16:21:17","slug":"lehrer-in-den-ruhestand-verabschiedet","status":"publish","type":"post","link":"https:\/\/www.forum-soegel.de\/information\/2025\/10\/lehrer-in-den-ruhestand-verabschiedet\/","title":{"rendered":"Lehrer in den Ruhestand verabschiedet"},"content":{"rendered":"<div class=\"wp-block-image\">\n<figure data-wp-context=\"{&quot;imageId&quot;:&quot;69f54cf1c01de&quot;}\" data-wp-interactive=\"core\/image\" data-wp-key=\"69f54cf1c01de\" class=\"alignleft size-large is-resized wp-lightbox-container\"><img loading=\"lazy\" decoding=\"async\" width=\"778\" height=\"1024\" data-wp-class--hide=\"state.isContentHidden\" data-wp-class--show=\"state.isContentVisible\" data-wp-init=\"callbacks.setButtonStyles\" data-wp-on--click=\"actions.showLightbox\" data-wp-on--load=\"callbacks.setButtonStyles\" data-wp-on-window--resize=\"callbacks.setButtonStyles\" src=\"https:\/\/www.forum-soegel.de\/information\/wp-content\/uploads\/2025\/10\/Lehrer-in-den-Ruhestand-verabschiedet-778x1024.jpg\" alt=\"\" class=\"wp-image-40185\" style=\"width:112px;height:auto\" srcset=\"https:\/\/www.forum-soegel.de\/information\/wp-content\/uploads\/2025\/10\/Lehrer-in-den-Ruhestand-verabschiedet-778x1024.jpg 778w, https:\/\/www.forum-soegel.de\/information\/wp-content\/uploads\/2025\/10\/Lehrer-in-den-Ruhestand-verabschiedet-228x300.jpg 228w, https:\/\/www.forum-soegel.de\/information\/wp-content\/uploads\/2025\/10\/Lehrer-in-den-Ruhestand-verabschiedet-768x1010.jpg 768w, https:\/\/www.forum-soegel.de\/information\/wp-content\/uploads\/2025\/10\/Lehrer-in-den-Ruhestand-verabschiedet-1168x1536.jpg 1168w, https:\/\/www.forum-soegel.de\/information\/wp-content\/uploads\/2025\/10\/Lehrer-in-den-Ruhestand-verabschiedet.jpg 1179w\" sizes=\"auto, (max-width: 778px) 100vw, 778px\" \/><button\n\t\t\tclass=\"lightbox-trigger\"\n\t\t\ttype=\"button\"\n\t\t\taria-haspopup=\"dialog\"\n\t\t\taria-label=\"Vergr\u00f6\u00dfern\"\n\t\t\tdata-wp-init=\"callbacks.initTriggerButton\"\n\t\t\tdata-wp-on--click=\"actions.showLightbox\"\n\t\t\tdata-wp-style--right=\"state.imageButtonRight\"\n\t\t\tdata-wp-style--top=\"state.imageButtonTop\"\n\t\t>\n\t\t\t<svg xmlns=\"http:\/\/www.w3.org\/2000\/svg\" width=\"12\" height=\"12\" fill=\"none\" viewBox=\"0 0 12 12\">\n\t\t\t\t<path fill=\"#fff\" d=\"M2 0a2 2 0 0 0-2 2v2h1.5V2a.5.5 0 0 1 .5-.5h2V0H2Zm2 10.5H2a.5.5 0 0 1-.5-.5V8H0v2a2 2 0 0 0 2 2h2v-1.5ZM8 12v-1.5h2a.5.5 0 0 0 .5-.5V8H12v2a2 2 0 0 1-2 2H8Zm2-12a2 2 0 0 1 2 2v2h-1.5V2a.5.5 0 0 0-.5-.5H8V0h2Z\" \/>\n\t\t\t<\/svg>\n\t\t<\/button><\/figure>\n<\/div>\n\n\n<p>S\u00f6gel &#8211; Mit Josef B\u00f6ning ist zum Schuljahresende an der Oberschule S\u00f6gel ein Lehrer in den Ruhestand verabschiedet worden, der seinen Weg an der Bernhardschule begann und 2009 zur Schule am Schlo\u00df f\u00fchrte. In all diesen Jahren hat Josef B\u00f6ning Generationen von Sch\u00fclerinnen und Sch\u00fclern begleitet, gef\u00f6rdert und oftmals bis zum Schulabschluss gef\u00fchrt. Neben dem Unterrichten von Deutsch, Religion&nbsp;und naturwissenschaftlichen F\u00e4chern, pr\u00e4gten ihn Gespr\u00e4che mit Eltern, Konferenzen, Projekte, Ausfl\u00fcge und Klassenfahrten. Josef B\u00f6ning hat dieses \u2013 36 Jahre lang \u2013 mit Geduld, Humor, Konsequenz und gro\u00dfem Herz durchgef\u00fchrt. Das gesamte Kollegium und Team der Schule am Schlo\u00df in S\u00f6gel w\u00fcnscht Josef B\u00f6ning alles Gute f\u00fcr seinen neuen Lebensabschnitt und dankt ihm f\u00fcr alles, was er f\u00fcr die Schule und besonders f\u00fcr die Sch\u00fclerinnen und Sch\u00fcler geleistet hat.<\/p>\n\n\n\n<p>Text\/Foto: Oberschule S\u00f6gel \u2013 Schule am Schlo\u00df<\/p>\n","protected":false},"excerpt":{"rendered":"S\u00f6gel &#8211; Mit Josef B\u00f6ning ist zum Schuljahresende an der Oberschule S\u00f6gel ein Lehrer in den Ruhestand verabschiedet worden, der seinen Weg an der Bernhardschule begann und 2009 zur Schule am Schlo\u00df f\u00fchrte. In all diesen Jahren hat Josef B\u00f6ning Generationen von Sch\u00fclerinnen und Sch\u00fclern begleitet, gef\u00f6rdert und oftmals bis zum Schulabschluss gef\u00fchrt. Neben dem [&hellip;]\n","protected":false},"author":2,"featured_media":0,"comment_status":"closed","ping_status":"closed","sticky":false,"template":"","format":"standard","meta":{"ngg_post_thumbnail":0,"footnotes":""},"categories":[6],"tags":[],"class_list":["post-40184","post","type-post","status-publish","format-standard","hentry","category-aus-der-schule-geplaudert"],"_links":{"self":[{"href":"https:\/\/www.forum-soegel.de\/information\/wp-json\/wp\/v2\/posts\/40184","targetHints":{"allow":["GET"]}}],"collection":[{"href":"https:\/\/www.forum-soegel.de\/information\/wp-json\/wp\/v2\/posts"}],"about":[{"href":"https:\/\/www.forum-soegel.de\/information\/wp-json\/wp\/v2\/types\/post"}],"author":[{"embeddable":true,"href":"https:\/\/www.forum-soegel.de\/information\/wp-json\/wp\/v2\/users\/2"}],"replies":[{"embeddable":true,"href":"https:\/\/www.forum-soegel.de\/information\/wp-json\/wp\/v2\/comments?post=40184"}],"version-history":[{"count":1,"href":"https:\/\/www.forum-soegel.de\/information\/wp-json\/wp\/v2\/posts\/40184\/revisions"}],"predecessor-version":[{"id":40186,"href":"https:\/\/www.forum-soegel.de\/information\/wp-json\/wp\/v2\/posts\/40184\/revisions\/40186"}],"wp:attachment":[{"href":"https:\/\/www.forum-soegel.de\/information\/wp-json\/wp\/v2\/media?parent=40184"}],"wp:term":[{"taxonomy":"category","embeddable":true,"href":"https:\/\/www.forum-soegel.de\/information\/wp-json\/wp\/v2\/categories?post=40184"},{"taxonomy":"post_tag","embeddable":true,"href":"https:\/\/www.forum-soegel.de\/information\/wp-json\/wp\/v2\/tags?post=40184"}],"curies":[{"name":"wp","href":"https:\/\/api.w.org\/{rel}","templated":true}]}}